{"id":111650,"date":"2025-10-15T11:13:14","date_gmt":"2025-10-15T11:13:14","guid":{"rendered":"https:\/\/www.europesays.com\/pt\/111650\/"},"modified":"2025-10-15T11:13:14","modified_gmt":"2025-10-15T11:13:14","slug":"estas-sete-profissoes-nao-vao-ser-substituidas-pela-inteligencia-artificial-human-resources","status":"publish","type":"post","link":"https:\/\/www.europesays.com\/pt\/111650\/","title":{"rendered":"Estas sete profiss\u00f5es n\u00e3o v\u00e3o ser substitu\u00eddas pela Intelig\u00eancia Artificial \u2013 Human Resources"},"content":{"rendered":"\n<p>Estas sete profiss\u00f5es n\u00e3o v\u00e3o ser substitu\u00eddas pela Intelig\u00eancia Artificial \u2013 Human Resources<\/p>\n<ul class=\"bf-breadcrumb-items\" itemscope=\"\" itemtype=\"http:\/\/schema.org\/BreadcrumbList\">\n<li itemprop=\"itemListElement\" itemscope=\"\" itemtype=\"http:\/\/schema.org\/ListItem\" class=\"bf-breadcrumb-item bf-breadcrumb-begin\"><a itemprop=\"item\" href=\"https:\/\/hrportugal.sapo.pt\" rel=\"home nofollow noopener\" target=\"_blank\">Home<\/a><\/li>\n<li itemprop=\"itemListElement\" itemscope=\"\" itemtype=\"http:\/\/schema.org\/ListItem\" class=\"bf-breadcrumb-item\"><a itemprop=\"item\" href=\"https:\/\/hrportugal.sapo.pt\/categoria\/noticias\/\" rel=\"nofollow noopener\" target=\"_blank\">Not\u00edcias<\/a><\/li>\n<li itemprop=\"itemListElement\" itemscope=\"\" itemtype=\"http:\/\/schema.org\/ListItem\" class=\"bf-breadcrumb-item\"><a itemprop=\"item\" href=\"https:\/\/hrportugal.sapo.pt\/categoria\/noticias\/dicas\/\" rel=\"nofollow noopener\" target=\"_blank\">Dicas<\/a><\/li>\n<li itemprop=\"itemListElement\" itemscope=\"\" itemtype=\"http:\/\/schema.org\/ListItem\" class=\"bf-breadcrumb-item bf-breadcrumb-end\">Estas sete profiss\u00f5es n\u00e3o v\u00e3o ser substitu\u00eddas pela Intelig\u00eancia Artificial<\/li>\n<\/ul>\n","protected":false},"excerpt":{"rendered":"Estas sete profiss\u00f5es n\u00e3o v\u00e3o ser substitu\u00eddas pela Intelig\u00eancia Artificial \u2013 Human Resources Home Not\u00edcias Dicas Estas sete&hellip;\n","protected":false},"author":2,"featured_media":60897,"comment_status":"","ping_status":"","sticky":false,"template":"","format":"standard","meta":{"footnotes":""},"categories":[83],"tags":[88,89,90,82,32,1350,33],"class_list":{"0":"post-111650","1":"post","2":"type-post","3":"status-publish","4":"format-standard","5":"has-post-thumbnail","7":"category-empresas","8":"tag-business","9":"tag-economy","10":"tag-empresas","11":"tag-internacional","12":"tag-portugal","13":"tag-profissoes","14":"tag-pt"},"share_on_mastodon":{"url":"","error":""},"_links":{"self":[{"href":"https:\/\/www.europesays.com\/pt\/wp-json\/wp\/v2\/posts\/111650","targetHints":{"allow":["GET"]}}],"collection":[{"href":"https:\/\/www.europesays.com\/pt\/wp-json\/wp\/v2\/posts"}],"about":[{"href":"https:\/\/www.europesays.com\/pt\/wp-json\/wp\/v2\/types\/post"}],"author":[{"embeddable":true,"href":"https:\/\/www.europesays.com\/pt\/wp-json\/wp\/v2\/users\/2"}],"replies":[{"embeddable":true,"href":"https:\/\/www.europesays.com\/pt\/wp-json\/wp\/v2\/comments?post=111650"}],"version-history":[{"count":0,"href":"https:\/\/www.europesays.com\/pt\/wp-json\/wp\/v2\/posts\/111650\/revisions"}],"wp:featuredmedia":[{"embeddable":true,"href":"https:\/\/www.europesays.com\/pt\/wp-json\/wp\/v2\/media\/60897"}],"wp:attachment":[{"href":"https:\/\/www.europesays.com\/pt\/wp-json\/wp\/v2\/media?parent=111650"}],"wp:term":[{"taxonomy":"category","embeddable":true,"href":"https:\/\/www.europesays.com\/pt\/wp-json\/wp\/v2\/categories?post=111650"},{"taxonomy":"post_tag","embeddable":true,"href":"https:\/\/www.europesays.com\/pt\/wp-json\/wp\/v2\/tags?post=111650"}],"curies":[{"name":"wp","href":"https:\/\/api.w.org\/{rel}","templated":true}]}}