{"id":111651,"date":"2025-10-15T11:14:12","date_gmt":"2025-10-15T11:14:12","guid":{"rendered":"https:\/\/www.europesays.com\/pt\/111651\/"},"modified":"2025-10-15T11:14:12","modified_gmt":"2025-10-15T11:14:12","slug":"mais-seis-mortos-em-ataque-dos-eua-a-navio-venezuelano-suspeito-de-narcotrafico","status":"publish","type":"post","link":"https:\/\/www.europesays.com\/pt\/111651\/","title":{"rendered":"Mais seis mortos em ataque dos EUA a navio venezuelano suspeito de narcotr\u00e1fico"},"content":{"rendered":"<p>Numa publica\u00e7\u00e3o nas redes sociais, Trump disse que o secret\u00e1rio da Defesa, Pete Hegseth, ordenou o ataque de hoje em \u00e1guas internacionais, visando uma embarca\u00e7\u00e3o que os servi\u00e7os de informa\u00e7\u00f5es confirmaram que traficava narc\u00f3ticos, estava associada a &#8220;redes narcoterroristas&#8221; e seguia uma rota conhecida de tr\u00e1fico.<\/p>\n<p data-remotead-prev-elm=\"true\" data-remotead-elm-id=\"inread\">O presidente norte-americano acompanhou a publica\u00e7\u00e3o com um v\u00eddeo do ataque mortal nas Cara\u00edbas, como j\u00e1 tinha feito nos quatro anteriores.<\/p>\n<p data-remotead-prev-elm=\"true\" data-remotead-elm-id=\"centro1\">A administra\u00e7\u00e3o Trump afirmou estar a tratar os alegados traficantes de droga como combatentes ilegais que devem ser enfrentados com for\u00e7a militar.<\/p>\n<p>No Congresso, os democratas alegam que os ataques violam o direito norte-americano e a legisla\u00e7\u00e3o internacional e alguns congressistas republicanos t\u00eam procurado mais informa\u00e7\u00f5es junto da Casa Branca sobre a justifica\u00e7\u00e3o legal e os detalhes dos ataques.<\/p>\n<p data-remotead-prev-elm=\"true\" data-remotead-elm-id=\"centro2\">Uma resolu\u00e7\u00e3o sobre os poderes de guerra que teria impedido a administra\u00e7\u00e3o Trump de realizar ataques sem que o Congresso os autorizasse especificamente, chumbou no Senado na semana passada.<\/p>\n<p>Num memorando ao Congresso obtido pela Associated Press, a administra\u00e7\u00e3o Trump afirmou ter &#8220;determinado que os Estados Unidos est\u00e3o num conflito armado n\u00e3o internacional com estas organiza\u00e7\u00f5es designadas terroristas&#8221;.<\/p>\n<p data-remotead-prev-elm=\"true\" data-remotead-elm-id=\"centro3\">Trump instruiu o Pent\u00e1gono para &#8220;conduzir opera\u00e7\u00f5es contra elas de acordo com a lei dos conflitos armados&#8221;, refere o documento.<\/p>\n<p>A administra\u00e7\u00e3o Trump ainda n\u00e3o apresentou aos legisladores provas de que os barcos alvejados na s\u00e9rie de ataques fatais transportavam, de facto, narc\u00f3ticos, de acordo com duas autoridades norte-americanas familiarizadas com o assunto, que falaram \u00e0 AP sob anonimato.<\/p>\n<p data-remotead-prev-elm=\"true\" data-remotead-elm-id=\"centro4\">Os ataques ocorreram ap\u00f3s um aumento da presen\u00e7a das for\u00e7as mar\u00edtimas norte-americanas nas Cara\u00edbas, sem precedentes nos \u00faltimos anos, incluindo submarinos nucleares, lan\u00e7a-m\u00edsseis e avi\u00f5es de combate de \u00faltima gera\u00e7\u00e3o.<\/p>\n<p>Na semana passada, o ministro da Defesa venezuelano, Vladimir Padrino, disse aos l\u00edderes militares que o Governo norte-americano quer &#8220;for\u00e7ar uma mudan\u00e7a de regime&#8221; no pa\u00eds sul-americano.<\/p>\n<p data-remotead-prev-elm=\"true\" data-remotead-elm-id=\"centro5\">Acrescentou que o Governo venezuelano n\u00e3o v\u00ea o envio de navios de guerra norte-americanos como uma mera &#8220;a\u00e7\u00e3o de propaganda&#8221; e alertou para uma poss\u00edvel escalada.<\/p>\n<p>&#8220;Quero alertar a popula\u00e7\u00e3o: precisamos de nos preparar porque a irracionalidade com que o imp\u00e9rio americano opera n\u00e3o \u00e9 normal&#8221;, disse Padrino na televis\u00e3o venezuelana.<\/p>\n<p data-remotead-prev-elm=\"true\" data-remotead-elm-id=\"centro6\">A Assembleia Nacional (AN, parlamento) venezuelana aprovou na sexta-feira o Projeto de Lei dos Comandos para a Defesa na \u00cdntegra da Venezuela, que tem como objetivo &#8220;integrar&#8221; o poder militar, policial e a sociedade perante &#8220;as amea\u00e7as&#8221; dos Estados Unidos.<\/p>\n<p>Trump identificou os alvos dos ataques norte-americanos como membros do cartel Tren de Aragua, um grupo criminoso venezuelano estabelecido em v\u00e1rios pa\u00edses e classificado por Washington como organiza\u00e7\u00e3o terrorista.<\/p>\n<p>Washington acusa o Presidente venezuelano, Nicol\u00e1s Maduro, de liderar uma rede de narcotr\u00e1fico e recentemente aumentou para 50 milh\u00f5es de d\u00f3lares a recompensa pela sua captura.<\/p>\n<p>Maduro negou qualquer liga\u00e7\u00e3o com o tr\u00e1fico de droga.<\/p>\n","protected":false},"excerpt":{"rendered":"Numa publica\u00e7\u00e3o nas redes sociais, Trump disse que o secret\u00e1rio da Defesa, Pete Hegseth, ordenou o ataque de&hellip;\n","protected":false},"author":2,"featured_media":111652,"comment_status":"","ping_status":"","sticky":false,"template":"","format":"standard","meta":{"footnotes":""},"categories":[50],"tags":[27,28,413,15,16,14,25,26,21,22,62,7808,12,13,19,20,23,24,17,18,29,30,31,3023,63,64,65],"class_list":{"0":"post-111651","1":"post","2":"type-post","3":"status-publish","4":"format-standard","5":"has-post-thumbnail","7":"category-mundo","8":"tag-breaking-news","9":"tag-breakingnews","10":"tag-eua","11":"tag-featured-news","12":"tag-featurednews","13":"tag-headlines","14":"tag-latest-news","15":"tag-latestnews","16":"tag-main-news","17":"tag-mainnews","18":"tag-mundo","19":"tag-narcotrafico","20":"tag-news","21":"tag-noticias","22":"tag-noticias-principais","23":"tag-noticiasprincipais","24":"tag-principais-noticias","25":"tag-principaisnoticias","26":"tag-top-stories","27":"tag-topstories","28":"tag-ultimas","29":"tag-ultimas-noticias","30":"tag-ultimasnoticias","31":"tag-venezuela","32":"tag-world","33":"tag-world-news","34":"tag-worldnews"},"share_on_mastodon":{"url":"","error":""},"_links":{"self":[{"href":"https:\/\/www.europesays.com\/pt\/wp-json\/wp\/v2\/posts\/111651","targetHints":{"allow":["GET"]}}],"collection":[{"href":"https:\/\/www.europesays.com\/pt\/wp-json\/wp\/v2\/posts"}],"about":[{"href":"https:\/\/www.europesays.com\/pt\/wp-json\/wp\/v2\/types\/post"}],"author":[{"embeddable":true,"href":"https:\/\/www.europesays.com\/pt\/wp-json\/wp\/v2\/users\/2"}],"replies":[{"embeddable":true,"href":"https:\/\/www.europesays.com\/pt\/wp-json\/wp\/v2\/comments?post=111651"}],"version-history":[{"count":0,"href":"https:\/\/www.europesays.com\/pt\/wp-json\/wp\/v2\/posts\/111651\/revisions"}],"wp:featuredmedia":[{"embeddable":true,"href":"https:\/\/www.europesays.com\/pt\/wp-json\/wp\/v2\/media\/111652"}],"wp:attachment":[{"href":"https:\/\/www.europesays.com\/pt\/wp-json\/wp\/v2\/media?parent=111651"}],"wp:term":[{"taxonomy":"category","embeddable":true,"href":"https:\/\/www.europesays.com\/pt\/wp-json\/wp\/v2\/categories?post=111651"},{"taxonomy":"post_tag","embeddable":true,"href":"https:\/\/www.europesays.com\/pt\/wp-json\/wp\/v2\/tags?post=111651"}],"curies":[{"name":"wp","href":"https:\/\/api.w.org\/{rel}","templated":true}]}}