{"id":111660,"date":"2025-10-15T11:35:20","date_gmt":"2025-10-15T11:35:20","guid":{"rendered":"https:\/\/www.europesays.com\/pt\/111660\/"},"modified":"2025-10-15T11:35:20","modified_gmt":"2025-10-15T11:35:20","slug":"virginia-toma-decisao-apos-termino-polemico-com-vini-jr-entenda","status":"publish","type":"post","link":"https:\/\/www.europesays.com\/pt\/111660\/","title":{"rendered":"Virginia toma decis\u00e3o ap\u00f3s &#8216;t\u00e9rmino&#8217; pol\u00eamico com Vini Jr; entenda"},"content":{"rendered":"<p class=\"w-full text-lg font-krub text-gray-500 leading-30\">Segundo o \u201cPortal L\u00e9o Dias\u201d, <strong class=\"font-bold\">Virginia Fonseca<\/strong> est\u00e1 com viagem marcada para encontrar <strong class=\"font-bold\">Vini Jr<\/strong> em Madri, no final de outubro. Desta vez, a influenciadora estar\u00e1 acompanhada de toda a fam\u00edlia, incluindo os filhos: Maria Alice, Maria Flor e Jos\u00e9 Leonardo. Depois da visita \u00e0 Europa, eles seguir\u00e3o para Dubai, nos Emirados \u00c1rabes.<\/p>\n<p>continua ap\u00f3s a publicidade<\/p>\n<p class=\"w-full text-lg font-krub text-gray-500 leading-30\"><strong class=\"font-bold\"><a href=\"https:\/\/www.lance.com.br\/fora-de-campo\/vini-jr-e-virginia-relembre-momentos-do-affair-entre-jogador-e-influenciadora.html\" class=\"font-bold break-normal hover:underline\" style=\"color:var(--green-lance)\" rel=\"nofollow noopener\" target=\"_blank\">\u27a1\ufe0fVini Jr e Virginia: saiba como come\u00e7ou e como terminou a rela\u00e7\u00e3o entre os dois<\/a><\/strong><\/p>\n<p class=\"w-full text-lg font-krub text-gray-500 leading-30\">Ainda de acordo com o portal, a viagem est\u00e1 marcada para o pr\u00f3ximo dia 24 de outubro. At\u00e9 o momento, Virginia se encontrou com Vinicius Jr na Espanha em tr\u00eas oportunidades. No entanto, o affair entre eles passou por uma turbul\u00eancia ap\u00f3s o vazamento de conversas do jogador com outras mulheres. Dias depois, ele pediu desculpas publicamente e enviou flores e uma carta \u00e0 influenciadora.<\/p>\n<p class=\"w-full text-lg font-krub text-gray-500 leading-30\">No \u00faltimo final de semana, <strong class=\"font-bold\"><a href=\"https:\/\/www.lance.com.br\/fora-de-campo\/virginia-quebra-o-silencio-e-revela-se-daria-uma-segunda-chance-para-vini-jr.html\" class=\"font-bold break-normal hover:underline\" style=\"color:var(--green-lance)\" rel=\"nofollow noopener\" target=\"_blank\">Virginia confirmou que estava disposta a dar uma segunda chance ao craque<\/a><\/strong> do <strong class=\"font-bold\"><a href=\"https:\/\/www.lance.com.br\/futebol-internacional\/real-madrid\" class=\"font-bold break-normal hover:underline\" style=\"color:var(--green-lance)\" rel=\"nofollow noopener\" target=\"_blank\">Real Madrid<\/a><\/strong>. Em meio as pol\u00eamicas envolvendo o casal, a influenciadora elogiou o pedido de desculpas de Vini Jr.<\/p>\n<p>continua ap\u00f3s a publicidade<\/p>\n<p class=\"w-full text-lg font-krub text-gray-500 leading-30\">\u27a1\ufe0f<strong class=\"font-bold\"><a href=\"https:\/\/www.lance.com.br\/fora-de-campo\/vini-jr-curte-foto-de-virginia-e-agita-web-em-meio-a-rumores-de-reconciliacao.html\" class=\"font-bold break-normal hover:underline\" style=\"color:var(--green-lance)\" rel=\"nofollow noopener\" target=\"_blank\">Vini Jr curte foto de Virginia e agita web em meio a rumores de reconcilia\u00e7\u00e3o<\/a><\/strong><\/p>\n<p>In\u00edcio do relacionamento entre Vini Jr e Virginia<\/p>\n<p class=\"w-full text-lg font-krub text-gray-500 leading-30\">Os primeiros contatos entre Virginia e Vini Jr aconteceram pelo Instagram em julho deste ano. O primeiro encontro presencial ocorreu durante a festa de anivers\u00e1rio de 25 anos do atleta, realizada no Rio de Janeiro em 19 de julho. A pr\u00f3pria influenciadora mencionou que &#8220;acha&#8221; que come\u00e7ou a ficar com o jogador em setembro.<\/p>\n<p><img alt=\"Virginia Fonseca tomou decis\u00e3o sobre relacionamento com Vini Jr (Foto: Reprodu\u00e7\u00e3o\/Instagram)\" loading=\"lazy\" width=\"850\" height=\"530\" decoding=\"async\" data-nimg=\"1\" class=\"w-full rounded-lg\" style=\"color:transparent\" src=\"https:\/\/www.europesays.com\/pt\/wp-content\/uploads\/2025\/10\/Virginia-Fonseca.png\"\/>Virginia Fonseca tomou decis\u00e3o sobre relacionamento com Vini Jr (Foto: Reprodu\u00e7\u00e3o\/Instagram)<\/p>\n<p class=\"w-full text-lg font-krub text-gray-500 leading-30\">Diante da rela\u00e7\u00e3o, os f\u00e3s do jogador e da influenciadora apelidaram o romance como &#8220;Vivini&#8221;. Os encontros do casal aconteceram principalmente em Madri, onde o jogador possui uma mans\u00e3o avaliada em R$ 45 milh\u00f5es, al\u00e9m de Marbella e Rio de Janeiro.<\/p>\n<p>continua ap\u00f3s a publicidade<\/p>\n<p class=\"w-full text-lg font-krub text-gray-500 leading-30\"><strong class=\"font-bold\"><a href=\"https:\/\/whatsapp.com\/channel\/0029Va7p95rBfxoAiHM8Ob0m?utm_source=cta&amp;utm_medium=whatsappforadecampo&amp;utm_id=whatsapp\" class=\"font-bold break-normal hover:underline\" style=\"color:var(--green-lance)\" target=\"_blank\" rel=\"nofollow noopener\">\u27a1\ufe0f Siga o Lance! Fora de Campo no WhatsApp e saiba o que rola fora das 4 linhas<\/a><\/strong><\/p>\n<p>Momentos do casal<\/p>\n<p class=\"w-full text-lg font-krub text-gray-500 leading-30\">De acordo com o jornal &#8220;Extra&#8221;, durante o relacionamento, a influenciadora investiu aproximadamente R$100 mil em passagens e combust\u00edvel para seu jatinho particular, acumulando cerca de 60 horas de voo. Virginia realizou tr\u00eas viagens a Madri, incluindo um deslocamento r\u00e1pido para participar de sua coroa\u00e7\u00e3o como rainha de bateria da Grande Rio em 20 de setembro.<\/p>\n<p class=\"w-full text-lg font-krub text-gray-500 leading-30\">Na primeira viagem, em 1\u00ba de setembro, Virginia utilizou seu jatinho particular para visitar Vini Jr. Nas duas seguintes, em 17 de setembro e 1\u00ba de outubro, optou por voos comerciais na classe executiva. O t\u00e9rmino ocorreu poucos dias depois de Virginia ter assistido a uma partida do Real Madrid vestindo uma camisa autografada pelo jogador.<\/p>\n","protected":false},"excerpt":{"rendered":"Segundo o \u201cPortal L\u00e9o Dias\u201d, Virginia Fonseca est\u00e1 com viagem marcada para encontrar Vini Jr em Madri, no&hellip;\n","protected":false},"author":2,"featured_media":111661,"comment_status":"","ping_status":"","sticky":false,"template":"","format":"standard","meta":{"footnotes":""},"categories":[145],"tags":[211,210,114,115,32,33,2007,3126],"class_list":{"0":"post-111660","1":"post","2":"type-post","3":"status-publish","4":"format-standard","5":"has-post-thumbnail","7":"category-celebridades","8":"tag-celebridades","9":"tag-celebrities","10":"tag-entertainment","11":"tag-entretenimento","12":"tag-portugal","13":"tag-pt","14":"tag-real-madrid","15":"tag-vini-jr"},"share_on_mastodon":{"url":"","error":""},"_links":{"self":[{"href":"https:\/\/www.europesays.com\/pt\/wp-json\/wp\/v2\/posts\/111660","targetHints":{"allow":["GET"]}}],"collection":[{"href":"https:\/\/www.europesays.com\/pt\/wp-json\/wp\/v2\/posts"}],"about":[{"href":"https:\/\/www.europesays.com\/pt\/wp-json\/wp\/v2\/types\/post"}],"author":[{"embeddable":true,"href":"https:\/\/www.europesays.com\/pt\/wp-json\/wp\/v2\/users\/2"}],"replies":[{"embeddable":true,"href":"https:\/\/www.europesays.com\/pt\/wp-json\/wp\/v2\/comments?post=111660"}],"version-history":[{"count":0,"href":"https:\/\/www.europesays.com\/pt\/wp-json\/wp\/v2\/posts\/111660\/revisions"}],"wp:featuredmedia":[{"embeddable":true,"href":"https:\/\/www.europesays.com\/pt\/wp-json\/wp\/v2\/media\/111661"}],"wp:attachment":[{"href":"https:\/\/www.europesays.com\/pt\/wp-json\/wp\/v2\/media?parent=111660"}],"wp:term":[{"taxonomy":"category","embeddable":true,"href":"https:\/\/www.europesays.com\/pt\/wp-json\/wp\/v2\/categories?post=111660"},{"taxonomy":"post_tag","embeddable":true,"href":"https:\/\/www.europesays.com\/pt\/wp-json\/wp\/v2\/tags?post=111660"}],"curies":[{"name":"wp","href":"https:\/\/api.w.org\/{rel}","templated":true}]}}