{"id":111666,"date":"2025-10-15T11:46:16","date_gmt":"2025-10-15T11:46:16","guid":{"rendered":"https:\/\/www.europesays.com\/pt\/111666\/"},"modified":"2025-10-15T11:46:16","modified_gmt":"2025-10-15T11:46:16","slug":"hidrogenio-perdemos-demasiado-tempo-para-agradar-a-europa-observador","status":"publish","type":"post","link":"https:\/\/www.europesays.com\/pt\/111666\/","title":{"rendered":"Hidrog\u00e9nio. &#8220;Perdemos demasiado tempo para agradar \u00e0 Europa&#8221; \u2013 Observador"},"content":{"rendered":"<p>Portugal perdeu \u201cdemasiado tempo e esfor\u00e7o com promessas v\u00e3s de hidrog\u00e9nio\u201d verde e de que seria um produtor desse hidrog\u00e9nio para exportar para outros pa\u00edses para \u201cagradar \u00e0 Europa\u201d. A posi\u00e7\u00e3o foi manifestada pelo secret\u00e1rio de Estado da Energia, durante uma interven\u00e7\u00e3o na comiss\u00e3o parlamentar de ambiente e energia. Jean Barroca justifica esse esfor\u00e7o pela\u00a0for\u00e7a do momento \u2014 a crise energ\u00e9tica que se seguiu \u00e0 invas\u00e3o da Ucr\u00e2nia \u2014 e por \u201cfor\u00e7a da especula\u00e7\u00e3o e do que foi uma vontade pol\u00edtica de alinhar com a Comiss\u00e3o Europeia e \u201ccom a vontade de agradar \u00e0 Europa\u201d.<\/p>\n<p>Para o secret\u00e1rio de Estado, o foco dado ao hidrog\u00e9nio desviou as aten\u00e7\u00f5es do biometano (g\u00e1s produzido a partir de res\u00edduos) e atrasou o desenvolvimento deste g\u00e1s renov\u00e1vel em Portugal. Mais maduro em termos tecnol\u00f3gicos, o biometano pode ser injetado na atual infraestrutura sem exigir grandes investimentos, sendo por isso uma solu\u00e7\u00e3o para substituir o consumo de g\u00e1s natural (de origem f\u00f3ssil) e as emiss\u00f5es.<\/p>\n<p>Para Jean Barroca, transformar o hidrog\u00e9nio num ativo barato e export\u00e1vel \u201cseria o pior dos neg\u00f3cios para n\u00f3s\u201d e at\u00e9 \u201cruinoso\u201d porque se estaria a exportar energia renov\u00e1vel que \u00e9 fundamental para a transi\u00e7\u00e3o energ\u00e9tica da ind\u00fastria nacional.<\/p>\n<p>Sem criticar diretamente a pol\u00edtica energ\u00e9tica seguida pelo Governo socialista, o secret\u00e1rio de Estado da Energia justificou este foco em excesso no hidrog\u00e9nio tamb\u00e9m com a necessidade de aproveitar as verbas do PRR (Plano de Recupera\u00e7\u00e3o e Resili\u00eancia) \u2014 existia muito interesse europeu em financiar esses investimentos, mas alguns projetos de hidrog\u00e9nio foram caindo, obrigando a reprogramar as verbas para outros investimentos.<\/p>\n<p>A ideia de que Portugal (e Espanha) poderiam exportar hidrog\u00e9nio verde barato para a Europa foi tamb\u00e9m<a href=\"https:\/\/observador.pt\/especiais\/chanceler-alemao-pos-portugal-no-mapa-europeu-do-gas-e-faz-pressao-sobre-a-franca-porque-nao-avancou-ainda-o-gasoduto\/\" rel=\"nofollow noopener\" target=\"_blank\"> alimentada pela Alemanha<\/a> e pelo ent\u00e3o chanceler Olaf Scholz que procurava alternativas ao g\u00e1s natural russo. A press\u00e3o foi tamb\u00e9m colocada sobre a Fran\u00e7a para viabilizar um projeto antigo de interliga\u00e7\u00e3o com a rede de g\u00e1s ib\u00e9rica atrav\u00e9s de um gasoduto que ligasse Sines \u00e0 Alemanha. O resultado foi <a href=\"https:\/\/observador.pt\/especiais\/do-midcat-ao-barmar-o-gasoduto-e-o-acordo-de-2014-que-provocaram-alta-tensao-entre-o-psd-e-o-governo\/#title-1\" rel=\"nofollow noopener\" target=\"_blank\">um acordo a tr\u00eas <\/a>\u2014 Fran\u00e7a, Portugal e Espanha \u2014 para um novo projeto de gasoduto a ligar Espanha e Fran\u00e7a pelo Mediterr\u00e2neo e preparado para transportar num futuro o tal hidrog\u00e9nio verde. O tema suscitou acusa\u00e7\u00f5es cruzadas entre o ent\u00e3o Governo de Ant\u00f3nio Costa e o PSD sobre de quem era a culpa pelo atraso nas interliga\u00e7\u00f5es europeias.<\/p>\n<blockquote class=\"wp-embedded-content\" data-secret=\"MuC4U9k6Sy\">\n<p><a href=\"https:\/\/observador.pt\/especiais\/chanceler-alemao-pos-portugal-no-mapa-europeu-do-gas-e-faz-pressao-sobre-a-franca-porque-nao-avancou-ainda-o-gasoduto\/\" rel=\"nofollow noopener\" target=\"_blank\">Chanceler alem\u00e3o p\u00f4s Portugal no mapa europeu do g\u00e1s e faz press\u00e3o sobre Fran\u00e7a. Porque n\u00e3o avan\u00e7ou ainda o gasoduto?<\/a><\/p>\n<\/blockquote>\n<p>Passada a moda do hidrog\u00e9nio verde, pelo menos no que toca \u00e0 ambi\u00e7\u00e3o de exporta\u00e7\u00e3o, o Parlamento est\u00e1 a discutir os investimentos para a rede de distribui\u00e7\u00e3o do g\u00e1s natural, no \u00e2mbito do qual foi ouvido o secret\u00e1rio de Estado e v\u00e1rios operadores do setor. Jean Barroca apontou para o atraso de v\u00e1rios anos na aprova\u00e7\u00e3o destes planos bianuais. O \u00faltimo aprovado \u00e9 de 2018, durante o primeiro Governo de Ant\u00f3nio Costa e antes da pasta energia passar para o Minist\u00e9rio do Ambiente.<\/p>\n<p>Uma aus\u00eancia prolongada de decis\u00e3o que apresenta v\u00e1rios riscos, desde n\u00e3o permitir uma vis\u00e3o integrada no setor at\u00e9 permitir a estabilidade e previsibilidade para investir.<\/p>\n<p>A consequ\u00eancia \u00e9 que n\u00e3o havia investimentos aprovados para o ano de 2024 e 2025, o que representou riscos para a seguran\u00e7a operacional das redes, obrigando o Governo a aprovar de forma aut\u00f3noma investimentos pontuais. O secret\u00e1rio de Estado da Energia considera que esta \u00e9 a oportunidade para resolver um passivo de planeamento da rede de g\u00e1s.<\/p>\n<p>Mas alerta tamb\u00e9m para o facto dos investimentos propostos acontecerem num contexto de queda de consumos de g\u00e1s natural, o que potencia o impacto deste plano nos pre\u00e7os do g\u00e1s natural. O que recomenda algum conservadorismo e um equil\u00edbrio entre o pre\u00e7o e os investimentos que, para Jean Barroca, se devem focar no setor industrial.<\/p>\n<p>O plano de investimentos nas redes de distribui\u00e7\u00e3o de g\u00e1s entre 2025 e 2029 prop\u00f5e valores de 395 milh\u00f5es de euros, tendo sido alvo de um parecer da Entidade Reguladora dos Servi\u00e7os Energ\u00e9ticos no ano passado onde recomenda uma redu\u00e7\u00e3o dos valores propostos, limitados ao \u201cabsolutamente necess\u00e1rios para que n\u00e3o se tornem num fator de agravamento do risco de sustentabilidade da atividade de distribui\u00e7\u00e3o de g\u00e1s e n\u00e3o venham a constituir um futuro custo afundado\u201d.<\/p>\n<p>A decis\u00e3o final sobre este plano cabe ao Governo, depois da discuss\u00e3o no Parlamento. Para aprova\u00e7\u00e3o est\u00e1 tamb\u00e9m o plano de investimentos na rede alta press\u00e3o do g\u00e1s que teve um parecer da ERSE no final da semana passada que vai tamb\u00e9m no sentido do trav\u00e3o aos valores a investir.<\/p>\n<p><strong>[Apesar da euforia em torno de Freitas, Soares recupera. O debate com Zenha ser\u00e1 decisivo. Quando acabar, nunca mais ser\u00e3o amigos.\u00a0A\u00a0<a href=\"https:\/\/observador.pt\/programas\/a-eleio-mais-louca-de-sempre\/episodio-3-ele-nao-e-meu-irmao\/\" rel=\"nofollow noopener\" target=\"_blank\">\u201cElei\u00e7\u00e3o Mais Louca de Sempre\u201d<\/a>\u00a0\u00e9 o novo Podcast Plus do Observador sobre as Presidenciais de 1986. Uma s\u00e9rie narrada pelo ator Gon\u00e7alo Waddington, com banda sonora original de Samuel \u00daria. Pode ouvir\u00a0<a href=\"https:\/\/observador.pt\/programas\/a-eleio-mais-louca-de-sempre\/episodio-3-ele-nao-e-meu-irmao\/\" target=\"_blank\" rel=\"noopener nofollow\">aqui<\/a>, no\u00a0Observador, e tamb\u00e9m na\u00a0<a href=\"https:\/\/podcasts.apple.com\/pt\/podcast\/epis%C3%B3dio-3-ele-n%C3%A3o-%C3%A9-meu-irm%C3%A3o\/id1841273464?i=1000731696598\" target=\"_blank\" rel=\"noopener nofollow\">Apple Podcasts<\/a>, no\u00a0<a href=\"https:\/\/open.spotify.com\/episode\/46BVbcvVdeR0JAPt0QqY3V?si=66ce21905d6c443c\" target=\"_blank\" rel=\"noopener nofollow\">Spotify<\/a>\u00a0e no\u00a0<a href=\"https:\/\/music.youtube.com\/watch?v=FAhQNHEr5Tc&amp;si=yiJlZG-PAvTSgxsu\" target=\"_blank\" rel=\"noopener nofollow\">Youtube Music<\/a>. E pode ouvir o primeiro epis\u00f3dio\u00a0<a href=\"https:\/\/observador.pt\/programas\/a-eleio-mais-louca-de-sempre\/estreia-a-eleicao-mais-louca-de-sempre-episodio-1-apostamos-no-cavalo-errado\/\" rel=\"nofollow noopener\" target=\"_blank\">aqui<\/a>\u00a0e o segundo\u00a0<a href=\"https:\/\/observador.pt\/programas\/a-eleio-mais-louca-de-sempre\/episodio-2-uma-traicao-inesperada\/\" rel=\"nofollow noopener\" target=\"_blank\">aqui<\/a>]<\/strong><\/p>\n<p><a href=\"https:\/\/observador.pt\/programas\/a-eleio-mais-louca-de-sempre\/episodio-3-ele-nao-e-meu-irmao\/\" rel=\"nofollow noopener\" target=\"_blank\"><\/p>\n<p>        <img src=\"https:\/\/www.europesays.com\/pt\/wp-content\/uploads\/2025\/10\/770-a-eleicao-mais-louca-de-sempre-playicon.png\" alt=\"\" loading=\"lazy\" decoding=\"async\" class=\"alignnone\" onload=\"this.parentElement.classList.remove('spinner')\" onerror=\"this.parentElement.classList.remove('spinner')\" width=\"770\" height=\"433\"\/>    <\/p>\n<p><\/a><\/p>\n","protected":false},"excerpt":{"rendered":"Portugal perdeu \u201cdemasiado tempo e esfor\u00e7o com promessas v\u00e3s de hidrog\u00e9nio\u201d verde e de que seria um produtor&hellip;\n","protected":false},"author":2,"featured_media":111667,"comment_status":"","ping_status":"","sticky":false,"template":"","format":"standard","meta":{"footnotes":""},"categories":[50],"tags":[27,28,476,2270,12701,15,16,20447,14,25,26,21,22,62,12,13,19,20,23,24,17,18,29,30,31,63,64,65],"class_list":{"0":"post-111666","1":"post","2":"type-post","3":"status-publish","4":"format-standard","5":"has-post-thumbnail","7":"category-mundo","8":"tag-breaking-news","9":"tag-breakingnews","10":"tag-economia","11":"tag-energia","12":"tag-energia-renovu00e1vel","13":"tag-featured-news","14":"tag-featurednews","15":"tag-gu00e1s-natural","16":"tag-headlines","17":"tag-latest-news","18":"tag-latestnews","19":"tag-main-news","20":"tag-mainnews","21":"tag-mundo","22":"tag-news","23":"tag-noticias","24":"tag-noticias-principais","25":"tag-noticiasprincipais","26":"tag-principais-noticias","27":"tag-principaisnoticias","28":"tag-top-stories","29":"tag-topstories","30":"tag-ultimas","31":"tag-ultimas-noticias","32":"tag-ultimasnoticias","33":"tag-world","34":"tag-world-news","35":"tag-worldnews"},"share_on_mastodon":{"url":"","error":""},"_links":{"self":[{"href":"https:\/\/www.europesays.com\/pt\/wp-json\/wp\/v2\/posts\/111666","targetHints":{"allow":["GET"]}}],"collection":[{"href":"https:\/\/www.europesays.com\/pt\/wp-json\/wp\/v2\/posts"}],"about":[{"href":"https:\/\/www.europesays.com\/pt\/wp-json\/wp\/v2\/types\/post"}],"author":[{"embeddable":true,"href":"https:\/\/www.europesays.com\/pt\/wp-json\/wp\/v2\/users\/2"}],"replies":[{"embeddable":true,"href":"https:\/\/www.europesays.com\/pt\/wp-json\/wp\/v2\/comments?post=111666"}],"version-history":[{"count":0,"href":"https:\/\/www.europesays.com\/pt\/wp-json\/wp\/v2\/posts\/111666\/revisions"}],"wp:featuredmedia":[{"embeddable":true,"href":"https:\/\/www.europesays.com\/pt\/wp-json\/wp\/v2\/media\/111667"}],"wp:attachment":[{"href":"https:\/\/www.europesays.com\/pt\/wp-json\/wp\/v2\/media?parent=111666"}],"wp:term":[{"taxonomy":"category","embeddable":true,"href":"https:\/\/www.europesays.com\/pt\/wp-json\/wp\/v2\/categories?post=111666"},{"taxonomy":"post_tag","embeddable":true,"href":"https:\/\/www.europesays.com\/pt\/wp-json\/wp\/v2\/tags?post=111666"}],"curies":[{"name":"wp","href":"https:\/\/api.w.org\/{rel}","templated":true}]}}