{"id":111670,"date":"2025-10-15T11:50:09","date_gmt":"2025-10-15T11:50:09","guid":{"rendered":"https:\/\/www.europesays.com\/pt\/111670\/"},"modified":"2025-10-15T11:50:09","modified_gmt":"2025-10-15T11:50:09","slug":"imagem-da-hiena-mais-rara-do-mundo-vence-o-premio-de-fotografo-de-vida-selvagem-do-ano-fotogaleria","status":"publish","type":"post","link":"https:\/\/www.europesays.com\/pt\/111670\/","title":{"rendered":"Imagem da hiena mais rara do mundo vence o pr\u00e9mio de Fot\u00f3grafo de Vida Selvagem do Ano | Fotogaleria"},"content":{"rendered":"<p>A natureza e o espa\u00e7o urbano interagem de uma forma peculiar em Ghost Town Visitor\u00a0(Visitante de uma Cidade Fantasma), fotografia vencedora do concurso Fot\u00f3grafo de Vida Selvagem\u00a0de 2025 \u00a0(<a font-size:=\"\" href=\"https:\/\/www.nhm.ac.uk\/wpy\" new=\"\" style=\"color: rgb(168, 0, 20); border-bottom: 1px solid rgb(202, 202, 202); text-decoration-line: none; font-family: Georgia, \" times=\"\" rel=\"nofollow noopener\" target=\"_blank\">Wildlife\u00a0Photographer\u00a0of\u00a0the\u00a0Year<\/a>). O momento \u00fanico, captado pela lente de Win van den Heever, mostra uma hiena castanha, esp\u00e9cie mais rara de hienas do mundo, a explorar o que resta de uma cidade abandonada.<\/p>\n<p>Foi h\u00e1 cerca de dez anos a primeira vez que o fot\u00f3grafo sul-africano se apercebeu da presen\u00e7a deste animal numa antiga cidade de extrac\u00e7\u00e3o de diamantes h\u00e1 muito ao abandono, em Kolmanskop, na Nam\u00edbia. A fotografia resulta de dez anos de grande determina\u00e7\u00e3o e, sobretudo, paci\u00eancia. \u201c\u00c9 uma vis\u00e3o assombrosa, mas hipnotizante\u201d, comenta.<\/p>\n<p>Para Kathy Moran, presidente do j\u00fari do <a href=\"https:\/\/www.publico.pt\/2025\/02\/05\/p3\/fotogaleria\/simples-texugo-europeu-escolha-p%C3%BAblico-wildlife-photographer-year-413208\" rel=\"nofollow noopener\" target=\"_blank\">Wildlife Photographer of the Year<\/a>, esta fotografia ter sido tirada numa cidade fantasma \u00e9 \u201capropriado\u201d. Acrescenta que \u201cbasta olhar para esta imagem para sentir um arrepio e perceber que estamos no reino desta hiena\u201d.<\/p>\n<p>J\u00e1 para Akanksha Sood Singh, membro do j\u00fari, a imagem \u00e9 \u201cuma justaposi\u00e7\u00e3o assustadora da natureza a recuperar a civiliza\u00e7\u00e3o humana\u201d. E garante que esta fotografia \u00e9 \u201cuma hist\u00f3ria multifacetada de perda, resili\u00eancia e do triunfo silencioso do mundo natural\u201d.<\/p>\n<p>A edi\u00e7\u00e3o deste ano bateu o recorde de imagens submetidas, ultrapassando 60\u00a0600 fotografias submetidas a concurso.<\/p>\n<p>\u00a0<\/p>\n","protected":false},"excerpt":{"rendered":"A natureza e o espa\u00e7o urbano interagem de uma forma peculiar em Ghost Town Visitor\u00a0(Visitante de uma Cidade&hellip;\n","protected":false},"author":2,"featured_media":111671,"comment_status":"","ping_status":"","sticky":false,"template":"","format":"standard","meta":{"footnotes":""},"categories":[144],"tags":[207,205,206,203,201,202,204,114,115,32,33],"class_list":{"0":"post-111670","1":"post","2":"type-post","3":"status-publish","4":"format-standard","5":"has-post-thumbnail","7":"category-arte-e-design","8":"tag-arte","9":"tag-arte-e-design","10":"tag-artedesign","11":"tag-arts","12":"tag-arts-and-design","13":"tag-artsanddesign","14":"tag-design","15":"tag-entertainment","16":"tag-entretenimento","17":"tag-portugal","18":"tag-pt"},"share_on_mastodon":{"url":"","error":""},"_links":{"self":[{"href":"https:\/\/www.europesays.com\/pt\/wp-json\/wp\/v2\/posts\/111670","targetHints":{"allow":["GET"]}}],"collection":[{"href":"https:\/\/www.europesays.com\/pt\/wp-json\/wp\/v2\/posts"}],"about":[{"href":"https:\/\/www.europesays.com\/pt\/wp-json\/wp\/v2\/types\/post"}],"author":[{"embeddable":true,"href":"https:\/\/www.europesays.com\/pt\/wp-json\/wp\/v2\/users\/2"}],"replies":[{"embeddable":true,"href":"https:\/\/www.europesays.com\/pt\/wp-json\/wp\/v2\/comments?post=111670"}],"version-history":[{"count":0,"href":"https:\/\/www.europesays.com\/pt\/wp-json\/wp\/v2\/posts\/111670\/revisions"}],"wp:featuredmedia":[{"embeddable":true,"href":"https:\/\/www.europesays.com\/pt\/wp-json\/wp\/v2\/media\/111671"}],"wp:attachment":[{"href":"https:\/\/www.europesays.com\/pt\/wp-json\/wp\/v2\/media?parent=111670"}],"wp:term":[{"taxonomy":"category","embeddable":true,"href":"https:\/\/www.europesays.com\/pt\/wp-json\/wp\/v2\/categories?post=111670"},{"taxonomy":"post_tag","embeddable":true,"href":"https:\/\/www.europesays.com\/pt\/wp-json\/wp\/v2\/tags?post=111670"}],"curies":[{"name":"wp","href":"https:\/\/api.w.org\/{rel}","templated":true}]}}