{"id":111674,"date":"2025-10-15T11:52:07","date_gmt":"2025-10-15T11:52:07","guid":{"rendered":"https:\/\/www.europesays.com\/pt\/111674\/"},"modified":"2025-10-15T11:52:07","modified_gmt":"2025-10-15T11:52:07","slug":"vem-ai-em-a-protegida-clarice-fica-em-sofrimento-profundo-apos-quase-ter-sido-violada-novelas","status":"publish","type":"post","link":"https:\/\/www.europesays.com\/pt\/111674\/","title":{"rendered":"Vem a\u00ed em \u00abA Protegida\u00bb: Clarice fica em sofrimento profundo ap\u00f3s quase ter sido violada &#8211; Novelas"},"content":{"rendered":"<p>Em \u00abA Protegida\u00bb, <a href=\"https:\/\/tvi.iol.pt\/novelas\/ator\/jorge-azevedo\/67ac8611d34e3f0bae9a5724\" wbo-id=\"54\" rel=\"nofollow noopener\" target=\"_blank\">Jorge (Paulo Pires<\/a>) diz aos filhos que hoje dorme ali em casa e que n\u00e3o \u00e9 por estar separado de <a href=\"https:\/\/tvi.iol.pt\/novelas\/ator\/clarice-azevedo\/67ac86eed34e3f0bae9a5732\" rel=\"nofollow noopener\" target=\"_blank\">Clarice (Fernanda Serrano)<\/a>, que n\u00e3o se preocupa com ela. Jorge diz que foi atr\u00e1s de Duarte (Gon\u00e7alo Braga), mas n\u00e3o o encontrou. <a href=\"https:\/\/tvi.iol.pt\/novelas\/videos\/clarice-emociona-se-ao-saber-que-e-avo-e-monica-chora\/68a5eb840cf216cd3ad3a1c1\" target=\"_blank\" rel=\"nofollow noopener\">M\u00f3nica (Catarina Nifo)<\/a>\u00a0compara o que o pai fez, com o que Gon\u00e7alo fez por ela e afirma que se protegem sempre uns aos outros.<\/p>\n<p>Clarice est\u00e1 enfiada na cama, muito perturbada com o que se passou. Jorge tenta reconfort\u00e1-la e diz que j\u00e1 falta pouco para terem a vida que merecem.<\/p>\n<p>Recorde-se como \u00e9 que Duarte come\u00e7ou a aproximar-se de Clarice:<\/p>\n","protected":false},"excerpt":{"rendered":"Em \u00abA Protegida\u00bb, Jorge (Paulo Pires) diz aos filhos que hoje dorme ali em casa e que n\u00e3o&hellip;\n","protected":false},"author":2,"featured_media":111675,"comment_status":"","ping_status":"","sticky":false,"template":"","format":"standard","meta":{"footnotes":""},"categories":[142],"tags":[168,160,7591,166,114,115,1408,157,167,886,164,161,158,883,165,159,32,33,156,163,151,162],"class_list":{"0":"post-111674","1":"post","2":"type-post","3":"status-publish","4":"format-standard","5":"has-post-thumbnail","7":"category-tv","8":"tag-a-protegida","9":"tag-ana-guiomar","10":"tag-clarice","11":"tag-cristina-ferreira","12":"tag-entertainment","13":"tag-entretenimento","14":"tag-fernanda-serrano","15":"tag-festa-e-festa","16":"tag-ficcao","17":"tag-jorge","18":"tag-jose-fidalgo","19":"tag-novelas","20":"tag-para-sempre","21":"tag-paulo-pires","22":"tag-pedro-sousa","23":"tag-pedro-teixeira","24":"tag-portugal","25":"tag-pt","26":"tag-queridos-papas","27":"tag-tiago-teotonio-pereira","28":"tag-tv","29":"tag-tvi"},"share_on_mastodon":{"url":"","error":""},"_links":{"self":[{"href":"https:\/\/www.europesays.com\/pt\/wp-json\/wp\/v2\/posts\/111674","targetHints":{"allow":["GET"]}}],"collection":[{"href":"https:\/\/www.europesays.com\/pt\/wp-json\/wp\/v2\/posts"}],"about":[{"href":"https:\/\/www.europesays.com\/pt\/wp-json\/wp\/v2\/types\/post"}],"author":[{"embeddable":true,"href":"https:\/\/www.europesays.com\/pt\/wp-json\/wp\/v2\/users\/2"}],"replies":[{"embeddable":true,"href":"https:\/\/www.europesays.com\/pt\/wp-json\/wp\/v2\/comments?post=111674"}],"version-history":[{"count":0,"href":"https:\/\/www.europesays.com\/pt\/wp-json\/wp\/v2\/posts\/111674\/revisions"}],"wp:featuredmedia":[{"embeddable":true,"href":"https:\/\/www.europesays.com\/pt\/wp-json\/wp\/v2\/media\/111675"}],"wp:attachment":[{"href":"https:\/\/www.europesays.com\/pt\/wp-json\/wp\/v2\/media?parent=111674"}],"wp:term":[{"taxonomy":"category","embeddable":true,"href":"https:\/\/www.europesays.com\/pt\/wp-json\/wp\/v2\/categories?post=111674"},{"taxonomy":"post_tag","embeddable":true,"href":"https:\/\/www.europesays.com\/pt\/wp-json\/wp\/v2\/tags?post=111674"}],"curies":[{"name":"wp","href":"https:\/\/api.w.org\/{rel}","templated":true}]}}