{"id":111678,"date":"2025-10-15T12:00:33","date_gmt":"2025-10-15T12:00:33","guid":{"rendered":"https:\/\/www.europesays.com\/pt\/111678\/"},"modified":"2025-10-15T12:00:33","modified_gmt":"2025-10-15T12:00:33","slug":"militares-tomam-poder-apos-destituicao-do-presidente-observador","status":"publish","type":"post","link":"https:\/\/www.europesays.com\/pt\/111678\/","title":{"rendered":"Militares tomam poder ap\u00f3s destitui\u00e7\u00e3o do Presidente \u2013 Observador"},"content":{"rendered":"<p>A unidade militar que se juntou ao movimento de protesto contra o Presidente malgaxe, Andry Rajoelina, em Madag\u00e1scar, anunciou esta ter\u00e7a-feira, logo ap\u00f3s a vota\u00e7\u00e3o da Assembleia Nacional que destituiu o chefe de Estado, que \u201ctomar\u00e1 o poder\u201d.<\/p>\n<p><strong>\u201cVamos tomar o poder a partir de hoje e dissolver o Senado e o Supremo Tribunal Constitucional. A Assembleia Nacional continuar\u00e1 a funcionar\u201d,<\/strong> afirmou o coronel <strong>Michael Randrianirina<\/strong> em frente ao pal\u00e1cio presidencial, no centro da capital malgaxe.<\/p>\n<p>Contestado nas ruas e com paradeiro desconhecido, <strong>Andry Rajoelina,<\/strong> que esta ter\u00e7a-feira dissolveu a Assembleia, <strong>denunciou, durante a vota\u00e7\u00e3o, que a sess\u00e3o de destitui\u00e7\u00e3o n\u00e3o possui \u201cqualquer base legal\u201d.<\/strong><\/p>\n<p>Tendo fugido do pa\u00eds num avi\u00e3o militar franc\u00eas no domingo, segundo a r\u00e1dio francesa RFI, Rajoelina chegou ao poder pela primeira vez em 2009, designado pelos militares ap\u00f3s uma revolta popular.<\/p>\n<p>O Corpo de Administra\u00e7\u00e3o de Pessoal e Servi\u00e7os do Ex\u00e9rcito Terrestre (CAPSAT), unidade militar que desempenhou um papel importante no golpe de Estado de 2009, inverteu o equil\u00edbrio de for\u00e7as ao juntar-se, no s\u00e1bado, \u00e0s manifesta\u00e7\u00f5es que come\u00e7aram a 25 de setembro.<\/p>\n<p>Os seus oficiais apelaram \u00e0s for\u00e7as de seguran\u00e7a para que \u201cse recusassem a disparar\u201d contra os manifestantes, antes de se juntarem a estes no centro da capital.<\/p>\n<p>No total, <strong>130<\/strong> dos <strong>163 deputados,<\/strong> ou seja, mais do que a maioria de dois ter\u00e7os exigida, <strong>votaram esta ter\u00e7a-feira a favor da destitui\u00e7\u00e3o de Andry Rajoelina.<\/strong> Normalmente, esta teria de ser aprovada pelo Supremo Tribunal Constitucional, cuja dissolu\u00e7\u00e3o foi anunciada esta ter\u00e7a-feira pelo coronel Randrianirina.<\/p>\n<p>Rajoelina disse esta ter\u00e7a-feira que vai realizar \u201cv\u00e1rias visitas oficiais previstas a pa\u00edses amigos, membros da SADC [Comunidade de Desenvolvimento da \u00c1frica Austral]\u201d.<\/p>\n<p>Esta ter\u00e7a-feira, milhares de manifestantes voltaram a reunir-se em Antananarivo.<\/p>\n<p>Embora inicialmente tenham surgido para protestar contra os recorrentes cortes de \u00e1gua e eletricidade, as mobiliza\u00e7\u00f5es, impulsionadas pelo movimento \u2018Gen\u00a0Z\u2019 (jovens nascidos entre 1997 e 2012), tornaram-se antigovernamentais e exigiram a demiss\u00e3o de Rajoelina, cuja proposta de di\u00e1logo nacional foi rejeitada pelos organizadores.<\/p>\n<p>O movimento \u2018Gen\u00a0Z\u2019, acompanhado por funcion\u00e1rios p\u00fablicos convocados para a greve por v\u00e1rios sindicatos, \u00e9 inspirado em mobiliza\u00e7\u00f5es juvenis recentes em pa\u00edses como Qu\u00e9nia e Nepal.<\/p>\n<p>Estes protestos s\u00e3o os piores que a ilha do Oceano \u00cdndico vive h\u00e1 anos e o maior desafio que Rajoelina enfrentou desde a sua reelei\u00e7\u00e3o em 2023.<\/p>\n<p>Pelo menos 22 pessoas foram mortas nas manifesta\u00e7\u00f5es e cerca de 100 ficaram feridas, de acordo com um balan\u00e7o da ONU de 29 de setembro.<\/p>\n<p>Madag\u00e1scar, uma ilha com uma popula\u00e7\u00e3o muito pobre, tem uma longa hist\u00f3ria de revoltas populares seguidas pela instaura\u00e7\u00e3o de governos militares de transi\u00e7\u00e3o.<\/p>\n<p>Apesar das riquezas naturais, Madag\u00e1scar continua a ser um dos pa\u00edses mais pobres do mundo e quase 75% da popula\u00e7\u00e3o vivia abaixo do limiar da pobreza em 2022, segundo o Banco Mundial.<\/p>\n<p><strong>[Apesar da euforia em torno de Freitas, Soares recupera. O debate com Zenha ser\u00e1 decisivo. Quando acabar, nunca mais ser\u00e3o amigos.\u00a0A\u00a0<a href=\"https:\/\/observador.pt\/programas\/a-eleio-mais-louca-de-sempre\/episodio-3-ele-nao-e-meu-irmao\/\" rel=\"nofollow noopener\" target=\"_blank\">\u201cElei\u00e7\u00e3o Mais Louca de Sempre\u201d<\/a>\u00a0\u00e9 o novo Podcast Plus do Observador sobre as Presidenciais de 1986. Uma s\u00e9rie narrada pelo ator Gon\u00e7alo Waddington, com banda sonora original de Samuel \u00daria. Pode ouvir\u00a0<a href=\"https:\/\/observador.pt\/programas\/a-eleio-mais-louca-de-sempre\/episodio-3-ele-nao-e-meu-irmao\/\" target=\"_blank\" rel=\"noopener nofollow\">aqui<\/a>, no\u00a0Observador, e tamb\u00e9m na\u00a0<a href=\"https:\/\/podcasts.apple.com\/pt\/podcast\/epis%C3%B3dio-3-ele-n%C3%A3o-%C3%A9-meu-irm%C3%A3o\/id1841273464?i=1000731696598\" target=\"_blank\" rel=\"noopener nofollow\">Apple Podcasts<\/a>, no\u00a0<a href=\"https:\/\/open.spotify.com\/episode\/46BVbcvVdeR0JAPt0QqY3V?si=66ce21905d6c443c\" target=\"_blank\" rel=\"noopener nofollow\">Spotify<\/a>\u00a0e no\u00a0<a href=\"https:\/\/music.youtube.com\/watch?v=FAhQNHEr5Tc&amp;si=yiJlZG-PAvTSgxsu\" target=\"_blank\" rel=\"noopener nofollow\">Youtube Music<\/a>. E pode ouvir o primeiro epis\u00f3dio\u00a0<a href=\"https:\/\/observador.pt\/programas\/a-eleio-mais-louca-de-sempre\/estreia-a-eleicao-mais-louca-de-sempre-episodio-1-apostamos-no-cavalo-errado\/\" rel=\"nofollow noopener\" target=\"_blank\">aqui<\/a>\u00a0e o segundo\u00a0<a href=\"https:\/\/observador.pt\/programas\/a-eleio-mais-louca-de-sempre\/episodio-2-uma-traicao-inesperada\/\" rel=\"nofollow noopener\" target=\"_blank\">aqui<\/a>]<\/strong><\/p>\n<p><a href=\"https:\/\/observador.pt\/programas\/a-eleio-mais-louca-de-sempre\/episodio-3-ele-nao-e-meu-irmao\/\" rel=\"nofollow noopener\" target=\"_blank\"><\/p>\n<p>        <img src=\"https:\/\/www.europesays.com\/pt\/wp-content\/uploads\/2025\/10\/770-a-eleicao-mais-louca-de-sempre-playicon.png\" alt=\"\" loading=\"lazy\" decoding=\"async\" class=\"alignnone\" onload=\"this.parentElement.classList.remove('spinner')\" onerror=\"this.parentElement.classList.remove('spinner')\" width=\"770\" height=\"433\"\/>    <\/p>\n<p><\/a><\/p>\n","protected":false},"excerpt":{"rendered":"A unidade militar que se juntou ao movimento de protesto contra o Presidente malgaxe, Andry Rajoelina, em Madag\u00e1scar,&hellip;\n","protected":false},"author":2,"featured_media":111679,"comment_status":"","ping_status":"","sticky":false,"template":"","format":"standard","meta":{"footnotes":""},"categories":[50],"tags":[27,28,15,16,14,25,26,21,22,62,12,13,19,20,23,24,4256,58,17,18,1064,29,30,31,63,64,65],"class_list":{"0":"post-111678","1":"post","2":"type-post","3":"status-publish","4":"format-standard","5":"has-post-thumbnail","7":"category-mundo","8":"tag-breaking-news","9":"tag-breakingnews","10":"tag-featured-news","11":"tag-featurednews","12":"tag-headlines","13":"tag-latest-news","14":"tag-latestnews","15":"tag-main-news","16":"tag-mainnews","17":"tag-mundo","18":"tag-news","19":"tag-noticias","20":"tag-noticias-principais","21":"tag-noticiasprincipais","22":"tag-principais-noticias","23":"tag-principaisnoticias","24":"tag-protestos","25":"tag-sociedade","26":"tag-top-stories","27":"tag-topstories","28":"tag-u00c1frica","29":"tag-ultimas","30":"tag-ultimas-noticias","31":"tag-ultimasnoticias","32":"tag-world","33":"tag-world-news","34":"tag-worldnews"},"share_on_mastodon":{"url":"","error":""},"_links":{"self":[{"href":"https:\/\/www.europesays.com\/pt\/wp-json\/wp\/v2\/posts\/111678","targetHints":{"allow":["GET"]}}],"collection":[{"href":"https:\/\/www.europesays.com\/pt\/wp-json\/wp\/v2\/posts"}],"about":[{"href":"https:\/\/www.europesays.com\/pt\/wp-json\/wp\/v2\/types\/post"}],"author":[{"embeddable":true,"href":"https:\/\/www.europesays.com\/pt\/wp-json\/wp\/v2\/users\/2"}],"replies":[{"embeddable":true,"href":"https:\/\/www.europesays.com\/pt\/wp-json\/wp\/v2\/comments?post=111678"}],"version-history":[{"count":0,"href":"https:\/\/www.europesays.com\/pt\/wp-json\/wp\/v2\/posts\/111678\/revisions"}],"wp:featuredmedia":[{"embeddable":true,"href":"https:\/\/www.europesays.com\/pt\/wp-json\/wp\/v2\/media\/111679"}],"wp:attachment":[{"href":"https:\/\/www.europesays.com\/pt\/wp-json\/wp\/v2\/media?parent=111678"}],"wp:term":[{"taxonomy":"category","embeddable":true,"href":"https:\/\/www.europesays.com\/pt\/wp-json\/wp\/v2\/categories?post=111678"},{"taxonomy":"post_tag","embeddable":true,"href":"https:\/\/www.europesays.com\/pt\/wp-json\/wp\/v2\/tags?post=111678"}],"curies":[{"name":"wp","href":"https:\/\/api.w.org\/{rel}","templated":true}]}}