{"id":111684,"date":"2025-10-15T12:05:07","date_gmt":"2025-10-15T12:05:07","guid":{"rendered":"https:\/\/www.europesays.com\/pt\/111684\/"},"modified":"2025-10-15T12:05:07","modified_gmt":"2025-10-15T12:05:07","slug":"livro-inedito-de-leao-xiv-chega-as-bancas-em-2026","status":"publish","type":"post","link":"https:\/\/www.europesays.com\/pt\/111684\/","title":{"rendered":"Livro in\u00e9dito de Le\u00e3o XIV chega \u00e0s bancas em 2026"},"content":{"rendered":"<p>O t\u00edtulo \u00e9 \u201cLivres sob a gra\u00e7a. Escritos e medita\u00e7\u00f5es 2001-2013\u201d, do autor \u00e9 Robert Francis Prevost. Pela primeira vez ser\u00e3o reunidos em um volume os discursos do Papa Le\u00e3o XIV escritos durante o per\u00edodo em que foi prior geral da Ordem Agostiniana. A obra ser\u00e1 publicada em l\u00edngua italiana pela Livraria Editora Vaticana (LEV) na primavera de 2026. A not\u00edcia foi dada no dia de abertura da Feira do Livro de Frankfurt, na Alemanha.<\/p>\n<p><b>Vatican News<\/b><\/p>\n<p>Um livro em que o autor \u00e9 indicado tanto como Robert Francis Prevost, ordo sancti augustini ou membro da Ordem de Santo Agostinho, quanto como Papa Le\u00e3o XIV; uma ferramenta \u00fatil para conhecer mais de perto a sua espiritualidade, gra\u00e7as \u00e0s p\u00e1ginas in\u00e9ditas que re\u00fanem reflex\u00f5es, medita\u00e7\u00f5es, homilias e interven\u00e7\u00f5es feitas durante encontros p\u00fablicos, textos que t\u00eam em comum a espiritualidade agostiniana pr\u00f3pria do futuro Pont\u00edfice.<\/p>\n<p><b>Temas desenvolvidos ao longo dos anos<\/b> <\/p>\n<p>\u201cEste livro, que re\u00fane muitas das comunica\u00e7\u00f5es do ent\u00e3o prior Prevost, oferece uma vis\u00e3o geral de alguns dos temas importantes desenvolvidos ao longo dos anos\u201d, explica o Pe. Joseph Lawrence Farrell, prior-geral dos agostinianos desde 9 de setembro. O Papa Le\u00e3o XIV tamb\u00e9m participou do Cap\u00edtulo Geral durante o qual foi eleito, presidindo a missa de abertura na Bas\u00edlica de Santo Agostinho e convidando os confrades a viver os dias capitulares sob o signo da escuta rec\u00edproca, para que o Esp\u00edrito Santo fosse o verdadeiro protagonista do discernimento comunit\u00e1rio que eles eram chamados a exercer.<\/p>\n<p><b>Feira de Frankfurt, na Alemanha<\/b> <\/p>\n<p>O Papa Le\u00e3o XIV voltou ent\u00e3o no dia 15 de setembro para se encontrar novamente com os padres capitulares e lembrar que a voca\u00e7\u00e3o religiosa \u00e9, antes de qualquer outra coisa, \u201cuma aventura de amor com Deus\u201d. \u201cEstamos muito felizes por participar da Feira de Frankfurt, apresentando aos editores de todo o mundo este livro in\u00e9dito\u201d, disse Lorenzo Fazzini, respons\u00e1vel editorial da LEV, a Livraria Editora Vaticana. Aquela alem\u00e3 \u00e9 a mais prestigiada feira do livro da Europa e uma das maiores do mundo, realizada anualmente em outubro e que atrai editores, agentes liter\u00e1rios, escritores e outros profissionais do setor. A edi\u00e7\u00e3o deste ano come\u00e7ou nesta quarta-feira (15\/10) e segue at\u00e9 domingo (19\/10).<\/p>\n","protected":false},"excerpt":{"rendered":"O t\u00edtulo \u00e9 \u201cLivres sob a gra\u00e7a. Escritos e medita\u00e7\u00f5es 2001-2013\u201d, do autor \u00e9 Robert Francis Prevost. Pela&hellip;\n","protected":false},"author":2,"featured_media":111685,"comment_status":"","ping_status":"","sticky":false,"template":"","format":"standard","meta":{"footnotes":""},"categories":[143],"tags":[169,315,114,115,237,170,26416,32,33],"class_list":{"0":"post-111684","1":"post","2":"type-post","3":"status-publish","4":"format-standard","5":"has-post-thumbnail","7":"category-livros","8":"tag-books","9":"tag-cultura","10":"tag-entertainment","11":"tag-entretenimento","12":"tag-livro","13":"tag-livros","14":"tag-papa-leao-xiii","15":"tag-portugal","16":"tag-pt"},"share_on_mastodon":{"url":"","error":""},"_links":{"self":[{"href":"https:\/\/www.europesays.com\/pt\/wp-json\/wp\/v2\/posts\/111684","targetHints":{"allow":["GET"]}}],"collection":[{"href":"https:\/\/www.europesays.com\/pt\/wp-json\/wp\/v2\/posts"}],"about":[{"href":"https:\/\/www.europesays.com\/pt\/wp-json\/wp\/v2\/types\/post"}],"author":[{"embeddable":true,"href":"https:\/\/www.europesays.com\/pt\/wp-json\/wp\/v2\/users\/2"}],"replies":[{"embeddable":true,"href":"https:\/\/www.europesays.com\/pt\/wp-json\/wp\/v2\/comments?post=111684"}],"version-history":[{"count":0,"href":"https:\/\/www.europesays.com\/pt\/wp-json\/wp\/v2\/posts\/111684\/revisions"}],"wp:featuredmedia":[{"embeddable":true,"href":"https:\/\/www.europesays.com\/pt\/wp-json\/wp\/v2\/media\/111685"}],"wp:attachment":[{"href":"https:\/\/www.europesays.com\/pt\/wp-json\/wp\/v2\/media?parent=111684"}],"wp:term":[{"taxonomy":"category","embeddable":true,"href":"https:\/\/www.europesays.com\/pt\/wp-json\/wp\/v2\/categories?post=111684"},{"taxonomy":"post_tag","embeddable":true,"href":"https:\/\/www.europesays.com\/pt\/wp-json\/wp\/v2\/tags?post=111684"}],"curies":[{"name":"wp","href":"https:\/\/api.w.org\/{rel}","templated":true}]}}