{"id":111696,"date":"2025-10-15T12:19:11","date_gmt":"2025-10-15T12:19:11","guid":{"rendered":"https:\/\/www.europesays.com\/pt\/111696\/"},"modified":"2025-10-15T12:19:11","modified_gmt":"2025-10-15T12:19:11","slug":"editora-pozenato-lanca-livro-sobre-o-terapeuta-kunio-inamoto-escrito-por-jose-clemente-pozenato-em-parceria-com-sua-esposa-kenia-pozenato","status":"publish","type":"post","link":"https:\/\/www.europesays.com\/pt\/111696\/","title":{"rendered":"Editora Pozenato lan\u00e7a livro sobre o terapeuta Kunio Inamoto, escrito por Jos\u00e9 Clemente Pozenato em parceria com sua esposa Kenia Pozenato"},"content":{"rendered":"<p>Escrito a seis m\u00e3os pelo escritor Jos\u00e9 Clemente Pozenato (falecido no final de 2024), pela professora Kenia Pozenato (esposa de Jos\u00e9 Clemente), e por Kunio Inamoto, o livro O Homem, o Universo e a Sa\u00fade ser\u00e1 lan\u00e7ado nesta sexta-feira (17), \u00e0s 18h45min, no audit\u00f3rio do W Tower, em Caxias do Sul.\u00a0<\/p>\n<p>Com seis cap\u00edtulos,<strong> a obra narra a trajet\u00f3ria de Kunio Inamoto \u2014 conhecido como \u201cCriador de Pontes\u201d \u2014,<\/strong> desde sua vinda do Jap\u00e3o para o Brasil at\u00e9 sua mudan\u00e7a de carreira, de engenheiro civil a terapeuta, abordando temas como a atra\u00e7\u00e3o pelo universo da cura, experi\u00eancias pelo mundo e relatos cl\u00ednicos. <strong>O livro tamb\u00e9m traz um ep\u00edlogo e dicas de h\u00e1bitos para a sa\u00fade.<\/strong><\/p>\n<p><strong>Durante o evento de lan\u00e7amento, Kunio e Kenia far\u00e3o uma palestra seguida de sess\u00e3o de aut\u00f3grafos. <\/strong>A apresenta\u00e7\u00e3o do livro ficou a cargo de Jos\u00e9 Clemente Pozenato.<\/p>\n","protected":false},"excerpt":{"rendered":"Escrito a seis m\u00e3os pelo escritor Jos\u00e9 Clemente Pozenato (falecido no final de 2024), pela professora Kenia Pozenato&hellip;\n","protected":false},"author":2,"featured_media":111697,"comment_status":"","ping_status":"","sticky":false,"template":"","format":"standard","meta":{"footnotes":""},"categories":[143],"tags":[169,6151,8024,114,115,864,170,32,33],"class_list":{"0":"post-111696","1":"post","2":"type-post","3":"status-publish","4":"format-standard","5":"has-post-thumbnail","7":"category-livros","8":"tag-books","9":"tag-caxias-do-sul","10":"tag-destaque-variedades","11":"tag-entertainment","12":"tag-entretenimento","13":"tag-literatura","14":"tag-livros","15":"tag-portugal","16":"tag-pt"},"share_on_mastodon":{"url":"","error":""},"_links":{"self":[{"href":"https:\/\/www.europesays.com\/pt\/wp-json\/wp\/v2\/posts\/111696","targetHints":{"allow":["GET"]}}],"collection":[{"href":"https:\/\/www.europesays.com\/pt\/wp-json\/wp\/v2\/posts"}],"about":[{"href":"https:\/\/www.europesays.com\/pt\/wp-json\/wp\/v2\/types\/post"}],"author":[{"embeddable":true,"href":"https:\/\/www.europesays.com\/pt\/wp-json\/wp\/v2\/users\/2"}],"replies":[{"embeddable":true,"href":"https:\/\/www.europesays.com\/pt\/wp-json\/wp\/v2\/comments?post=111696"}],"version-history":[{"count":0,"href":"https:\/\/www.europesays.com\/pt\/wp-json\/wp\/v2\/posts\/111696\/revisions"}],"wp:featuredmedia":[{"embeddable":true,"href":"https:\/\/www.europesays.com\/pt\/wp-json\/wp\/v2\/media\/111697"}],"wp:attachment":[{"href":"https:\/\/www.europesays.com\/pt\/wp-json\/wp\/v2\/media?parent=111696"}],"wp:term":[{"taxonomy":"category","embeddable":true,"href":"https:\/\/www.europesays.com\/pt\/wp-json\/wp\/v2\/categories?post=111696"},{"taxonomy":"post_tag","embeddable":true,"href":"https:\/\/www.europesays.com\/pt\/wp-json\/wp\/v2\/tags?post=111696"}],"curies":[{"name":"wp","href":"https:\/\/api.w.org\/{rel}","templated":true}]}}