{"id":111698,"date":"2025-10-15T12:20:08","date_gmt":"2025-10-15T12:20:08","guid":{"rendered":"https:\/\/www.europesays.com\/pt\/111698\/"},"modified":"2025-10-15T12:20:08","modified_gmt":"2025-10-15T12:20:08","slug":"vem-ai-em-a-protegida-depois-de-fazerem-amor-mariana-e-jd-tomam-decisao-muito-esperada-novelas","status":"publish","type":"post","link":"https:\/\/www.europesays.com\/pt\/111698\/","title":{"rendered":"Vem a\u00ed em \u00abA Protegida\u00bb: Depois de fazerem amor, Mariana e JD tomam decis\u00e3o muito esperada &#8211; Novelas"},"content":{"rendered":"<p>Em \u00abA Protegida\u00bb, <a href=\"https:\/\/tvi.iol.pt\/novelas\/ator\/jose-diogo\/67ac875bd34ef72ee4422589\" wbo-id=\"52\" rel=\"nofollow noopener\" target=\"_blank\">Jos\u00e9 Diogo (Pedro Sousa)<\/a>\u00a0est\u00e1 a aquecer o biber\u00e3o de Carlota. <a href=\"https:\/\/tvi.iol.pt\/novelas\/ator\/benedita-vilalobos\/67ac818fd34ef72ee4422507\" rel=\"nofollow noopener\" target=\"_blank\">Benedita (Maria do C\u00e9u Guerra)<\/a> pede-lhe para ser ela a dar-lhe, pois quer aproveitar todos os bocadinhos. Benedita diz a JD para ir ter com <a href=\"https:\/\/tvi.iol.pt\/novelas\/ator\/mariana-vilalobos\/67ac80ecd34ef72ee44224fe\" wbo-id=\"51\" rel=\"nofollow noopener\" target=\"_blank\">Mariana (Matilde Reym\u00e3o)<\/a>\u00a0\u00e0 estufa, porque ela precisa de ajuda.<\/p>\n<p>JD vai ter com Mariana e pergunta-lhe se o chamou. Mariana diz que n\u00e3o e JD revela que Benedita lhe disse que sim. Mariana come\u00e7a a acreditar que a orqu\u00eddea simboliza o amor deles. Olham-se e Mariana pergunta a JD porque n\u00e3o a beija. Ele lembra que ela se chateou da \u00faltima vez. Mariana beija-o e agarram-se com urg\u00eancia.<\/p>\n<p>JD e Mariana j\u00e1 est\u00e3o despidos e deitados na cama dele. JD pergunta o que fazem agora e Mariana confessa que tentou fugir, mas n\u00e3o conseguiu. Mariana sugere fingirem que n\u00e3o namoram, para n\u00e3o haver mais ningu\u00e9m a meter-se entre eles. JD aceita fazer o sacrif\u00edcio.<\/p>\n<p>De recordar que Mariana e JD n\u00e3o t\u00eam conseguido esconder o que sentem:<\/p>\n","protected":false},"excerpt":{"rendered":"Em \u00abA Protegida\u00bb, Jos\u00e9 Diogo (Pedro Sousa)\u00a0est\u00e1 a aquecer o biber\u00e3o de Carlota. Benedita (Maria do C\u00e9u Guerra)&hellip;\n","protected":false},"author":2,"featured_media":111699,"comment_status":"","ping_status":"","sticky":false,"template":"","format":"standard","meta":{"footnotes":""},"categories":[142],"tags":[168,160,6416,166,114,115,157,167,14916,164,6415,2799,881,161,158,165,159,32,33,156,163,151,162],"class_list":{"0":"post-111698","1":"post","2":"type-post","3":"status-publish","4":"format-standard","5":"has-post-thumbnail","7":"category-tv","8":"tag-a-protegida","9":"tag-ana-guiomar","10":"tag-benedita","11":"tag-cristina-ferreira","12":"tag-entertainment","13":"tag-entretenimento","14":"tag-festa-e-festa","15":"tag-ficcao","16":"tag-jd","17":"tag-jose-fidalgo","18":"tag-maria-do-ceu-guerra","19":"tag-mariana-monteiro","20":"tag-matilde-reymao","21":"tag-novelas","22":"tag-para-sempre","23":"tag-pedro-sousa","24":"tag-pedro-teixeira","25":"tag-portugal","26":"tag-pt","27":"tag-queridos-papas","28":"tag-tiago-teotonio-pereira","29":"tag-tv","30":"tag-tvi"},"share_on_mastodon":{"url":"","error":""},"_links":{"self":[{"href":"https:\/\/www.europesays.com\/pt\/wp-json\/wp\/v2\/posts\/111698","targetHints":{"allow":["GET"]}}],"collection":[{"href":"https:\/\/www.europesays.com\/pt\/wp-json\/wp\/v2\/posts"}],"about":[{"href":"https:\/\/www.europesays.com\/pt\/wp-json\/wp\/v2\/types\/post"}],"author":[{"embeddable":true,"href":"https:\/\/www.europesays.com\/pt\/wp-json\/wp\/v2\/users\/2"}],"replies":[{"embeddable":true,"href":"https:\/\/www.europesays.com\/pt\/wp-json\/wp\/v2\/comments?post=111698"}],"version-history":[{"count":0,"href":"https:\/\/www.europesays.com\/pt\/wp-json\/wp\/v2\/posts\/111698\/revisions"}],"wp:featuredmedia":[{"embeddable":true,"href":"https:\/\/www.europesays.com\/pt\/wp-json\/wp\/v2\/media\/111699"}],"wp:attachment":[{"href":"https:\/\/www.europesays.com\/pt\/wp-json\/wp\/v2\/media?parent=111698"}],"wp:term":[{"taxonomy":"category","embeddable":true,"href":"https:\/\/www.europesays.com\/pt\/wp-json\/wp\/v2\/categories?post=111698"},{"taxonomy":"post_tag","embeddable":true,"href":"https:\/\/www.europesays.com\/pt\/wp-json\/wp\/v2\/tags?post=111698"}],"curies":[{"name":"wp","href":"https:\/\/api.w.org\/{rel}","templated":true}]}}