{"id":111702,"date":"2025-10-15T12:24:20","date_gmt":"2025-10-15T12:24:20","guid":{"rendered":"https:\/\/www.europesays.com\/pt\/111702\/"},"modified":"2025-10-15T12:24:20","modified_gmt":"2025-10-15T12:24:20","slug":"5-dicas-para-prevenir-o-cancer-de-mama-em-cadelas","status":"publish","type":"post","link":"https:\/\/www.europesays.com\/pt\/111702\/","title":{"rendered":"5 dicas para prevenir o c\u00e2ncer de mama em cadelas"},"content":{"rendered":"<p class=\"texto\">A campanha Outubro Rosa, voltada para a conscientiza\u00e7\u00e3o sobre a preven\u00e7\u00e3o e o diagn\u00f3stico precoce do c\u00e2ncer de mama em humanos, tamb\u00e9m serve de alerta para os tutores de animais. Isso porque a doen\u00e7a n\u00e3o atinge apenas mulheres: cadelas tamb\u00e9m podem desenvolver tumores mam\u00e1rios, especialmente quando n\u00e3o recebem cuidados preventivos.\u00a0<\/p>\n<p class=\"texto\">O c\u00e2ncer de mama em cadelas \u00e9 caracterizado pelo surgimento de n\u00f3dulos ou caro\u00e7os na regi\u00e3o das mamas, que podem aumentar de tamanho, endurecer e, em casos avan\u00e7ados, at\u00e9 ulcerar. Entre os sintomas, est\u00e3o incha\u00e7os, secre\u00e7\u00f5es, dor local e altera\u00e7\u00f5es no apetite e comportamento. A <strong>doen\u00e7a<\/strong> pode ser agressiva e comprometer outros \u00f3rg\u00e3os se n\u00e3o for diagnosticada e tratada rapidamente.\u00a0<\/p>\n<p class=\"texto\">Conforme a m\u00e9dica-veterin\u00e1ria Kelly Moura, o est\u00edmulo hormonal \u00e9 a principal causa do tumor de mama em cadelas. Mas h\u00e1 outros fatores que tamb\u00e9m podem contribuir para o surgimento da doen\u00e7a, como a obesidade. Por isso, a preven\u00e7\u00e3o \u00e9 a melhor forma de proteger a sa\u00fade da cachorra.\u00a0<\/p>\n<p class=\"texto\">A seguir, confira algumas dicas para prevenir o c\u00e2ncer de mama em cadelas!\u00a0<\/p>\n<p>1. Realizar a castra\u00e7\u00e3o precoce\u00a0<\/p>\n<p class=\"texto\">A <strong>castra\u00e7\u00e3o<\/strong> \u00e9 considerada a principal forma de preven\u00e7\u00e3o do c\u00e2ncer de mama em cadelas. Isso acontece porque o procedimento interrompe a produ\u00e7\u00e3o de horm\u00f4nios como o estrog\u00eanio e a progesterona, que est\u00e3o diretamente relacionados ao desenvolvimento de tumores mam\u00e1rios.\u00a0<\/p>\n<p class=\"texto\">Kelly Moura explica que a castra\u00e7\u00e3o ap\u00f3s o primeiro cio previne em at\u00e9 95% as chances de desenvolver a doen\u00e7a. Caso ocorra depois do segundo cio, essa taxa cai para 85%. Se for realizada ap\u00f3s o terceiro cio, as chances de preven\u00e7\u00e3o s\u00e3o de 70%.\u00a0<\/p>\n<p class=\"texto\">\u201cA castra\u00e7\u00e3o precoce \u00e9 a principal maneira de preven\u00e7\u00e3o. N\u00e3o vai adiantar nada castrar quando a cadela tiver tr\u00eas anos. Isso porque ela j\u00e1 foi exposta aos horm\u00f4nios respons\u00e1veis pela forma\u00e7\u00e3o dos tumores\u201d, enfatiza a m\u00e9dica-veterin\u00e1ria.\u00a0<\/p>\n<p>2. Evitar o uso de anticoncepcionais hormonais\u00a0<\/p>\n<p class=\"texto\">Muitos tutores recorrem a inje\u00e7\u00f5es anticoncepcionais para evitar o cio das cadelas. Por\u00e9m, esses medicamentos cont\u00eam horm\u00f4nios que aumentam significativamente o risco de c\u00e2ncer de mama e de outras complica\u00e7\u00f5es graves, como piometra (infec\u00e7\u00e3o uterina). A melhor alternativa para o controle reprodutivo \u00e9 a castra\u00e7\u00e3o cir\u00fargica.\u00a0<\/p>\n<p><img loading=\"lazy\" decoding=\"async\" class=\"wp-image-399737\" src=\"https:\/\/www.europesays.com\/pt\/wp-content\/uploads\/2025\/10\/veterinaria-examinando-pug-1024x683.jpg\"   alt=\"veterin\u00e1ria de roupa rosa examinando cachorro pug deitado\" width=\"1024\" height=\"683\"\/>&#13;<br \/>\nAs consultas peri\u00f3dicas com o veterin\u00e1rio permitem identificar altera\u00e7\u00f5es precocemente (Imagem: Zoriana Zaitseva | Shutterstock)&#13;<\/p>\n<p class=\"texto\">As consultas peri\u00f3dicas com o <strong>veterin\u00e1rio<\/strong> permitem identificar altera\u00e7\u00f5es de sa\u00fade antes que o problema se agrave. Durante os exames, o profissional pode avaliar as mamas, palpar a regi\u00e3o e solicitar exames de imagem, como ultrassonografia, em caso de suspeita. Detectar n\u00f3dulos em est\u00e1gio inicial aumenta as chances de um tratamento eficaz e menos invasivo.\u00a0<\/p>\n<p>4. Observar altera\u00e7\u00f5es nas mamas em casa\u00a0<\/p>\n<p class=\"texto\">O tutor tem um papel fundamental na detec\u00e7\u00e3o precoce do <strong>c\u00e2ncer de mama<\/strong> em cadelas. Ao realizar carinhos ou durante o banho, \u00e9 poss\u00edvel palpar as mamas e observar se h\u00e1 caro\u00e7os, incha\u00e7os, secre\u00e7\u00f5es ou \u00e1reas doloridas. Essa inspe\u00e7\u00e3o caseira n\u00e3o substitui a avalia\u00e7\u00e3o veterin\u00e1ria, mas ajuda a perceber sinais que precisam de aten\u00e7\u00e3o imediata. A recomenda\u00e7\u00e3o \u00e9 procurar o profissional ao notar qualquer altera\u00e7\u00e3o, mesmo que pequena, j\u00e1 que os tumores podem crescer rapidamente.\u00a0<\/p>\n<p>5. Manter uma vida saud\u00e1vel\u00a0<\/p>\n<p class=\"texto\">Assim como nos humanos, h\u00e1bitos de vida saud\u00e1veis contribuem para a preven\u00e7\u00e3o do c\u00e2ncer em animais. Uma <strong>alimenta\u00e7\u00e3o<\/strong> equilibrada, controle do peso, pr\u00e1tica de exerc\u00edcios e acompanhamento nutricional ajudam a manter o sistema imunol\u00f3gico fortalecido. A obesidade, por exemplo, est\u00e1 associada a maiores riscos de desenvolvimento de tumores mam\u00e1rios em cadelas. Dessa forma, garantir qualidade de vida ao pet \u00e9 tamb\u00e9m uma forma de reduzir as chances da doen\u00e7a.\u00a0<\/p>\n<ul>\n<li><a href=\"https:\/\/wa.me\/?text=5+dicas+para+prevenir+o+c%C3%A2ncer+de+mama+em+cadelas%20https:\/\/www.correiobraziliense.com.br\/revista-do-correio\/2025\/10\/7270826-5-dicas-para-prevenir-o-cancer-de-mama-em-cadelas.html\" target=\"_blank\" title=\"Whatsapp\" aria-label=\"WhatsApp\" rel=\"nofollow noopener\"><\/a><\/li>\n<li><a href=\"https:\/\/www.facebook.com\/sharer.php?u=https:\/\/www.correiobraziliense.com.br%2Frevista-do-correio%2F2025%2F10%2F7270826-5-dicas-para-prevenir-o-cancer-de-mama-em-cadelas.html&amp;text=5+dicas+para+prevenir+o+c%C3%A2ncer+de+mama+em+cadelas\" target=\"_blank\" title=\"Facebook\" aria-label=\"Facebook\" rel=\"nofollow noopener\"><\/a><\/li>\n<li><a href=\"https:\/\/twitter.com\/intent\/tweet?url=https:\/\/www.correiobraziliense.com.br%2Frevista-do-correio%2F2025%2F10%2F7270826-5-dicas-para-prevenir-o-cancer-de-mama-em-cadelas.html&amp;text=5+dicas+para+prevenir+o+c%C3%A2ncer+de+mama+em+cadelas\" target=\"_blank\" title=\"Twitter\" aria-label=\"Twitter\" rel=\"nofollow noopener\"><\/a><\/li>\n<li><a href=\"https:\/\/profile.google.com\/cp\/CgovbS8wNzZ0dms1\" title=\"Google Discover\" target=\"_blank\" aria-label=\"Google Discover\" rel=\"nofollow noopener\"><img decoding=\"async\" src=\"https:\/\/www.europesays.com\/pt\/wp-content\/uploads\/2025\/10\/google-discover-icon.png\" style=\"height: 25px; margin: 0 !important; margin-left: 3px;\" alt=\"Google Discover Icon\"\/><\/a><\/li>\n<\/ul>\n<p>                          <script async src=\"https:\/\/platform.twitter.com\/widgets.js\" charset=\"utf-8\"><\/script><\/p>\n","protected":false},"excerpt":{"rendered":"A campanha Outubro Rosa, voltada para a conscientiza\u00e7\u00e3o sobre a preven\u00e7\u00e3o e o diagn\u00f3stico precoce do c\u00e2ncer de&hellip;\n","protected":false},"author":2,"featured_media":111703,"comment_status":"","ping_status":"","sticky":false,"template":"","format":"standard","meta":{"footnotes":""},"categories":[86],"tags":[15833,6249,4913,116,8225,32,33,117],"class_list":{"0":"post-111702","1":"post","2":"type-post","3":"status-publish","4":"format-standard","5":"has-post-thumbnail","7":"category-saude","8":"tag-animais-de-esitmacao","9":"tag-cachorro","10":"tag-edicase","11":"tag-health","12":"tag-pets","13":"tag-portugal","14":"tag-pt","15":"tag-saude"},"share_on_mastodon":{"url":"","error":""},"_links":{"self":[{"href":"https:\/\/www.europesays.com\/pt\/wp-json\/wp\/v2\/posts\/111702","targetHints":{"allow":["GET"]}}],"collection":[{"href":"https:\/\/www.europesays.com\/pt\/wp-json\/wp\/v2\/posts"}],"about":[{"href":"https:\/\/www.europesays.com\/pt\/wp-json\/wp\/v2\/types\/post"}],"author":[{"embeddable":true,"href":"https:\/\/www.europesays.com\/pt\/wp-json\/wp\/v2\/users\/2"}],"replies":[{"embeddable":true,"href":"https:\/\/www.europesays.com\/pt\/wp-json\/wp\/v2\/comments?post=111702"}],"version-history":[{"count":0,"href":"https:\/\/www.europesays.com\/pt\/wp-json\/wp\/v2\/posts\/111702\/revisions"}],"wp:featuredmedia":[{"embeddable":true,"href":"https:\/\/www.europesays.com\/pt\/wp-json\/wp\/v2\/media\/111703"}],"wp:attachment":[{"href":"https:\/\/www.europesays.com\/pt\/wp-json\/wp\/v2\/media?parent=111702"}],"wp:term":[{"taxonomy":"category","embeddable":true,"href":"https:\/\/www.europesays.com\/pt\/wp-json\/wp\/v2\/categories?post=111702"},{"taxonomy":"post_tag","embeddable":true,"href":"https:\/\/www.europesays.com\/pt\/wp-json\/wp\/v2\/tags?post=111702"}],"curies":[{"name":"wp","href":"https:\/\/api.w.org\/{rel}","templated":true}]}}