{"id":111712,"date":"2025-10-15T12:34:08","date_gmt":"2025-10-15T12:34:08","guid":{"rendered":"https:\/\/www.europesays.com\/pt\/111712\/"},"modified":"2025-10-15T12:34:08","modified_gmt":"2025-10-15T12:34:08","slug":"marisa-susana-sussurra-algo-a-bruno-simao-e-nao-passou-despercebido-a-pedro-jorge-secret-story","status":"publish","type":"post","link":"https:\/\/www.europesays.com\/pt\/111712\/","title":{"rendered":"Marisa Susana sussurra algo a Bruno Sim\u00e3o. E n\u00e3o passou despercebido a Pedro Jorge &#8211; Secret Story"},"content":{"rendered":"<p style=\"margin-bottom:11px\">No Secret Story 9, Marisa Susana continua encarregue de preparar o pequeno-almo\u00e7o para os colegas. Enquanto servia a refei\u00e7\u00e3o, a concorrente acabou por sussurrar algo sobre o olhar atento de Pedro Jorge.<\/p>\n<p><strong>J\u00e1 pode votar para salvar o seu concorrente favorito:<\/strong><\/p>\n<p><strong>ANA CRISTINA \u2013 761 20 20 02<br \/>BRUNA \u2013 761 20 20 03<br \/>DYLAN \u2013 761 20 20 07<br \/>JOANA \u2013 761 20 20 11<br \/>MARISA SUSANA \u2013 761 20 20 17<\/strong><\/p>\n<p><a href=\"https:\/\/tvi.iol.pt\/secretstory\/aominuto\" target=\"_blank\" wbo-id=\"32\" rel=\"nofollow noopener\">Acompanhe tudo ao minuto<\/a><\/p>\n<p style=\"margin-bottom:11px\">\u00a0<\/p>\n","protected":false},"excerpt":{"rendered":"No Secret Story 9, Marisa Susana continua encarregue de preparar o pequeno-almo\u00e7o para os colegas. Enquanto servia a&hellip;\n","protected":false},"author":2,"featured_media":111713,"comment_status":"","ping_status":"","sticky":false,"template":"","format":"standard","meta":{"footnotes":""},"categories":[142],"tags":[3768,114,115,19033,19153,19034,14646,32,33,151,19032],"class_list":{"0":"post-111712","1":"post","2":"type-post","3":"status-publish","4":"format-standard","5":"has-post-thumbnail","7":"category-tv","8":"tag-bruno","9":"tag-entertainment","10":"tag-entretenimento","11":"tag-galas-em-video","12":"tag-marisa-susana","13":"tag-melhores-momentos-casa-dos-segredos","14":"tag-pedro","15":"tag-portugal","16":"tag-pt","17":"tag-tv","18":"tag-videos-secret-story-tvi"},"share_on_mastodon":{"url":"","error":""},"_links":{"self":[{"href":"https:\/\/www.europesays.com\/pt\/wp-json\/wp\/v2\/posts\/111712","targetHints":{"allow":["GET"]}}],"collection":[{"href":"https:\/\/www.europesays.com\/pt\/wp-json\/wp\/v2\/posts"}],"about":[{"href":"https:\/\/www.europesays.com\/pt\/wp-json\/wp\/v2\/types\/post"}],"author":[{"embeddable":true,"href":"https:\/\/www.europesays.com\/pt\/wp-json\/wp\/v2\/users\/2"}],"replies":[{"embeddable":true,"href":"https:\/\/www.europesays.com\/pt\/wp-json\/wp\/v2\/comments?post=111712"}],"version-history":[{"count":0,"href":"https:\/\/www.europesays.com\/pt\/wp-json\/wp\/v2\/posts\/111712\/revisions"}],"wp:featuredmedia":[{"embeddable":true,"href":"https:\/\/www.europesays.com\/pt\/wp-json\/wp\/v2\/media\/111713"}],"wp:attachment":[{"href":"https:\/\/www.europesays.com\/pt\/wp-json\/wp\/v2\/media?parent=111712"}],"wp:term":[{"taxonomy":"category","embeddable":true,"href":"https:\/\/www.europesays.com\/pt\/wp-json\/wp\/v2\/categories?post=111712"},{"taxonomy":"post_tag","embeddable":true,"href":"https:\/\/www.europesays.com\/pt\/wp-json\/wp\/v2\/tags?post=111712"}],"curies":[{"name":"wp","href":"https:\/\/api.w.org\/{rel}","templated":true}]}}