{"id":111720,"date":"2025-10-15T12:39:10","date_gmt":"2025-10-15T12:39:10","guid":{"rendered":"https:\/\/www.europesays.com\/pt\/111720\/"},"modified":"2025-10-15T12:39:10","modified_gmt":"2025-10-15T12:39:10","slug":"carro-de-barbara-norton-de-matos-vandalizado-a-porta-de-casa-filha-mais-nova-ficou-em-lagrimas","status":"publish","type":"post","link":"https:\/\/www.europesays.com\/pt\/111720\/","title":{"rendered":"Carro de B\u00e1rbara Norton de Matos vandalizado \u00e0 porta de casa: filha mais nova ficou em l\u00e1grimas"},"content":{"rendered":"<p>A semana come\u00e7ou de forma amarga para B\u00e1rbara Norton de Matos. Na ter\u00e7a-feira, \u00e0 porta de casa, no Estoril, a atriz encontrou o carro vandalizado e com a capota rasgada. Do interior desapareceram v\u00e1rios objetos pessoais, incluindo a mochila da filha mais nova, Flor, de nove anos.<\/p>\n<p data-remotead-prev-elm=\"true\" data-remotead-elm-id=\"inread\">&#8220;Assaltaram-me o carro, rasgaram-me a capota, tenho a minha filha a chorar porque lhe roubaram a mochila. \u00c9 isto que temos em pleno Estoril&#8221;, desabafou num v\u00eddeo partilhado nas redes sociais, onde se mostrou visivelmente abalada com o sucedido.<\/p>\n<p>Enquanto tentava confortar a filha &#8211; &#8220;N\u00e3o fiques a chorar, filha, j\u00e1 passou&#8221; -, mostrava o estado do autom\u00f3vel e o cen\u00e1rio de destrui\u00e7\u00e3o. &#8220;Tenho o carro todo avariado, as portas esquisitas, e ainda nem percebi bem o que \u00e9 que me roubaram&#8221;, acrescentou.<\/p>\n<p>Queixa apresentada e frustra\u00e7\u00e3o com a impunidade<\/p>\n<p data-remotead-prev-elm=\"true\" data-remotead-elm-id=\"centro1\">Ap\u00f3s deixar Flor na escola, B\u00e1rbara Norton de Matos dirigiu-se \u00e0 esquadra para apresentar queixa. Horas depois, relatou novos desenvolvimentos: &#8220;J\u00e1 sa\u00ed da pol\u00edcia, estive l\u00e1 at\u00e9 agora. Isto tem acontecido &#8211; anteontem tamb\u00e9m rasgaram a capota a um jipe, exatamente da mesma forma que a minha.&#8221;<\/p>\n<p>A atriz revelou que, segundo o que lhe foi dito pelas autoridades, os suspeitos destes furtos acabam frequentemente por n\u00e3o ser condenados. &#8220;Isto \u00e9 muito frustrante, porque acaba por n\u00e3o lhes acontecer nada&#8221;, lamentou, denunciando um sentimento generalizado de inseguran\u00e7a na Linha de Cascais.<\/p>\n<p data-remotead-prev-elm=\"true\" data-remotead-elm-id=\"centro2\">&#8220;Tenho milhares de mensagens, as pessoas andam mesmo revoltadas. J\u00e1 percebi que isto est\u00e1 a acontecer em todo o lado e anda tudo muito triste com o nosso pa\u00eds&#8221;, partilhou a atriz, que terminou o dia mais tranquila.<\/p>\n<p>Depois de verificar o interior do ve\u00edculo, confirmou o que lhe foi levado: &#8220;Despejaram a mochila da Flor e levaram apenas uma mochila de crian\u00e7a&#8230; n\u00e3o consigo perceber.&#8221;<\/p>\n<p data-remotead-prev-elm=\"true\" data-remotead-elm-id=\"centro3\">Apesar da frustra\u00e7\u00e3o, B\u00e1rbara Norton de Matos mostrou-se aliviada por o epis\u00f3dio n\u00e3o ter tido consequ\u00eancias mais graves. &#8220;Agora \u00e9 tratar do seguro. Obrigada, um beijinho grande&#8221;, concluiu.<\/p>\n","protected":false},"excerpt":{"rendered":"A semana come\u00e7ou de forma amarga para B\u00e1rbara Norton de Matos. Na ter\u00e7a-feira, \u00e0 porta de casa, no&hellip;\n","protected":false},"author":2,"featured_media":111721,"comment_status":"","ping_status":"","sticky":false,"template":"","format":"standard","meta":{"footnotes":""},"categories":[85],"tags":[2446,813,10538,114,115,24363,26418,32,33,20910],"class_list":{"0":"post-111720","1":"post","2":"type-post","3":"status-publish","4":"format-standard","5":"has-post-thumbnail","7":"category-entretenimento","8":"tag-assalto","9":"tag-atriz","10":"tag-barbara-norton-de-matos","11":"tag-entertainment","12":"tag-entretenimento","13":"tag-furto","14":"tag-linha-de-cascais","15":"tag-portugal","16":"tag-pt","17":"tag-vandalismo"},"share_on_mastodon":{"url":"","error":""},"_links":{"self":[{"href":"https:\/\/www.europesays.com\/pt\/wp-json\/wp\/v2\/posts\/111720","targetHints":{"allow":["GET"]}}],"collection":[{"href":"https:\/\/www.europesays.com\/pt\/wp-json\/wp\/v2\/posts"}],"about":[{"href":"https:\/\/www.europesays.com\/pt\/wp-json\/wp\/v2\/types\/post"}],"author":[{"embeddable":true,"href":"https:\/\/www.europesays.com\/pt\/wp-json\/wp\/v2\/users\/2"}],"replies":[{"embeddable":true,"href":"https:\/\/www.europesays.com\/pt\/wp-json\/wp\/v2\/comments?post=111720"}],"version-history":[{"count":0,"href":"https:\/\/www.europesays.com\/pt\/wp-json\/wp\/v2\/posts\/111720\/revisions"}],"wp:featuredmedia":[{"embeddable":true,"href":"https:\/\/www.europesays.com\/pt\/wp-json\/wp\/v2\/media\/111721"}],"wp:attachment":[{"href":"https:\/\/www.europesays.com\/pt\/wp-json\/wp\/v2\/media?parent=111720"}],"wp:term":[{"taxonomy":"category","embeddable":true,"href":"https:\/\/www.europesays.com\/pt\/wp-json\/wp\/v2\/categories?post=111720"},{"taxonomy":"post_tag","embeddable":true,"href":"https:\/\/www.europesays.com\/pt\/wp-json\/wp\/v2\/tags?post=111720"}],"curies":[{"name":"wp","href":"https:\/\/api.w.org\/{rel}","templated":true}]}}