{"id":111726,"date":"2025-10-15T12:43:07","date_gmt":"2025-10-15T12:43:07","guid":{"rendered":"https:\/\/www.europesays.com\/pt\/111726\/"},"modified":"2025-10-15T12:43:07","modified_gmt":"2025-10-15T12:43:07","slug":"governo-vai-pensar-na-recuperacao-de-tres-dias-de-ferias-na-funcao-publica-funcao-publica","status":"publish","type":"post","link":"https:\/\/www.europesays.com\/pt\/111726\/","title":{"rendered":"Governo \u201cvai pensar\u201d na recupera\u00e7\u00e3o de tr\u00eas dias de f\u00e9rias na fun\u00e7\u00e3o p\u00fablica | Fun\u00e7\u00e3o P\u00fablica"},"content":{"rendered":"<p>O Governo vai \u201cconsiderar\u201d a recupera\u00e7\u00e3o de tr\u00eas dias de f\u00e9rias na fun\u00e7\u00e3o p\u00fablica, segundo disse a respons\u00e1vel do Sindicato dos Quadros T\u00e9cnicos do Estado (STE), Helena Rodrigues, \u00e0 sa\u00edda de uma reuni\u00e3o na ronda negocial para a discuss\u00e3o dos aumentos salariais para o pr\u00f3ximo ano, que teve lugar esta quarta-feira, 15 de Outubro, no Minist\u00e9rio das Finan\u00e7as, em Lisboa. Nada mexe, para j\u00e1, nas propostas dos aumentos j\u00e1 propostos e n\u00e3o houve novas propostas da parte do Governo e, por isso, a greve geral de dia 24 de Outubro, convocada pela Frente Comum, continua em cima da mesa.<\/p>\n<p>O alargamento dos dias de f\u00e9rias faz parte do caderno reivindicativo que o STE levou para este segundo bloco negocial: \u201cPropusemos ainda a recupera\u00e7\u00e3o dos tr\u00eas dias de f\u00e9rias que perdemos algures, o Governo vai pensar sobre isso. Propusemos, at\u00e9, que fossemos recuperando um dia de f\u00e9rias em cada ano, at\u00e9 fazer os tais tr\u00eas dias. Ficou de considerar\u201d, declarou Helena Rodrigues, \u00e0 sa\u00edda da reuni\u00e3o, de acordo com declara\u00e7\u00f5es transmitidas pela RTP Not\u00edcias.<\/p>\n<p>Os 22 dias \u00fateis de f\u00e9rias s\u00e3o o per\u00edodo m\u00ednimo decretado, podendo ser alargado consoante negocia\u00e7\u00e3o colectiva, e a que acrescem dias por antiguidade. Antes da troika, havia tr\u00eas dias de f\u00e9rias adicionais pela assiduidade, que foram eliminados. Tem havido tentativa de regresso das f\u00e9rias adicionais, sem sucesso at\u00e9 aqui.<\/p>\n<p>Na reuni\u00e3o com o STE (que lidera a Frente Sindical) n\u00e3o houve indica\u00e7\u00e3o da secret\u00e1ria de Estado da Administra\u00e7\u00e3o P\u00fablica, Marisa Garrido, de melhoria das propostas de aumentos salariais para o pr\u00f3ximo ano, mas Helena Rodrigues espera poder convencer o executivo do contr\u00e1rio. \u201cAinda agora o Or\u00e7amento [do Estado para 2026] entrou, acreditamos \u2013 e estamos aqui para fazer esse processo \u2013 que possa haver uma actualiza\u00e7\u00e3o um bocadinho mais [robusta]\u201d, declarou a sindicalista. <a href=\"https:\/\/www.publico.pt\/2025\/10\/09\/economia\/noticia\/governo-ignora-sindicatos-mantem-aumentos-5658-euros-215-funcao-publica-2150189\" rel=\"nofollow noopener\" target=\"_blank\">A proposta do Or\u00e7amento do Estado<\/a> para o pr\u00f3ximo ano n\u00e3o deixa verbas para actualiza\u00e7\u00f5es na fun\u00e7\u00e3o p\u00fablica mais generosas do que as previstas desde o ano passado.<\/p>\n<p>O acordo plurianual de valoriza\u00e7\u00e3o dos trabalhadores da administra\u00e7\u00e3o p\u00fablica \u2013 que foi assinado no ano passado com a Fesap e a STE, mas n\u00e3o com a Frente Comum \u2013 prev\u00ea um aumento pelo m\u00ednimo de 56,58 euros ou de 2,15% (consoante o mais favor\u00e1vel) para 2025 e, agora, para 2026. A subida passa para 60,52 euros ou 2,3% em 2027 e 2028. No seu todo, s\u00e3o 234,20 euros. Na primeira ronda negocial, o <a href=\"https:\/\/www.publico.pt\/2025\/09\/26\/economia\/noticia\/governo-propoe-aumento-anual-6052-euros-ate-2029-funcao-publica-2148632\" rel=\"nofollow noopener\" target=\"_blank\">Governo prop\u00f4s o alargamento deste acordo para 2029<\/a>, com a mesma dimens\u00e3o de aumentos de 60,52 euros ou 2,3%. Os valores propostos para 2026 est\u00e3o aqu\u00e9m dos que s\u00e3o agora reivindicados pelos sindicatos.<\/p>\n<p>Outra das esperan\u00e7as do STE diz respeito ao subs\u00eddio de refei\u00e7\u00e3o, sendo que j\u00e1 mexeu na sua proposta para tentar um acordo do governo. \u201cO subs\u00eddio de refei\u00e7\u00e3o, consideramos que, deve ser actualizado para um valor que propomos de 12 euros, mas numa negocia\u00e7\u00e3o tamb\u00e9m estamos dispostos a que seja 10 euros\u201d, sublinhou Helena Rodrigues, citada pela ag\u00eancia Lusa. Actualmente, s\u00e3o seis euros.<\/p>\n<p>\u201cImpasse negocial\u201d mant\u00e9m greve<\/p>\n<p>Esta quarta-feira \u00e9 marcada por reuni\u00f5es dos sindicatos da fun\u00e7\u00e3o p\u00fablica com o Governo, e a Frente Comum mant\u00e9m, apesar disso, a <a href=\"http:\/\/publico.pt\/2025\/09\/26\/economia\/noticia\/frente-comum-marca-greve-funcao-publica-24-outubro-2148682\" rel=\"nofollow noopener\" target=\"_blank\">greve agendada para o dia 24 de Outubro. <\/a><\/p>\n<p>E isso mesmo foi repetido por Sebasti\u00e3o Santana, coordenador da Frente Comum, ap\u00f3s a segunda reuni\u00e3o do dia de federa\u00e7\u00f5es sindicais com a secret\u00e1ria de Estado da Administra\u00e7\u00e3o P\u00fablica.<\/p>\n<p>\u201cNeste caminho do processo negocial, de o Governo perceber que tem de fazer diferente, h\u00e1 uma greve de trabalhadores da Administra\u00e7\u00e3o P\u00fablica que, no dia 24, vai parar os servi\u00e7os p\u00fablicos em todos os sectores, como resposta a este Or\u00e7amento do Estado, \u00e0s altera\u00e7\u00f5es legislativas que a\u00ed v\u00eam\u201d, prometeu Sebasti\u00e3o Santana ao falar com os jornalistas, segundo as imagens transmitidas pela RTP Not\u00edcias.<\/p>\n<p>Na sua declara\u00e7\u00e3o, o dirigente sindical censurou a falta de propostas do lado do minist\u00e9rio liderado por Ros\u00e1rio da Palma Ramalho: \u201cO Governo senta-se \u00e0 mesa hoje sem mexer uma v\u00edrgula da sua proposta\u201d, confirmou Sebasti\u00e3o Santana, acrescentando que qualquer mudan\u00e7a nessa postura do executivo foi remetida \u201cpara a pr\u00f3xima reuni\u00e3o\u201d. Est\u00e1 marcada para daqui a duas semanas, a 29 de Outubro. <\/p>\n<p>\u201cA [proposta] que apresentou inicialmente, para n\u00f3s, \u00e9 absolutamente inaceit\u00e1vel. Estamos num impasse negocial\u201d, continuou Sebasti\u00e3o Santana.<\/p>\n<p>Estas negocia\u00e7\u00f5es para as actualiza\u00e7\u00f5es da fun\u00e7\u00e3o p\u00fablica em 2026 s\u00e3o paralelas \u00e0s conversas em sede de concerta\u00e7\u00e3o social para a reforma da legisla\u00e7\u00e3o laboral.<\/p>\n","protected":false},"excerpt":{"rendered":"O Governo vai \u201cconsiderar\u201d a recupera\u00e7\u00e3o de tr\u00eas dias de f\u00e9rias na fun\u00e7\u00e3o p\u00fablica, segundo disse a respons\u00e1vel&hellip;\n","protected":false},"author":2,"featured_media":111727,"comment_status":"","ping_status":"","sticky":false,"template":"","format":"standard","meta":{"footnotes":""},"categories":[10],"tags":[27,28,476,15,16,22067,14,25,26,21,22,12,13,19,20,32,23,24,33,17,18,29,30,31],"class_list":{"0":"post-111726","1":"post","2":"type-post","3":"status-publish","4":"format-standard","5":"has-post-thumbnail","7":"category-portugal","8":"tag-breaking-news","9":"tag-breakingnews","10":"tag-economia","11":"tag-featured-news","12":"tag-featurednews","13":"tag-funcao-publica","14":"tag-headlines","15":"tag-latest-news","16":"tag-latestnews","17":"tag-main-news","18":"tag-mainnews","19":"tag-news","20":"tag-noticias","21":"tag-noticias-principais","22":"tag-noticiasprincipais","23":"tag-portugal","24":"tag-principais-noticias","25":"tag-principaisnoticias","26":"tag-pt","27":"tag-top-stories","28":"tag-topstories","29":"tag-ultimas","30":"tag-ultimas-noticias","31":"tag-ultimasnoticias"},"share_on_mastodon":{"url":"","error":""},"_links":{"self":[{"href":"https:\/\/www.europesays.com\/pt\/wp-json\/wp\/v2\/posts\/111726","targetHints":{"allow":["GET"]}}],"collection":[{"href":"https:\/\/www.europesays.com\/pt\/wp-json\/wp\/v2\/posts"}],"about":[{"href":"https:\/\/www.europesays.com\/pt\/wp-json\/wp\/v2\/types\/post"}],"author":[{"embeddable":true,"href":"https:\/\/www.europesays.com\/pt\/wp-json\/wp\/v2\/users\/2"}],"replies":[{"embeddable":true,"href":"https:\/\/www.europesays.com\/pt\/wp-json\/wp\/v2\/comments?post=111726"}],"version-history":[{"count":0,"href":"https:\/\/www.europesays.com\/pt\/wp-json\/wp\/v2\/posts\/111726\/revisions"}],"wp:featuredmedia":[{"embeddable":true,"href":"https:\/\/www.europesays.com\/pt\/wp-json\/wp\/v2\/media\/111727"}],"wp:attachment":[{"href":"https:\/\/www.europesays.com\/pt\/wp-json\/wp\/v2\/media?parent=111726"}],"wp:term":[{"taxonomy":"category","embeddable":true,"href":"https:\/\/www.europesays.com\/pt\/wp-json\/wp\/v2\/categories?post=111726"},{"taxonomy":"post_tag","embeddable":true,"href":"https:\/\/www.europesays.com\/pt\/wp-json\/wp\/v2\/tags?post=111726"}],"curies":[{"name":"wp","href":"https:\/\/api.w.org\/{rel}","templated":true}]}}