{"id":111741,"date":"2025-10-15T12:57:17","date_gmt":"2025-10-15T12:57:17","guid":{"rendered":"https:\/\/www.europesays.com\/pt\/111741\/"},"modified":"2025-10-15T12:57:17","modified_gmt":"2025-10-15T12:57:17","slug":"emigrante-madeirense-desaparecido-na-africa-do-sul","status":"publish","type":"post","link":"https:\/\/www.europesays.com\/pt\/111741\/","title":{"rendered":"Emigrante madeirense desaparecido na \u00c1frica do Sul"},"content":{"rendered":"\n<p class=\"p_0\">Ant\u00f3nio (Tony) Marques da Silva dos Reis, emigrante madeirense natural da freguesia de Santana, est\u00e1 desaparecido desde a noite de ontem, na \u00c1frica do Sul, onde reside h\u00e1 cerca de 60 anos. O alerta foi dado esta manh\u00e3 ao JM, por volta das 7h00 (6h00 na Madeira), depois de o homem, de 69 anos, ter deixado o seu local de trabalho sem dar qualquer sinal.<\/p>\n<p class=\"p_1\">Segundo apurou o Jornal, o seu telem\u00f3vel deixou de atender chamadas a partir das 19h25 de segunda-feira, o que aumentou a preocupa\u00e7\u00e3o da fam\u00edlia. O desaparecimento foi confirmado pelo irm\u00e3o, Jos\u00e9 Reis, conhecido por Joe, que, em declara\u00e7\u00f5es ao JM, n\u00e3o excluiu a possibilidade de um eventual sequestro.<\/p>\n<p class=\"p_2\">As autoridades sul-africanas j\u00e1 deram in\u00edcio \u00e0s dilig\u00eancias. Um processo foi aberto esta manh\u00e3 na esquadra da South African Police Services (SAPS), em Benoni, Ekurhuleni, a leste de Joanesburgo, sob o n\u00famero 1856\/10\/2025.<\/p>\n<p class=\"p_3\">O JM continuar\u00e1 a acompanhar o desenrolar das investiga\u00e7\u00f5es.<\/p>\n","protected":false},"excerpt":{"rendered":"Ant\u00f3nio (Tony) Marques da Silva dos Reis, emigrante madeirense natural da freguesia de Santana, est\u00e1 desaparecido desde a&hellip;\n","protected":false},"author":2,"featured_media":111742,"comment_status":"","ping_status":"","sticky":false,"template":"","format":"standard","meta":{"footnotes":""},"categories":[50],"tags":[27,28,15,16,14,26419,25,26,21,22,62,12,13,19,20,23,24,17,18,29,30,31,63,64,65],"class_list":{"0":"post-111741","1":"post","2":"type-post","3":"status-publish","4":"format-standard","5":"has-post-thumbnail","7":"category-mundo","8":"tag-breaking-news","9":"tag-breakingnews","10":"tag-featured-news","11":"tag-featurednews","12":"tag-headlines","13":"tag-jose-luiz-da-silva-correspondente-em-joanesburgo-africa-do-sul","14":"tag-latest-news","15":"tag-latestnews","16":"tag-main-news","17":"tag-mainnews","18":"tag-mundo","19":"tag-news","20":"tag-noticias","21":"tag-noticias-principais","22":"tag-noticiasprincipais","23":"tag-principais-noticias","24":"tag-principaisnoticias","25":"tag-top-stories","26":"tag-topstories","27":"tag-ultimas","28":"tag-ultimas-noticias","29":"tag-ultimasnoticias","30":"tag-world","31":"tag-world-news","32":"tag-worldnews"},"share_on_mastodon":{"url":"","error":""},"_links":{"self":[{"href":"https:\/\/www.europesays.com\/pt\/wp-json\/wp\/v2\/posts\/111741","targetHints":{"allow":["GET"]}}],"collection":[{"href":"https:\/\/www.europesays.com\/pt\/wp-json\/wp\/v2\/posts"}],"about":[{"href":"https:\/\/www.europesays.com\/pt\/wp-json\/wp\/v2\/types\/post"}],"author":[{"embeddable":true,"href":"https:\/\/www.europesays.com\/pt\/wp-json\/wp\/v2\/users\/2"}],"replies":[{"embeddable":true,"href":"https:\/\/www.europesays.com\/pt\/wp-json\/wp\/v2\/comments?post=111741"}],"version-history":[{"count":0,"href":"https:\/\/www.europesays.com\/pt\/wp-json\/wp\/v2\/posts\/111741\/revisions"}],"wp:featuredmedia":[{"embeddable":true,"href":"https:\/\/www.europesays.com\/pt\/wp-json\/wp\/v2\/media\/111742"}],"wp:attachment":[{"href":"https:\/\/www.europesays.com\/pt\/wp-json\/wp\/v2\/media?parent=111741"}],"wp:term":[{"taxonomy":"category","embeddable":true,"href":"https:\/\/www.europesays.com\/pt\/wp-json\/wp\/v2\/categories?post=111741"},{"taxonomy":"post_tag","embeddable":true,"href":"https:\/\/www.europesays.com\/pt\/wp-json\/wp\/v2\/tags?post=111741"}],"curies":[{"name":"wp","href":"https:\/\/api.w.org\/{rel}","templated":true}]}}