{"id":111743,"date":"2025-10-15T12:58:22","date_gmt":"2025-10-15T12:58:22","guid":{"rendered":"https:\/\/www.europesays.com\/pt\/111743\/"},"modified":"2025-10-15T12:58:22","modified_gmt":"2025-10-15T12:58:22","slug":"quem-foi-o-principal-vencedor-das-autarquicas-sapo","status":"publish","type":"post","link":"https:\/\/www.europesays.com\/pt\/111743\/","title":{"rendered":"Quem foi o principal vencedor das aut\u00e1rquicas? &#8211; SAPO"},"content":{"rendered":"<ol>\n<li><a href=\"https:\/\/news.google.com\/rss\/articles\/CBMimAFBVV95cUxONWl1VXc3R1EwQVRFdWlPM2tHamVjU2hXTWxJdjJUM2tpTWdTN1hSRE8wbmlXQVIxOVlDbjZwSXNwMTd2c1dFQlcySXZidjc5ek9UeDBPR1JBcEVLS1RwZDJ5RW52WDF5a01wUlpHZTVoVGhMUldkOEZmZ3gzMXBzcTQySWh6R09NVnF1RFhRU0RQRFJFeWV6Ng?oc=5\" target=\"_blank\" rel=\"nofollow noopener\">Quem foi o principal vencedor das aut\u00e1rquicas?<\/a>&nbsp;&nbsp;SAPO<\/li>\n<li><a href=\"https:\/\/news.google.com\/rss\/articles\/CBMiqwFBVV95cUxPb0I0ZE1jQ0plclVRTDRVa3NHRkRiS3laZEg0YTJobjR5a25DUnZRRHBLMjhoQklrNkxnNjF1WWhROUNHTVJZMTYxdmY5U1pxLWQ1c0ZWOGY4eGhqanVwUXpWMWdsQkJQUHlKQmZJVi1qV0NuZ0dHaEMydjVRNUVOcHNGMktQSFVMbURmcUQwLTh0U04xbjAwenBzRVRrNkRyQU8wQUE0ckJGZDg?oc=5\" target=\"_blank\" rel=\"nofollow noopener\">PS ganhou em Faro 16 anos depois<\/a>&nbsp;&nbsp;Expresso<\/li>\n<li><a href=\"https:\/\/news.google.com\/rss\/articles\/CBMigwFBVV95cUxORjUxSzM2LUNGRVZ1bVpsb0VscFo5RkRwRVlzakpNOFpsck43Y3ZWNDM1ejFfX3VyLTdfZTlFNXFmM08yMElCcGxBVzhCNThiTGRtellSLVpxcVE2N2oxaFFFS1ZaT3J1eTR6UkVZQjFTNnVKeUwwSVN2cGU5WUxuR2w2QQ?oc=5\" target=\"_blank\" rel=\"nofollow noopener\">Elei\u00e7\u00f5es aut\u00e1rquicas 2025 &#8211; Algarve (Resultados)<\/a>&nbsp;&nbsp;Algarve Primeiro<\/li>\n<li><a href=\"https:\/\/news.google.com\/rss\/articles\/CBMixgFBVV95cUxQQjh6S1NZZDlRVWZsQU1oWnFVa05KeGhmMHlieGNoa0UwWGZMQnBnWHpWWFJDOC01OU5KaTNXOEE3UUViREgycWRYbnAyTzRtS19uTElILU5MVXFITXZuUkJfYl9SNElNZHNGNGwzS0t5bWFfbEdWbVZfWDNtTUw0cXJYbXZBbWYzV1FaLUlhNEVlN2FXdk1EOVFwOGNOd18xWXl0QkdnUzFfNEZwNnFzMnFid2ZUN2RPSWlxSEtIcEhra3pMbmc?oc=5\" target=\"_blank\" rel=\"nofollow noopener\">L\u00edder do PSD\/Algarve admite \u00abmau resultado\u00bb apesar de subida \u00abexpressiva\u00bb em votos e mandatos<\/a>&nbsp;&nbsp;Sul Informa\u00e7\u00e3o<\/li>\n<li><a href=\"https:\/\/news.google.com\/rss\/articles\/CBMiuwFBVV95cUxNZGFvSWxxTUVHNFhZQWxFdU1ZN05Sa3psTE9JMUJUZTBSNUhKejdFUmpIS0UwOGhtRTBya1gxcXFwd1FNVEJMeEE1dEJYRlFZTldob1NXZlBBYWRodWZkYktkaU5RV1ZVR0xESTR2TE5iMWh1cVFPbi1EWTV4T0JrQmROY3lXNG1pM2RKdVl3bTNyazVPTTBhNnBYbVNycGpuVDNmMjB3dDFpb3k5aVFCWHpvWlRMRXZ6V2pn?oc=5\" target=\"_blank\" rel=\"nofollow noopener\">Aut\u00e1rquicas: Partidos derrotados em Faro dividem-se entre a desilus\u00e3o e a esperan\u00e7a<\/a>&nbsp;&nbsp;A voz do Algarve<\/li>\n<\/ol>\n","protected":false},"excerpt":{"rendered":"Quem foi o principal vencedor das aut\u00e1rquicas?&nbsp;&nbsp;SAPO PS ganhou em Faro 16 anos depois&nbsp;&nbsp;Expresso Elei\u00e7\u00f5es aut\u00e1rquicas 2025 &#8211;&hellip;\n","protected":false},"author":2,"featured_media":111744,"comment_status":"","ping_status":"","sticky":false,"template":"","format":"standard","meta":{"footnotes":""},"categories":[10],"tags":[27,28,15,16,14,25,26,21,22,12,13,19,20,32,23,24,33,17,18,29,30,31],"class_list":{"0":"post-111743","1":"post","2":"type-post","3":"status-publish","4":"format-standard","5":"has-post-thumbnail","7":"category-portugal","8":"tag-breaking-news","9":"tag-breakingnews","10":"tag-featured-news","11":"tag-featurednews","12":"tag-headlines","13":"tag-latest-news","14":"tag-latestnews","15":"tag-main-news","16":"tag-mainnews","17":"tag-news","18":"tag-noticias","19":"tag-noticias-principais","20":"tag-noticiasprincipais","21":"tag-portugal","22":"tag-principais-noticias","23":"tag-principaisnoticias","24":"tag-pt","25":"tag-top-stories","26":"tag-topstories","27":"tag-ultimas","28":"tag-ultimas-noticias","29":"tag-ultimasnoticias"},"share_on_mastodon":{"url":"","error":""},"_links":{"self":[{"href":"https:\/\/www.europesays.com\/pt\/wp-json\/wp\/v2\/posts\/111743","targetHints":{"allow":["GET"]}}],"collection":[{"href":"https:\/\/www.europesays.com\/pt\/wp-json\/wp\/v2\/posts"}],"about":[{"href":"https:\/\/www.europesays.com\/pt\/wp-json\/wp\/v2\/types\/post"}],"author":[{"embeddable":true,"href":"https:\/\/www.europesays.com\/pt\/wp-json\/wp\/v2\/users\/2"}],"replies":[{"embeddable":true,"href":"https:\/\/www.europesays.com\/pt\/wp-json\/wp\/v2\/comments?post=111743"}],"version-history":[{"count":0,"href":"https:\/\/www.europesays.com\/pt\/wp-json\/wp\/v2\/posts\/111743\/revisions"}],"wp:featuredmedia":[{"embeddable":true,"href":"https:\/\/www.europesays.com\/pt\/wp-json\/wp\/v2\/media\/111744"}],"wp:attachment":[{"href":"https:\/\/www.europesays.com\/pt\/wp-json\/wp\/v2\/media?parent=111743"}],"wp:term":[{"taxonomy":"category","embeddable":true,"href":"https:\/\/www.europesays.com\/pt\/wp-json\/wp\/v2\/categories?post=111743"},{"taxonomy":"post_tag","embeddable":true,"href":"https:\/\/www.europesays.com\/pt\/wp-json\/wp\/v2\/tags?post=111743"}],"curies":[{"name":"wp","href":"https:\/\/api.w.org\/{rel}","templated":true}]}}