{"id":111745,"date":"2025-10-15T12:59:12","date_gmt":"2025-10-15T12:59:12","guid":{"rendered":"https:\/\/www.europesays.com\/pt\/111745\/"},"modified":"2025-10-15T12:59:12","modified_gmt":"2025-10-15T12:59:12","slug":"nuno-gomes-deixou-de-ser-socio-do-irmao-para-evitar-conflito-no-benfica","status":"publish","type":"post","link":"https:\/\/www.europesays.com\/pt\/111745\/","title":{"rendered":"Nuno Gomes deixou de ser s\u00f3cio do irm\u00e3o para evitar conflito no Benfica"},"content":{"rendered":"<p>Nuno Gomes deixou de ser s\u00f3cio do irm\u00e3o, Tiago Ribeiro, para evitar qualquer tipo de conflito de interesse se se tornar vice-presidente para o futebol do <a class=\"autolink-enabled\" data-resource-id=\"450\" data-resource-type=\"team\" data-sport=\"football\" href=\"https:\/\/www.abola.pt\/futebol\/benfica-450\" rel=\"nofollow noopener\" target=\"_blank\">Benfica<\/a>. O antigo avan\u00e7ado concorre na Lista F, de Jo\u00e3o Noronha Lopes, mas para cumprir com regras estatut\u00e1rias teve de abdicar da sociedade com o irm\u00e3o mais novo.<\/p>\n<p>Os estatutos do <a class=\"autolink-enabled\" data-resource-id=\"450\" data-resource-type=\"team\" data-sport=\"football\" href=\"https:\/\/www.abola.pt\/futebol\/benfica-450\" rel=\"nofollow noopener\" target=\"_blank\">Benfica<\/a>, no seu artigo 50.\u00ba, s\u00e3o claros quando se redige que \u00abos membros dos \u00f3rg\u00e3os sociais n\u00e3o podem, direta ou indiretamente, estabelecer com o clube e sociedades em que este tenha participa\u00e7\u00e3o, rela\u00e7\u00f5es comerciais ou de presta\u00e7\u00e3o de servi\u00e7os, ainda que por interposta pessoa, considerando-se, para estes efeitos, nomeadamente, o c\u00f4njuge, ascendentes e descendentes\u00bb. Ora, esta quest\u00e3o colocava-se perante a situa\u00e7\u00e3o do antigo jogador e a atividade da sociedade que detinha com o irm\u00e3o h\u00e1 j\u00e1 v\u00e1rios anos.<\/p>\n<p>Nuno Gomes e Tiago Ribeiro eram s\u00f3cios da NPlayers, empresa de intermedia\u00e7\u00e3o de jogadores, e que, no passado, j\u00e1 estivera em neg\u00f3cios com as \u00e1guias, como, por exemplo, nas negocia\u00e7\u00f5es para a contrata\u00e7\u00e3o do treinador alem\u00e3o Roger Schmidt. Noronha Lopes anunciou tamb\u00e9m que o antigo camisola 21 seria administrador da SAD encarnada, pelo que a sociedade com o irm\u00e3o o colocaria em conflito com os estatutos, caso o <a target=\"_blank\" class=\"editor-link autolink-enabled\" href=\"https:\/\/www.abola.pt\/futebol\/benfica-450\" data-resource-id=\"450\" data-resource-type=\"team\" data-sport=\"football\" rel=\"nofollow noopener\">Benfica<\/a> quisesse negociar um jogador intermediado pela NPlayers.<\/p>\n<p>Como a proibi\u00e7\u00e3o \u00e9 absoluta, Nuno Gomes decidiu deixar de ser s\u00f3cio do irm\u00e3o assim que aceitou candidatar-se \u00e0 vice-presid\u00eancia do Benfica. Esse processo ficou finalizado a 1 de agosto deste ano.<\/p>\n<p>            <img decoding=\"async\" src=\"https:\/\/www.europesays.com\/pt\/wp-content\/uploads\/2025\/10\/ec9bbf85-44a0-419d-96ed-aea8c94249f0.png\" alt=\"\" width=\"620\" class=\"w-full object-cover\"\/><\/p>\n<p>                    Tiago Ribeiro, irm\u00e3o de Nuno Gomes, e o antigo avan\u00e7ado &#8211; FOTO: Instagram Nuno Gomes<\/p>\n<p>O ex-internacional portugu\u00eas sempre teve claro que, ao assumir um cargo no Benfica, a NPlayers jamais estaria envolvida direta ou indiretamente em neg\u00f3cios que tenham o Benfica como participante, algo que j\u00e1 tinha sucedido, por exemplo, quando foi diretor-geral do Benfica Campus, no Seixal. Nuno Gomes n\u00e3o era membro de nenhum \u00f3rg\u00e3o social dos encarnados a\u00ed, mas decidiu n\u00e3o envolver a empresa em qualquer intermedia\u00e7\u00e3o com o emblema da Luz.<\/p>\n<p>Sabe <strong>A BOLA<\/strong> tamb\u00e9m que Tiago Ribeiro vai suspender a licen\u00e7a de agente FIFA caso a lista de Noronha Lopes saia vencedora das elei\u00e7\u00f5es, uma medida que tem por base, precisamente, evitar quaisquer conflitos ou ru\u00eddo em torno do tema.<\/p>\n","protected":false},"excerpt":{"rendered":"Nuno Gomes deixou de ser s\u00f3cio do irm\u00e3o, Tiago Ribeiro, para evitar qualquer tipo de conflito de interesse&hellip;\n","protected":false},"author":2,"featured_media":111746,"comment_status":"","ping_status":"","sticky":false,"template":"","format":"standard","meta":{"footnotes":""},"categories":[8],"tags":[27,28,15,16,14,25,26,21,22,12,13,19,20,32,23,24,33,17,18,29,30,31],"class_list":{"0":"post-111745","1":"post","2":"type-post","3":"status-publish","4":"format-standard","5":"has-post-thumbnail","7":"category-principais-noticias","8":"tag-breaking-news","9":"tag-breakingnews","10":"tag-featured-news","11":"tag-featurednews","12":"tag-headlines","13":"tag-latest-news","14":"tag-latestnews","15":"tag-main-news","16":"tag-mainnews","17":"tag-news","18":"tag-noticias","19":"tag-noticias-principais","20":"tag-noticiasprincipais","21":"tag-portugal","22":"tag-principais-noticias","23":"tag-principaisnoticias","24":"tag-pt","25":"tag-top-stories","26":"tag-topstories","27":"tag-ultimas","28":"tag-ultimas-noticias","29":"tag-ultimasnoticias"},"share_on_mastodon":{"url":"","error":""},"_links":{"self":[{"href":"https:\/\/www.europesays.com\/pt\/wp-json\/wp\/v2\/posts\/111745","targetHints":{"allow":["GET"]}}],"collection":[{"href":"https:\/\/www.europesays.com\/pt\/wp-json\/wp\/v2\/posts"}],"about":[{"href":"https:\/\/www.europesays.com\/pt\/wp-json\/wp\/v2\/types\/post"}],"author":[{"embeddable":true,"href":"https:\/\/www.europesays.com\/pt\/wp-json\/wp\/v2\/users\/2"}],"replies":[{"embeddable":true,"href":"https:\/\/www.europesays.com\/pt\/wp-json\/wp\/v2\/comments?post=111745"}],"version-history":[{"count":0,"href":"https:\/\/www.europesays.com\/pt\/wp-json\/wp\/v2\/posts\/111745\/revisions"}],"wp:featuredmedia":[{"embeddable":true,"href":"https:\/\/www.europesays.com\/pt\/wp-json\/wp\/v2\/media\/111746"}],"wp:attachment":[{"href":"https:\/\/www.europesays.com\/pt\/wp-json\/wp\/v2\/media?parent=111745"}],"wp:term":[{"taxonomy":"category","embeddable":true,"href":"https:\/\/www.europesays.com\/pt\/wp-json\/wp\/v2\/categories?post=111745"},{"taxonomy":"post_tag","embeddable":true,"href":"https:\/\/www.europesays.com\/pt\/wp-json\/wp\/v2\/tags?post=111745"}],"curies":[{"name":"wp","href":"https:\/\/api.w.org\/{rel}","templated":true}]}}