{"id":111751,"date":"2025-10-15T13:08:12","date_gmt":"2025-10-15T13:08:12","guid":{"rendered":"https:\/\/www.europesays.com\/pt\/111751\/"},"modified":"2025-10-15T13:08:12","modified_gmt":"2025-10-15T13:08:12","slug":"e-uma-otima-noticia-que-nao-muda-em-nada-a-minha-vida-diz-guitarrista","status":"publish","type":"post","link":"https:\/\/www.europesays.com\/pt\/111751\/","title":{"rendered":"&#8216;\u00e9 uma \u00f3tima not\u00edcia&#8230;. que n\u00e3o muda em nada a minha vida!&#8217;, diz guitarrista"},"content":{"rendered":"\n<p class=\" content-text__container theme-color-primary-first-letter\" data-track-category=\"Link no Texto\" data-track-links=\"\"> Reconhecida como uma das maiores bandas de rock da hist\u00f3ria ainda com aura cult e alguma fama de indie, o Weezer agora n\u00e3o tem mais como disfar\u00e7ar a sua grandeza. Faixa de seu \u00e1lbum de 2001 (como muitos deles intitulado de \u201cWeezer\u201d e, por causa da cor da capa, conhecido como \u201co \u00e1lbum verde\u201d), \u201cIsland in the Sun\u201d recentemente ultrapassou a marca de 1 bilh\u00e3o de streams no Spotify. Um feito que a banda vai comemorar no Brasil no dia 2, no Parque do Ibirapuera (em S\u00e3o Paulo), como atra\u00e7\u00e3o principal do festival Indigo (que ainda vai ter Bloc Party, Mogwai, Judeline e Otoboke Beaver). <\/p>\n<p class=\" content-text__container \" data-track-category=\"Link no Texto\" data-track-links=\"\"> \u2014 H\u00e1 um tempo queria me gabar disso com algu\u00e9m, porque parece impressionante. N\u00e3o sabia bem o que fazer com essa informa\u00e7\u00e3o, porque s\u00e3o streams digitais, sabe? \u00c9 dif\u00edcil entender esse n\u00famero. Mas \u00e9 uma \u00f3tima not\u00edcia&#8230;. que realmente n\u00e3o muda em nada a minha vida! \u2014 diverte-se o guitarrista Brian Bell, integrante do Weezer desde 1993 (a banda americana foi fundada no ano anterior pelo guitarrista, cantor e compositor Rivers Cuomo). \u2014 Alguma hora em que algu\u00e9m estiver se gabando de algo e tentando me fazer sentir pequeno, eu vou soltar essa informa\u00e7\u00e3o. <\/p>\n<ul class=\"content-unordered-list\">\n<li><strong>Eletrodos no c\u00e9rebro, 5 horas de dura\u00e7\u00e3o:<\/strong> <a class=\"\" href=\"https:\/\/oglobo.globo.com\/saude\/noticia\/2025\/10\/14\/16-eletrodos-no-cerebro-5-horas-de-duracao-conheca-a-cirurgia-que-moacyr-luz-fara-hoje-em-sp-contra-o-parkinson-avancado.ghtml\" rel=\"nofollow noopener\" target=\"_blank\">Conhe\u00e7a a cirurgia que Moacyr Luz far\u00e1 hoje em SP contra o Parkinson avan\u00e7ado<\/a><\/li>\n<li><strong>Edson Gomes e C\u00e9lia Sampaio: <\/strong><a class=\"\" href=\"https:\/\/oglobo.globo.com\/cultura\/noticia\/2025\/10\/05\/rumo-ao-futuro-o-reggae-brasileiro-reconhece-a-sua-propria-historia-e-celebra-edson-gomes-e-celia-sampaio.ghtml\" rel=\"nofollow noopener\" target=\"_blank\">Reggae brasileiro se fortalece e renova, celebrando pioneiros <\/a><\/li>\n<\/ul>\n<p class=\" content-text__container \" data-track-category=\"Link no Texto\" data-track-links=\"\"> Outra particularidade do Weezer no mundo digital que o guitarrista diz achar bizarra \u00e9 que a faixa \u201cI just threw out the love of my dreams\u201d (um dueto de Cuomo com a cantora Rachel Haden, um lado B que n\u00e3o chegou a entrar primeira na edi\u00e7\u00e3o \u00e1lbum \u201cPinkerton\u201d, de 1996) tenha se tornado uma das m\u00fasicas mais ouvidas da banda no streaming, mas por causa de uma trend do TikTok. <\/p>\n<p class=\" content-text__container \" data-track-category=\"Link no Texto\" data-track-links=\"\"> \u2014 Agora essa m\u00fasica est\u00e1 nos nossos shows, tenho de saber toc\u00e1-la em dois tons diferentes. Nunca sei quando o Rivers vai querer trazer uma cantora convidada, e ent\u00e3o temos que toc\u00e1-la em um tom mais alto \u2014 explica Bell. \u2014 Esses desafios tornam as coisas um pouco mais estressantes nos shows, mas eu gosto, fazem me sentir mais m\u00fasico. <\/p>\n<p class=\" content-text__container \" data-track-category=\"Link no Texto\" data-track-links=\"\"> A juventude n\u00e3o cessa de descobrir o Weezer, surgida em meio \u00e0 onda de rock alternativo p\u00f3s-Nirvana, nos anos 1990. Em agosto, a estrela americana <a class=\"\" href=\"https:\/\/oglobo.globo.com\/tudo-sobre\/personalidade\/olivia-rodrigo\/\" rel=\"nofollow noopener\" target=\"_blank\">Olivia Rodrigo<\/a>, de 22 anos, chamou a banda para acompanh\u00e1-la em Chigago, no festival Lollapalooza, em \u201cSay it ain\u2019t so\u201d e \u201cBuddy Holly\u201d (can\u00e7\u00f5es de \u201cWeezer\u201d, ou melhor, do \u201c\u00e1lbum azul\u201d, de estreia, lan\u00e7ado em 1994). <\/p>\n<p class=\" content-text__container \" data-track-category=\"Link no Texto\" data-track-links=\"\"> \u2014 T\u00ednhamos acabado uma turn\u00ea europeia e ela nos chamou: eu, Rivers e Scott (Shriner, baixista) (Patrick Wilson, o baterista preferiu ficar fora dessa). Nos levaram para l\u00e1, nos acomodaram, e foram muito gentis. A voz dela estava \u00f3tima e ela at\u00e9 nos deu um conjunto de pickleball (esporte de raquete que combina elementos de t\u00eanis, badminton e pingue-pongue) \u2014 recorda-se Bell. \u2014 O Weezer foi o primeiro show da vida da Olivia. Vi aquela foto, ela parecia ter 9 anos. \u00c0s vezes, especialmente quando se \u00e9 mais jovem, as pessoas precisam que diga o que \u00e9 aceit\u00e1vel ou legal para ouvir. Ela fez isso por n\u00f3s, com essa plateia para a qual provavelmente n\u00e3o ter\u00edamos tocado de outra forma. <\/p>\n<p class=\" content-text__container \" data-track-category=\"Link no Texto\" data-track-links=\"\"> Apesar de um <a class=\"\" href=\"https:\/\/oglobo.globo.com\/cultura\/rock-in-rio-weezer-fez-estreia-em-grande-estilo-no-festival-23982852\" rel=\"nofollow noopener\" target=\"_blank\">show no Rock in Rio em 2019<\/a>, as mem\u00f3rias mais vivas do guitarrista no Brasil s\u00e3o as do primeiro show no pa\u00eds, no Curitiba Rock Festival de 2005: <\/p>\n<p class=\" content-text__container \" data-track-category=\"Link no Texto\" data-track-links=\"\"> \u2014 \u00c9 incr\u00edvel pensar que j\u00e1 se passou tanto tempo desde aquela primeira vez. Foi um show pequeno. Meio que brincamos sobre isso outro dia, porque quando pensamos em tocar no Brasil, ach\u00e1vamos que ia ser como no <a class=\"\" href=\"https:\/\/oglobo.globo.com\/tudo-sobre\/evento-musical\/rock-in-rio\/\" rel=\"nofollow noopener\" target=\"_blank\">Rock in Rio<\/a>, com centenas de milhares de pessoas. Acabamos tocando em um clube. Tinha a mesma energia, mas com muito, muito menos pessoas. Lembro de que precis\u00e1vamos de um sintetizador Moog e algum amigo do Scott que morava no Brasil atravessou o pa\u00eds para nos trazer um. <\/p>\n<p class=\" content-text__container \" data-track-category=\"Link no Texto\" data-track-links=\"\"> O show brasileiro desta vez ser\u00e1 dedicado a comemorar os 30 anos do \u201c\u00e1lbum azul\u201d, que na \u00e9poca do lan\u00e7amento teve como hits \u201cBuddy Holly\u201d, \u201cUndone \u2014 The Sweater Song\u201d e \u201cSay it ain\u2019t so\u201d. <\/p>\n<p class=\" content-text__container \" data-track-category=\"Link no Texto\" data-track-links=\"\"> \u2014 S\u00e3o can\u00e7\u00f5es que n\u00e3o podemos evitar e n\u00e3o queremos evitar. Adoramos e \u00e9 uma sorte que n\u00e3o estejamos cansados delas \u2014 diz Bell. \u2014 Mas tamb\u00e9m \u00e9 legal revisitar algumas que n\u00e3o tocamos com tanta frequ\u00eancia, tipo, \u201cOnly in dreams\u201d, que sai sempre diferente cada vez que a gente toca e \u00e9 explosiva. Ou ent\u00e3o \u201cHoliday\u201d, que \u00e9 num compasso 6\/8; \u201cMy name is Jonas\u201d; \u201cThe world has turned and left me here\u201d e \u201cIn the garage\u201d, que me lembra sempre de quando estava no ensino m\u00e9dio e matava aula para ensaiar na garagem, o que eu n\u00e3o recomendo a quem estiver lendo isso fazer! Ah, e ainda \u201cNo one else\u201d, que a gente toca no tom original do disco, diferente dos tons das outras can\u00e7\u00f5es. <\/p>\n<p class=\" content-text__container \" data-track-category=\"Link no Texto\" data-track-links=\"\"> H\u00e1 rumores de que a banda prepara um \u00e1lbum de in\u00e9ditas, o que n\u00e3o faz desde 2022: <\/p>\n<p class=\" content-text__container \" data-track-category=\"Link no Texto\" data-track-links=\"\"> \u2014 Isso \u00e9 sobre o que o mais quero falar com voc\u00ea, mas acho que ainda n\u00e3o tenho permiss\u00e3o. Digamos que se fosse ter um novo \u00e1lbum, ele seria muito bom \u2014 despista o guitarrista. <\/p>\n<p class=\" content-text__container \" data-track-category=\"Link no Texto\" data-track-links=\"\"> J\u00e1 tocando nos shows faixas de \u201cPinkerton\u201d (disco do Weezer que fracassou \u00e0 \u00e9poca, depois virou cult e em 2026 completa 30 anos), Bell afirma esperar mesmo \u00e9 pela hora de revisitar o \u201c\u00e1lbum verde\u201d de 2001. <\/p>\n<p class=\" content-text__container \" data-track-category=\"Link no Texto\" data-track-links=\"\"> \u2014 H\u00e1 tantas m\u00fasicas ali al\u00e9m de \u201cIsland in the Sun\u201d e \u201cHash pipe\u201d, que n\u00f3s j\u00e1 tocamos tanto&#8230; o \u00e1lbum em si quase soa como uma m\u00fasica s\u00f3, ele \u00e9 muito conciso em seu som. Adoro m\u00fasicas como \u201cSmile\u201d e \u201cO girlfriend\u201d, m\u00fasicas que t\u00eam essa energia e um som espec\u00edfico \u2014 diz. \u2014 O disco tamb\u00e9m me lembra do Mikey (Welsh, baixista que sairia logo ap\u00f3s as grava\u00e7\u00f5es e que morreria em 2011) e do Rick Ocasek (cantor do grupo The Cars e produtor dos \u00e1lbuns azul e verde, falecido em 2019). Eu adoraria fazer um show do \u00e1lbum verde. Acho esse um disco meio subestimado, mesmo tendo uma m\u00fasica com um bilh\u00e3o de streams. <\/p>\n","protected":false},"excerpt":{"rendered":"Reconhecida como uma das maiores bandas de rock da hist\u00f3ria ainda com aura cult e alguma fama de&hellip;\n","protected":false},"author":2,"featured_media":111752,"comment_status":"","ping_status":"","sticky":false,"template":"","format":"standard","meta":{"footnotes":""},"categories":[141],"tags":[114,115,26420,149,150,6379,32,33,26421,763],"class_list":{"0":"post-111751","1":"post","2":"type-post","3":"status-publish","4":"format-standard","5":"has-post-thumbnail","7":"category-musica","8":"tag-entertainment","9":"tag-entretenimento","10":"tag-festival-de-musica-idealizado-pelo-empresario-roberto-medina","11":"tag-music","12":"tag-musica","13":"tag-olivia-rodrigo","14":"tag-portugal","15":"tag-pt","16":"tag-realizado-pela-primeira-vez-em-1985","17":"tag-rock-in-rio"},"share_on_mastodon":{"url":"","error":""},"_links":{"self":[{"href":"https:\/\/www.europesays.com\/pt\/wp-json\/wp\/v2\/posts\/111751","targetHints":{"allow":["GET"]}}],"collection":[{"href":"https:\/\/www.europesays.com\/pt\/wp-json\/wp\/v2\/posts"}],"about":[{"href":"https:\/\/www.europesays.com\/pt\/wp-json\/wp\/v2\/types\/post"}],"author":[{"embeddable":true,"href":"https:\/\/www.europesays.com\/pt\/wp-json\/wp\/v2\/users\/2"}],"replies":[{"embeddable":true,"href":"https:\/\/www.europesays.com\/pt\/wp-json\/wp\/v2\/comments?post=111751"}],"version-history":[{"count":0,"href":"https:\/\/www.europesays.com\/pt\/wp-json\/wp\/v2\/posts\/111751\/revisions"}],"wp:featuredmedia":[{"embeddable":true,"href":"https:\/\/www.europesays.com\/pt\/wp-json\/wp\/v2\/media\/111752"}],"wp:attachment":[{"href":"https:\/\/www.europesays.com\/pt\/wp-json\/wp\/v2\/media?parent=111751"}],"wp:term":[{"taxonomy":"category","embeddable":true,"href":"https:\/\/www.europesays.com\/pt\/wp-json\/wp\/v2\/categories?post=111751"},{"taxonomy":"post_tag","embeddable":true,"href":"https:\/\/www.europesays.com\/pt\/wp-json\/wp\/v2\/tags?post=111751"}],"curies":[{"name":"wp","href":"https:\/\/api.w.org\/{rel}","templated":true}]}}