{"id":111757,"date":"2025-10-15T13:12:21","date_gmt":"2025-10-15T13:12:21","guid":{"rendered":"https:\/\/www.europesays.com\/pt\/111757\/"},"modified":"2025-10-15T13:12:21","modified_gmt":"2025-10-15T13:12:21","slug":"liliana-recusa-sinal-de-consentimento-e-fabio-nao-achou-grande-piada","status":"publish","type":"post","link":"https:\/\/www.europesays.com\/pt\/111757\/","title":{"rendered":"Liliana recusa sinal de consentimento e F\u00e1bio n\u00e3o achou grande piada"},"content":{"rendered":"<p>\t\t\t\t\t\t\t\t\t\t\t\t<a href=\"#\" onclick=\"window.open('http:\/\/www.facebook.com\/sharer.php?u=https:\/\/cusquices.com\/liliana-recusa-sinal-de-consentimento-e-fabio-nao-achou-grande-piada\/&amp;t=Liliana recusa sinal de consentimento e F\u00e1bio n\u00e3o achou grande piada', 'facebookShare', 'width=626,height=436'); return false;\" title=\"Share on Facebook\"><\/p>\n<p>Share<\/p>\n<p><\/a><br \/>\n\t\t\t\t\t\t\t\t\t\t\t\t<a href=\"#\" onclick=\"window.open('http:\/\/twitter.com\/share?text=Liliana recusa sinal de consentimento e F\u00e1bio n\u00e3o achou grande piada -&amp;url=https:\/\/cusquices.com\/liliana-recusa-sinal-de-consentimento-e-fabio-nao-achou-grande-piada\/', 'twitterShare', 'width=626,height=436'); return false;\" title=\"Tweet This Post\"><\/p>\n<p>Tweet<\/p>\n<p><\/a><br \/>\n\t\t\t\t\t\t\t\t\t\t\t\t<a href=\"whatsapp:\/\/send?text=Liliana recusa sinal de consentimento e F\u00e1bio n\u00e3o achou grande piada https:\/\/cusquices.com\/liliana-recusa-sinal-de-consentimento-e-fabio-nao-achou-grande-piada\/\" rel=\"nofollow\"><\/p>\n<p>Share<\/p>\n<p><\/a><br \/>\n\t\t\t\t\t\t\t\t\t\t\t\t<a href=\"#\" onclick=\"window.open('http:\/\/pinterest.com\/pin\/create\/button\/?url=https:\/\/cusquices.com\/liliana-recusa-sinal-de-consentimento-e-fabio-nao-achou-grande-piada\/&amp;media=https:\/\/cusquices.com\/wp-content\/uploads\/2025\/10\/liliana-fabio-1000x600.jpg&amp;description=Liliana recusa sinal de consentimento e F\u00e1bio n\u00e3o achou grande piada', 'pinterestShare', 'width=750,height=350'); return false;\" title=\"Pin This Post\"><\/p>\n<p>Share<\/p>\n<p><\/a><br \/>\n\t\t\t\t\t\t\t\t\t\t\t\t<a href=\"mailto:?subject=Liliana recusa sinal de consentimento e F\u00e1bio n\u00e3o achou grande piada&amp;BODY=I found this article interesting and thought of sharing it with you. Check it out: https:\/\/cusquices.com\/liliana-recusa-sinal-de-consentimento-e-fabio-nao-achou-grande-piada\/\"><\/p>\n<p>Email<\/p>\n<p><\/a><br \/>\n\t\t\t\t\t\t\t\t\t\t\t\t\t\t\t\t\t\t\t\t\t\t\t\t\t\t\t\t\t\t\t\t\t\t\t\t\t\t\t\t\t\t\t\t\t\t\t\t\t\t\t\t\t<a href=\"https:\/\/cusquices.com\/liliana-recusa-sinal-de-consentimento-e-fabio-nao-achou-grande-piada\/#respond\" rel=\"nofollow noopener\" target=\"_blank\"><\/p>\n<p><strong>Liliana <\/strong>continua no centro das aten\u00e7\u00f5es dentro da <strong>Casa dos Segredos 9.<\/strong> Depois de terminar o relacionamento com <strong>Z\u00e9<\/strong> e, em menos de 48 horas, se aproximar de F\u00e1bio, com quem j\u00e1 trocou beijos, car\u00edcias e at\u00e9 dormiram juntos, a concorrente decidiu tra\u00e7ar alguns limites na rela\u00e7\u00e3o. Apesar da forte cumplicidade entre ambos, Liliana n\u00e3o pretende, pelo menos para j\u00e1, envolver-se sexualmente com o contabilista. <\/p>\n<p>O tema tem gerado alguma tens\u00e3o entre o casalinho, e na noite desta segunda-feira, 13 de outubro, Liliana p\u00f4s tudo em pratos limpos com F\u00e1bio e explicou os seus motivos. <strong>\u201cPosso-me enterrar ainda mais [l\u00e1 fora], percebes? N\u00e3o pelas pessoas em geral, mas mais pela minha fam\u00edlia, porque a minha irm\u00e3 tem nove anos e v\u00ea isto\u201d<\/strong>.<\/p>\n<p>Liliana explicou ainda que \u00e9 uma espetadora ass\u00eddua de reality shows e tem consci\u00eancia da imagem que o relacionamento de ambos pode estar a transmitir c\u00e1 para fora: <strong>\u201cEu tamb\u00e9m j\u00e1 vi isto e sei o que \u00e9 que aparece, o que \u00e9 que n\u00e3o aparece. Imagina que tu agora fazias ou o dizes, isso ia aparecer. Percebes? Tipo \u00e9 uma merd*. \u00c9 que tu n\u00e3o o v\u00eas, mas eu vejo estes programas\u201d<\/strong><\/p>\n<p>F\u00e1bio n\u00e3o apreciou a recusa de Liliana e questionou: <strong>\u201cN\u00e3o achas que tamb\u00e9m seria negativo visto que tu dormias com a L\u00eddia e a L\u00eddia sai e n\u00e3o dormirmos juntos? N\u00e3o achas que seria visto de maneira negativa, tipo \u2018quer dizer passaram por isto tudo e agora que tem oportunidade n\u00e3o aproveitam, n\u00e3o s\u00e3o coerentes?\u2019 Pelo menos assim somos coerentes\u201d<\/strong>.<\/p>\n<p><strong>Leia tamb\u00e9m:<\/strong><\/p>\n<p>\t\t\t\t\t\t\t\t\t\t\t\t\t\t\t\t\t\t\t\t\t\t\t\t\t<img decoding=\"async\" src=\"https:\/\/www.europesays.com\/pt\/wp-content\/uploads\/2025\/10\/cusquices-logo-52x.png\" class=\"webpexpress-processed\"\/><\/p>\n<p>\t\t\t\t\t\t\t\t\t\t\t\t\t\t\t\t\t\t\t\t\t            \t\t\t\t\t\t\t\t\t\t\t\t\t\t\t\t\t\t\t\t\t\t\t\t\t\t\t\t\t\t\t\t\t\t\t\t\t\t\t<script async src=\"https:\/\/platform.twitter.com\/widgets.js\" charset=\"utf-8\"><\/script><\/p>\n","protected":false},"excerpt":{"rendered":"Share Tweet Share Share Email Liliana continua no centro das aten\u00e7\u00f5es dentro da Casa dos Segredos 9. Depois&hellip;\n","protected":false},"author":2,"featured_media":111758,"comment_status":"","ping_status":"","sticky":false,"template":"","format":"standard","meta":{"footnotes":""},"categories":[85],"tags":[2632,49,114,115,19082,19016,32,33],"class_list":{"0":"post-111757","1":"post","2":"type-post","3":"status-publish","4":"format-standard","5":"has-post-thumbnail","7":"category-entretenimento","8":"tag-casa-dos-segredos","9":"tag-destaques","10":"tag-entertainment","11":"tag-entretenimento","12":"tag-fabio","13":"tag-liliana","14":"tag-portugal","15":"tag-pt"},"share_on_mastodon":{"url":"","error":""},"_links":{"self":[{"href":"https:\/\/www.europesays.com\/pt\/wp-json\/wp\/v2\/posts\/111757","targetHints":{"allow":["GET"]}}],"collection":[{"href":"https:\/\/www.europesays.com\/pt\/wp-json\/wp\/v2\/posts"}],"about":[{"href":"https:\/\/www.europesays.com\/pt\/wp-json\/wp\/v2\/types\/post"}],"author":[{"embeddable":true,"href":"https:\/\/www.europesays.com\/pt\/wp-json\/wp\/v2\/users\/2"}],"replies":[{"embeddable":true,"href":"https:\/\/www.europesays.com\/pt\/wp-json\/wp\/v2\/comments?post=111757"}],"version-history":[{"count":0,"href":"https:\/\/www.europesays.com\/pt\/wp-json\/wp\/v2\/posts\/111757\/revisions"}],"wp:featuredmedia":[{"embeddable":true,"href":"https:\/\/www.europesays.com\/pt\/wp-json\/wp\/v2\/media\/111758"}],"wp:attachment":[{"href":"https:\/\/www.europesays.com\/pt\/wp-json\/wp\/v2\/media?parent=111757"}],"wp:term":[{"taxonomy":"category","embeddable":true,"href":"https:\/\/www.europesays.com\/pt\/wp-json\/wp\/v2\/categories?post=111757"},{"taxonomy":"post_tag","embeddable":true,"href":"https:\/\/www.europesays.com\/pt\/wp-json\/wp\/v2\/tags?post=111757"}],"curies":[{"name":"wp","href":"https:\/\/api.w.org\/{rel}","templated":true}]}}