{"id":111761,"date":"2025-10-15T13:15:08","date_gmt":"2025-10-15T13:15:08","guid":{"rendered":"https:\/\/www.europesays.com\/pt\/111761\/"},"modified":"2025-10-15T13:15:08","modified_gmt":"2025-10-15T13:15:08","slug":"os-espioes-de-orban-hungria-suspeita-de-ser-agente-estrangeiro-na-uniao-europeia","status":"publish","type":"post","link":"https:\/\/www.europesays.com\/pt\/111761\/","title":{"rendered":"&#8220;Os espi\u00f5es de Orb\u00e1n&#8221;. Hungria suspeita de ser &#8220;agente estrangeiro&#8221; na Uni\u00e3o Europeia"},"content":{"rendered":"<p>Uma <a href=\"https:\/\/www.direkt36.hu\/en\/sulyos-ugy-volt-igy-bukott-le-orbanek-titkos-kemhalozata-brusszelben\/\" target=\"_blank\" rel=\"nofollow noopener\">investiga\u00e7\u00e3o conjunta<\/a> do Direkt36 da Hungria, da revista <a href=\"https:\/\/www.spiegel.de\/ausland\/eu-wie-ungarns-agenten-in-bruessel-informanten-anzuwerben-versuchten-a-a44776c8-c8a6-4bf1-a7d1-7e92f643b748\" target=\"_blank\" rel=\"nofollow noopener\">Der Spiegel <\/a>da Alemanha, do Standard da \u00c1ustria e do jornal <a href=\"https:\/\/www.tijd.be\/politiek-economie\/europa\/algemeen\/hongaarse-premier-viktor-orb-n-bespioneert-al-jaren-eu-instellingen-in-brussel\/10630092.html\" target=\"_blank\" rel=\"nofollow noopener\">De Tijd<\/a>, da B\u00e9lgica, revela que, na d\u00e9cada de 2010, <b>v\u00e1rios espi\u00f5es h\u00fangaros sob cobertura diplom\u00e1tica<\/b>, ligados \u00e0 Representa\u00e7\u00e3o Permamente da Hungria junto da UE,<b> tentaram infiltrar-se na Comiss\u00e3o Europeia.\u00a0<\/b><\/p>\n<p>&#13;<br \/>\nOs jornalistas relatam que, entre 2012 e 2018, o Governo de Viktor \u00d3rban utilizou os servi\u00e7os secretos h\u00fangaros para espiar a UE em Bruxelas e tentar recrutar profissionais h\u00fangaros que trabalhavam nas institui\u00e7\u00f5es europeias para esse fim. No entanto, a rede de espionagem acabou por ser descoberta e ruiu, em 2017, ap\u00f3s uma abordagem imprudente.\u00a0&#8220;Todos os cidad\u00e3os h\u00fangaros que trabalhavam na Comiss\u00e3o e que tinham valor potencial em mat\u00e9ria de informa\u00e7\u00f5es foram considerados um alvo de recrutamento&#8221;, explica o Direkt36.&#13;\n<\/p>\n<p>&#13;<br \/>\nOficialmente, tratavam de Assuntos Financeiros e Econ\u00f3micos, mas, na realidade, seriam utilizados para espionagem interna nas institui\u00e7\u00f5es da UE, revela. \u00c9 o caso de V., <b>um &#8220;diplomata disfar\u00e7ado&#8221; que trabalhava na Representa\u00e7\u00e3o Permanente da Hungria em Bruxelas, sob al\u00e7ada do Minist\u00e9rio dos Neg\u00f3cios Estrangeiros, mas na realidade era um agente\u00a0do Gabinete de Informa\u00e7\u00e3o dos Servi\u00e7os Secretos h\u00fangaros.&#13;<br \/>\n<\/b>&#13;\n<\/p>\n<p>&#13;<br \/>\nSegundo o belga De Tijd, V. &#8220;era respons\u00e1vel pelas opera\u00e7\u00f5es de intelig\u00eancia e infiltra\u00e7\u00e3o do IH (o servi\u00e7o de intelig\u00eancia h\u00fangaro Informacios Hivatal) em Bruxelas&#8221;. Entre 2015 e 2017, o<b> diplomata fict\u00edcio ter\u00e1 trabalhado ativamente no recrutamento de agentes no seio da Comiss\u00e3o<\/b>\u00a0<b>Europeia<\/b>, oferencendo-lhes dinheiro e uma progress\u00e3o na carreira.<br \/>&#13;<br \/>\n\u00a0&#13;\n<\/p>\n<p>&#13;<br \/>\n&#8220;Ele agiu de forma irrespons\u00e1vel, e isso chamou a aten\u00e7\u00e3o da UE. Tentou recrutar pessoas de uma forma surpreendentemente descarada. Foi um assunto s\u00e9rio. Praticamente todos ficaram queimados. Toda a rede teve de ser reconstru\u00edda do zero&#8221;, afirma uma fonte pr\u00f3xima, citada pelo Direkt36.&#13;\n<\/p>\n<p>&#13;<br \/>\nAo servi\u00e7o de Viktor Orb\u00e1n\u00a0&#13;\n<\/p>\n<p>&#13;<br \/>\nUm dos funcion\u00e1rios h\u00fangaros da Comiss\u00e3o Europeia que rejeitou a tentativa de recrutamento de V, explica ao centro de investiga\u00e7\u00e3o Direkt36 que o problema da espionagem contra a Uni\u00e3o Europeia n\u00e3o serviam os interesses nacionais da Hungria, mas visavam refor\u00e7ar o poder pol\u00edtico e econ\u00f3mico de Orb\u00e1n,\u00a0um dos principais cr\u00edticos da UE e aliado do presidente russo Vladimir Putin.&#13;\n<\/p>\n<p>&#13;<br \/>\n<b>&#8220;Outros pa\u00edses tamb\u00e9m tentam coisas como esta. O problema come\u00e7a quando isto deixa de servir uma na\u00e7\u00e3o e passa a servir uma camarilha governante &#8211; ou mesmo um \u00fanico indiv\u00edduo. \u00c9 a motiva\u00e7\u00e3o subjacente que \u00e9 realmente problem\u00e1tica&#8221;<\/b>, afirmou.\u00a0&#8220;A UE tornou-se gradualmente um alvo. \u00c0 medida que a ret\u00f3rica do governo se voltava contra Bruxelas, a pr\u00f3pria burocracia da UE tornou-se um foco para o IH&#8221;, recordou um antigo oficial s\u00e9nior dos servi\u00e7os secretos h\u00fangaros.<br \/>&#13;\n<\/p>\n<p>&#13;<br \/>\nNa altura dos acontecimentos, a Representa\u00e7\u00e3o Permanente da Hungria em Bruxelas era&#13;<br \/>\nchefiada por Olivier Varhelyi, um aliado leal do primeiro-ministro da Hungria, que se tornou Comiss\u00e1rio Europeu em &#13;<br \/>\n2019. Segundo o Direkt36, <b>&#8220;ele tinha certamente conhecimento das atividades de espionagem levadas a cabo na sua embaixada&#8221;<\/b> e &#8220;era ele pr\u00f3prio um dos utilizadores finais das informa\u00e7\u00f5es recolhidas&#8221;.&#13;\n<\/p>\n<p>&#13;<br \/>\nBruxelas est\u00e1 a investigar as acusa\u00e7\u00f5es<br \/>&#13;\n<\/p>\n<p><\/p>\n<p>No entanto, o comiss\u00e1rio europeu da Hungria negou ter conhecimento de qualquer tentativa de espionagem por parte do seu governo durante o<br \/>\nper\u00edodo em que foi o principal diplomata do pa\u00eds em Bruxelas, segundo uma porta-voz da Comiss\u00e3o, citada pelo <a href=\"https:\/\/www.theguardian.com\/world\/2025\/oct\/13\/hungary-eu-commissioner-oliver-varhelyi-not-aware-country-allegedly-tried-to-recruit-spies-in-brussels\" target=\"_blank\" rel=\"nofollow noopener\">Guardian<\/a>.\u00a0Oliv\u00e9r V\u00e1rhelyi reuniu-se com a presidente da Comiss\u00e3o Europeia, Ursula<br \/>\nvon der Leyen, no domingo, para discutir as alega\u00e7\u00f5es divulgadas por um<br \/>\ncons\u00f3rcio de jornalistas de investiga\u00e7\u00e3o na semana passada.<\/p>\n<p>\n<img decoding=\"async\" src=\"https:\/\/www.europesays.com\/pt\/wp-content\/uploads\/2025\/10\/db1bd3a98f3d5eaa48f319b5d4f2c4b9\"\/><br \/>\nDursun Aydemir &#8211; AFP <br \/>&#13;<\/p>\n<p>&#13;<br \/>\n<b>&#8220;A presidente perguntou ao comiss\u00e1rio se ele tinha conhecimento de &#13;<br \/>\nquaisquer tentativas de recrutamento por parte dos servi\u00e7os secretos &#13;<br \/>\nh\u00fangaros visando o pessoal da Comiss\u00e3o Europeia enquanto ele estava na\u00a0 Representa\u00e7\u00e3o Permanente da Hungria<\/b>, disse a porta-voz principal da Comiss\u00e3o Europeia, Paula Pinho, na segunda-feira. <b>&#8220;O comiss\u00e1rio disse que n\u00e3o tinha conhecimento dessas tentativas&#8221;.<\/b>&#13;\n<\/p>\n<p>&#13;<br \/>\nAp\u00f3s a publica\u00e7\u00e3o da investiga\u00e7\u00e3o jornal\u00edstica na semana passada, a Comiss\u00e3o Europeia &#13;<br \/>\ndisse estar a &#8220;analisar&#8221; as acusa\u00e7\u00f5es de espionagem da Hungria nas &#13;<br \/>\ninstitui\u00e7\u00f5es europeias.\u00a0<b>&#8220;Trata-se de uma quest\u00e3o de seguran\u00e7a, vamos criar um grupo interno para analisar&#8221;<\/b>, declarou um porta-voz da Comiss\u00e3o.&#13;<\/p>\n","protected":false},"excerpt":{"rendered":"Uma investiga\u00e7\u00e3o conjunta do Direkt36 da Hungria, da revista Der Spiegel da Alemanha, do Standard da \u00c1ustria e&hellip;\n","protected":false},"author":2,"featured_media":111762,"comment_status":"","ping_status":"","sticky":false,"template":"","format":"standard","meta":{"footnotes":""},"categories":[50],"tags":[27,28,1835,1897,15,16,14,25,26,21,22,62,12,13,19,20,23,24,17,18,1977,29,30,31,636,63,64,65],"class_list":{"0":"post-111761","1":"post","2":"type-post","3":"status-publish","4":"format-standard","5":"has-post-thumbnail","7":"category-mundo","8":"tag-breaking-news","9":"tag-breakingnews","10":"tag-bruxelas","11":"tag-espionagem","12":"tag-featured-news","13":"tag-featurednews","14":"tag-headlines","15":"tag-latest-news","16":"tag-latestnews","17":"tag-main-news","18":"tag-mainnews","19":"tag-mundo","20":"tag-news","21":"tag-noticias","22":"tag-noticias-principais","23":"tag-noticiasprincipais","24":"tag-principais-noticias","25":"tag-principaisnoticias","26":"tag-top-stories","27":"tag-topstories","28":"tag-ue","29":"tag-ultimas","30":"tag-ultimas-noticias","31":"tag-ultimasnoticias","32":"tag-uniao-europeia","33":"tag-world","34":"tag-world-news","35":"tag-worldnews"},"share_on_mastodon":{"url":"","error":""},"_links":{"self":[{"href":"https:\/\/www.europesays.com\/pt\/wp-json\/wp\/v2\/posts\/111761","targetHints":{"allow":["GET"]}}],"collection":[{"href":"https:\/\/www.europesays.com\/pt\/wp-json\/wp\/v2\/posts"}],"about":[{"href":"https:\/\/www.europesays.com\/pt\/wp-json\/wp\/v2\/types\/post"}],"author":[{"embeddable":true,"href":"https:\/\/www.europesays.com\/pt\/wp-json\/wp\/v2\/users\/2"}],"replies":[{"embeddable":true,"href":"https:\/\/www.europesays.com\/pt\/wp-json\/wp\/v2\/comments?post=111761"}],"version-history":[{"count":0,"href":"https:\/\/www.europesays.com\/pt\/wp-json\/wp\/v2\/posts\/111761\/revisions"}],"wp:featuredmedia":[{"embeddable":true,"href":"https:\/\/www.europesays.com\/pt\/wp-json\/wp\/v2\/media\/111762"}],"wp:attachment":[{"href":"https:\/\/www.europesays.com\/pt\/wp-json\/wp\/v2\/media?parent=111761"}],"wp:term":[{"taxonomy":"category","embeddable":true,"href":"https:\/\/www.europesays.com\/pt\/wp-json\/wp\/v2\/categories?post=111761"},{"taxonomy":"post_tag","embeddable":true,"href":"https:\/\/www.europesays.com\/pt\/wp-json\/wp\/v2\/tags?post=111761"}],"curies":[{"name":"wp","href":"https:\/\/api.w.org\/{rel}","templated":true}]}}