{"id":111763,"date":"2025-10-15T13:16:29","date_gmt":"2025-10-15T13:16:29","guid":{"rendered":"https:\/\/www.europesays.com\/pt\/111763\/"},"modified":"2025-10-15T13:16:29","modified_gmt":"2025-10-15T13:16:29","slug":"quebrado-o-silencio-principal-suspeito-no-desaparecimento-de-maddie-conta-a-verdade","status":"publish","type":"post","link":"https:\/\/www.europesays.com\/pt\/111763\/","title":{"rendered":"Quebrado o sil\u00eancio: principal suspeito no desaparecimento de Maddie &#8216;conta a verdade&#8217;"},"content":{"rendered":"<p><strong>Poucos casos criminais marcaram tanto a opini\u00e3o p\u00fablica europeia como o desaparecimento de Maddie McCann durante f\u00e9rias em Portugal h\u00e1 mais de 17 anos. O mist\u00e9rio continua a suscitar novas investiga\u00e7\u00f5es, suspeitas e declara\u00e7\u00f5es que reacendem o debate sobre o que realmente aconteceu naquela noite no Algarve.<\/strong> <\/p>\n<p>O alem\u00e3o Christian Brueckner, condenado por abusos sexuais de menores e considerado suspeito no desaparecimento de Madeleine McCann, voltou a ser not\u00edcia depois de conceder uma entrevista na Alemanha, onde quebrou o sil\u00eancio sobre o caso e contou a \u2018sua verdade\u2019.<\/p>\n<p>A conversa, conduzida pelo jornalista Rob Hyde e citada pelo jornal brit\u00e2nico Daily Star, aconteceu pouco depois de Brueckner ter sido libertado, ap\u00f3s cumprir sete anos de pris\u00e3o pela viola\u00e7\u00e3o de uma mulher norte-americana de 72 anos, crime cometido em territ\u00f3rio portugu\u00eas.<\/p>\n<p class=\"has-medium-font-size\"><strong>\u201cN\u00e3o, claro que n\u00e3o\u201d<\/strong><\/p>\n<p>Durante a entrevista, o agora ex-recluso foi questionado diretamente sobre o desaparecimento de Madeleine McCann, ocorrido em 2007, no resort Ocean Club, na Praia da Luz. A resposta foi curta e taxativa: \u201cN\u00e3o, claro que n\u00e3o\u201d, afirmou o alem\u00e3o, citado pela mesma fonte, negando qualquer envolvimento no caso.<\/p>\n<p class=\"has-medium-font-size\"><strong>Sob vigil\u00e2ncia constante<\/strong><\/p>\n<p>Brueckner, atualmente com 48 anos, \u00e9 acompanhado de perto pelas autoridades alem\u00e3s. Encontra-se sob vigil\u00e2ncia atrav\u00e9s de uma pulseira eletr\u00f3nica e vive de hotel em hotel, sob supervis\u00e3o do Estado.<\/p>\n<p class=\"has-medium-font-size\"><strong>As provas que sustentam as suspeitas<\/strong><\/p>\n<p>A pol\u00edcia associa o suspeito ao desaparecimento de Maddie com base em registos telef\u00f3nicos que o colocam na zona do resort na noite em que a crian\u00e7a desapareceu. <\/p>\n<p>Naquela altura, Brueckner trabalhava e vivia no Algarve, onde j\u00e1 era conhecido por pequenos furtos e por circular em caravanas.<\/p>\n<p>Mais de 17 anos depois, o caso continua sem uma conclus\u00e3o definitiva, de acordo com o <a href=\"https:\/\/www.dailystar.co.uk\/\" target=\"_blank\" rel=\"noreferrer noopener nofollow\">Daily Star<\/a>. Apesar das nega\u00e7\u00f5es, Brueckner mant\u00e9m-se no centro das investiga\u00e7\u00f5es conduzidas pelas autoridades alem\u00e3s, portuguesas e brit\u00e2nicas, num processo que ainda hoje continua a mobilizar meios e aten\u00e7\u00e3o em toda a Europa.<\/p>\n<p><strong>Leia tamb\u00e9m: <a href=\"https:\/\/postal.pt\/economia\/farmaceutica-com-27-anos-de-casa-despedida-por-falta-de-qualificacoes-mas-tribunal-nao-concorda-conheca-o-valor-da-indemnizacao\/\" rel=\"nofollow noopener\" target=\"_blank\">Farmac\u00eautica com 27 anos de casa despedida por falta de qualifica\u00e7\u00f5es mas tribunal n\u00e3o \u2018concorda\u2019: conhe\u00e7a o valor da indemniza\u00e7\u00e3o<\/a><\/strong><\/p>\n","protected":false},"excerpt":{"rendered":"Poucos casos criminais marcaram tanto a opini\u00e3o p\u00fablica europeia como o desaparecimento de Maddie McCann durante f\u00e9rias em&hellip;\n","protected":false},"author":2,"featured_media":111764,"comment_status":"","ping_status":"","sticky":false,"template":"","format":"standard","meta":{"footnotes":""},"categories":[10],"tags":[27,28,15,16,14,25,26,21,22,12,13,19,20,32,23,24,33,17,18,29,30,31],"class_list":{"0":"post-111763","1":"post","2":"type-post","3":"status-publish","4":"format-standard","5":"has-post-thumbnail","7":"category-portugal","8":"tag-breaking-news","9":"tag-breakingnews","10":"tag-featured-news","11":"tag-featurednews","12":"tag-headlines","13":"tag-latest-news","14":"tag-latestnews","15":"tag-main-news","16":"tag-mainnews","17":"tag-news","18":"tag-noticias","19":"tag-noticias-principais","20":"tag-noticiasprincipais","21":"tag-portugal","22":"tag-principais-noticias","23":"tag-principaisnoticias","24":"tag-pt","25":"tag-top-stories","26":"tag-topstories","27":"tag-ultimas","28":"tag-ultimas-noticias","29":"tag-ultimasnoticias"},"share_on_mastodon":{"url":"","error":""},"_links":{"self":[{"href":"https:\/\/www.europesays.com\/pt\/wp-json\/wp\/v2\/posts\/111763","targetHints":{"allow":["GET"]}}],"collection":[{"href":"https:\/\/www.europesays.com\/pt\/wp-json\/wp\/v2\/posts"}],"about":[{"href":"https:\/\/www.europesays.com\/pt\/wp-json\/wp\/v2\/types\/post"}],"author":[{"embeddable":true,"href":"https:\/\/www.europesays.com\/pt\/wp-json\/wp\/v2\/users\/2"}],"replies":[{"embeddable":true,"href":"https:\/\/www.europesays.com\/pt\/wp-json\/wp\/v2\/comments?post=111763"}],"version-history":[{"count":0,"href":"https:\/\/www.europesays.com\/pt\/wp-json\/wp\/v2\/posts\/111763\/revisions"}],"wp:featuredmedia":[{"embeddable":true,"href":"https:\/\/www.europesays.com\/pt\/wp-json\/wp\/v2\/media\/111764"}],"wp:attachment":[{"href":"https:\/\/www.europesays.com\/pt\/wp-json\/wp\/v2\/media?parent=111763"}],"wp:term":[{"taxonomy":"category","embeddable":true,"href":"https:\/\/www.europesays.com\/pt\/wp-json\/wp\/v2\/categories?post=111763"},{"taxonomy":"post_tag","embeddable":true,"href":"https:\/\/www.europesays.com\/pt\/wp-json\/wp\/v2\/tags?post=111763"}],"curies":[{"name":"wp","href":"https:\/\/api.w.org\/{rel}","templated":true}]}}