{"id":111765,"date":"2025-10-15T13:17:09","date_gmt":"2025-10-15T13:17:09","guid":{"rendered":"https:\/\/www.europesays.com\/pt\/111765\/"},"modified":"2025-10-15T13:17:09","modified_gmt":"2025-10-15T13:17:09","slug":"depois-de-gaza-a-ucrania-trump-vira-se-para-outra-guerra-e-pode-criar-um-problema-aos-europeus","status":"publish","type":"post","link":"https:\/\/www.europesays.com\/pt\/111765\/","title":{"rendered":"Depois de Gaza, a Ucr\u00e2nia. Trump vira-se para outra guerra e pode &#8220;criar um problema aos europeus&#8221;"},"content":{"rendered":"<p>\t                O l\u00edder norte-americano considera que &#8220;a guerra em Gaza acabou&#8221;, quando na realidade o cessar-fogo entre Hamas e Israel j\u00e1 est\u00e1 em risco de colapsar. Na sexta-feira, recebe o Presidente da Ucr\u00e2nia na Casa Branca, mas o encontro promete abrir uma nova frente de batalha mais do que enterrar o machado da guerra. Para os mais atentos, o seu derradeiro objetivo \u00e9 s\u00f3 um: &#8220;poder focar-se no essencial&#8221;<\/p>\n<p>Donald Trump tem mais com que se preocupar e a prov\u00e1-lo est\u00e1 uma semana fren\u00e9tica que ainda s\u00f3 vai a meio. Tendo aberto uma nova frente de guerra comercial com a China &#8211;\u00a0<a href=\"https:\/\/cnnportugal.iol.pt\/tarifas\/guerra-comercial\/a-guerra-comercial-esta-de-volta-trump-anuncia-tarifas-adicionais-de-100-a-china\/20251010\/68e98bfad34ee0c2fed121aa\" target=\"_blank\" rel=\"nofollow noopener\">anunciando tarifas de 100%<\/a> sobre as exporta\u00e7\u00f5es chinesas para os EUA, que j\u00e1 mereceram uma<a href=\"https:\/\/cnnportugal.iol.pt\/china\/eua\/a-guerra-comercial-esta-de-volta-trump-diz-que-a-culpa-e-da-china-china-diz-que-a-culpa-e-de-trump\/20251014\/68ee04f4d34ee0c2fed1382a\" target=\"_blank\" rel=\"nofollow noopener\"> promessa de retalia\u00e7\u00e3o em igual medida<\/a> por parte de Pequim &#8211; o presidente norte-americano quer, \u00e0 for\u00e7a, enterrar o machado da guerra nos dois grandes conflitos que pairam sobre a sua administra\u00e7\u00e3o. E f\u00e1-lo \u00e0 custa da verdade, se necess\u00e1rio for, tendo j\u00e1 proclamado o \u201cfim da guerra em Gaza\u201d, antes de anunciar uma reuni\u00e3o com o presidente da Ucr\u00e2nia em Washington DC na pr\u00f3xima sexta-feira.<\/p>\n<p>\u201cTrump \u00e9 um l\u00edder que precisa de mediatismo e, quando toma uma decis\u00e3o, anuncia-a como decis\u00e3o final sem se preocupar com as consequ\u00eancias dessa decis\u00e3o\u201d, aponta \u00e0 CNN Portugal Jos\u00e9 Filipe Pinto, especialista em Rela\u00e7\u00f5es Internacionais. \u201cPara ele, a guerra em Gaza est\u00e1 terminada, mesmo que efetivamente n\u00e3o tenha terminado &#8211; e, da mesma maneira, vai tentar concentrar-se na quest\u00e3o ucraniana e russa com uma atitude muito semelhante\u201d, antecipa o tamb\u00e9m professor catedr\u00e1tico da Universidade Lus\u00f3fona.<\/p>\n<p>Um dia depois de Trump ter proclamado a inaugura\u00e7\u00e3o de uma \u201cnova era dourada do M\u00e9dio Oriente\u201d, ontem o cessar-fogo entre Israel e o Hamas j\u00e1 amea\u00e7ava fracassar. Na primeira fase do acordo de paz proposto pela administra\u00e7\u00e3o norte-americana e debatido na cimeira da paz no Egito &#8211; da qual estiveram ausentes representantes de Israel, do Hamas e do Ir\u00e3o &#8211; o grupo palestiniano comprometia-se a libertar todos os ref\u00e9ns vivos e mortos. Mas libertados os vivos, a segunda parte est\u00e1 a provar-se mais dif\u00edcil &#8211; e isso pode ser aproveitado por Israel para p\u00f4r fim a um acordo que est\u00e1 longe de unir todos os israelitas ainda antes de ser totalmente negociado.<\/p>\n<p>\u201cHouve quem dissesse que a segunda fase j\u00e1 come\u00e7ou, mas isso n\u00e3o \u00e9 correto, continuamos na primeira e ainda hoje [ontem] o Comit\u00e9 Internacional da Cruz Vermelha <a href=\"https:\/\/www.theguardian.com\/world\/live\/2025\/oct\/14\/gaza-ceasefire-israel-hamas-palestine-hostages-detainees-truce-live-news-updates?CMP=share_btn_url&amp;page=with%3Ablock-68ee25848f088a8360ad3891#block-68ee25848f088a8360ad3891\" target=\"_blank\" rel=\"nofollow noopener\">disse que \u00e9 um desafio enorme<\/a> localizar os corpos dos ref\u00e9ns que morreram, porque estamos a falar de um conflito com dois anos &#8211; se n\u00e3o h\u00e1 condi\u00e7\u00f5es do ponto de vista humanit\u00e1rio minimamente dignas no que diz respeito ao abastecimento dos vivos, n\u00e3o podemos esperar tratamento melhor em rela\u00e7\u00e3o aos mortos\u201d, ressalta Jos\u00e9 Filipe Pinto.<\/p>\n<p> <img loading=\"lazy\" decoding=\"async\" alt=\"\" height=\"400\" src=\"https:\/\/www.europesays.com\/pt\/wp-content\/uploads\/2025\/10\/68ee743cd34e58bc6796e2b6.webp\" width=\"600\"\/> <\/p>\n<p>   O &#8220;primeiro problema&#8221; com o acordo de cessar-fogo em Gaza prende-se com a entrega dos ref\u00e9ns mortos, destaca Jos\u00e9 Filipe Pinto, &#8220;at\u00e9 porque durante muito tempo alguns dos ref\u00e9ns estiveram na posse de outros grupos, designadamente a jihad isl\u00e2mica palestiniana [na foto]&#8221;, com o qual o Hamas est\u00e1 agora envolvido em confrontos no terreno\u00a0(Abdel Kareem Hana\/AP) <\/p>\n<p>Face a esta dificuldade, Israel j\u00e1 teceu acusa\u00e7\u00f5es ao Hamas de que n\u00e3o est\u00e1 a respeitar o acordo de cessar-fogo, usando a dificuldade log\u00edstica como \u201cum pretexto para dizer que n\u00e3o h\u00e1 cumprimento da parte do Hamas\u201d. \u00c9\u00a0o que o especialista destaca como \u201co primeiro problema\u201d do atual acordo, numa altura em que Israel j\u00e1 levou a cabo <a href=\"https:\/\/www.middleeasteye.net\/news\/israel-violates-ceasefire-terms-shelling-several-areas-gaza\" target=\"_blank\" rel=\"nofollow noopener\">novos ataques \u00e0 Faixa de Gaza<\/a> que vitimaram pelo menos sete palestinianos, e ao qual acresce um segundo problema, patente no facto de o enclave estar j\u00e1 mergulhado em combates mano a mano entre o Hamas e outros grupos armados.<\/p>\n<p>\u201cEsse \u00e9 o outro elemento fundamental que nos mostra os riscos evidentes de este acordo colapsar\u201d, adianta Jos\u00e9 Filipe Pinto. Quando <a href=\"https:\/\/cnnportugal.iol.pt\/israel\/donald-trump\/charutos-e-champanhe-quem-raio-quer-saber-netanyahu-quer-e-trump-quer-que-herzog-o-perdoe\/20251013\/68ed0eb2d34ee0c2fed1338b\" target=\"_blank\" rel=\"nofollow noopener\">Trump discursou no Knesset<\/a> na segunda-feira, anunciou que os EUA autorizaram o Hamas a \u201crearmar-se\u201d para poder policiar a Faixa de Gaza at\u00e9 uma nova for\u00e7a internacional ser destacada para o territ\u00f3rio &#8211; mas, para o analista, \u201cn\u00e3o entendemos o que Trump disse sobre quem garantir\u00e1 a seguran\u00e7a em Gaza\u201d.<\/p>\n<p>\u201cTrump deu a ideia de que seria o Hamas, mas o que o Hamas j\u00e1 est\u00e1 a fazer \u00e9 a ajustar contas com grupos rivais e com membros do pr\u00f3prio grupo acusados de colaborar com Israel. No fundo, j\u00e1 est\u00e1 em curso o que se chama n\u00e3o a noite mas o <a href=\"https:\/\/www.economist.com\/middle-east-and-africa\/2025\/10\/13\/fighting-flares-in-gaza-as-donald-trump-says-the-war-is-over\" target=\"_blank\" rel=\"nofollow noopener\">dia das facas longas<\/a>\u00a0&#8211; e juntando estes dois elementos, fica evidente que o acordo dificilmente vai subsistir por muito tempo.\u201d<\/p>\n<p>Do dia das facas longas a uma nova frente de batalha <\/p>\n<p>Numa l\u00f3gica de paz \u00e0 for\u00e7a sem olhar \u00e0s consequ\u00eancias, Trump esteve em Jerusal\u00e9m e em Sharm el-Sheikh sem avan\u00e7ar detalhes sobre o futuro do acordo de paz. Em vez disso, ainda no Egito mas j\u00e1 a bordo do seu Air Force One, pronto para regressar aos EUA, o l\u00edder norte-americano anunciou que vai receber Volodymyr Zelensky na Casa Branca na sexta-feira, assumindo que esse encontro poder\u00e1 resultar na entrega de m\u00edsseis Tomahawk a Kiev &#8211; ainda que indiretamente.<\/p>\n<p>\u201cPosso dizer-lhes [aos russos] que, se a guerra n\u00e3o for resolvida, \u00e9 bem poss\u00edvel que o fa\u00e7amos, talvez n\u00e3o, mas \u00e9 poss\u00edvel que o fa\u00e7amos\u201d, disse Trump quando questionado pelos jornalistas sobre o assunto. \u201cSer\u00e1 que eles [russos] querem m\u00edsseis Tomahawk a voar na sua dire\u00e7\u00e3o? Acho que n\u00e3o.\u201d<\/p>\n<p>A reuni\u00e3o do final da semana ser\u00e1 a quinta entre Trump e Zelensky desde que o empres\u00e1rio tornado presidente voltou \u00e0 Casa Branca em janeiro e surge ap\u00f3s dois telefonemas entre os l\u00edderes nos \u00faltimos dias para debater as defesas a\u00e9reas e as capacidades de longo alcance da Ucr\u00e2nia, no contexto de um renovado ataque russo \u00e0s infraestruturas energ\u00e9ticas ucranianas.<\/p>\n<p>As chamadas, reconheceu Zelensky esta semana, \u201cn\u00e3o foram suficientes\u201d para discutir os t\u00f3picos mais urgentes, pelo que se imp\u00f5e o encontro ao vivo &#8211; e s\u00e3o os Tomahawk, m\u00edsseis-cruzeiro de longo alcance com capacidade para atingir alvos at\u00e9 2.500 quil\u00f3metros de dist\u00e2ncia, que prometem dominar a reuni\u00e3o em DC, agora que se afiguram como um \u201ctema de extrema preocupa\u00e7\u00e3o\u201d para Moscovo, como adiantou o porta-voz do Kremlin &#8211; \u201cEste \u00e9 realmente um momento muito dram\u00e1tico\u201d, reconheceu Dmitry Peskov, \u201ctendo em conta que as tens\u00f5es est\u00e3o a aumentar de todos os lados\u201d.<\/p>\n<p>\u201cTal como Trump n\u00e3o quer tropas dos EUA em Gaza, tamb\u00e9m n\u00e3o quer envolver-se diretamente na Ucr\u00e2nia e, portanto, o caminho que ir\u00e1 seguir ser\u00e1 por via indireta\u201d, assume Jos\u00e9 Filipe Pinto sobre o iminente encontro.<\/p>\n<p>\u201cNo que toca \u00e0 Ucr\u00e2nia, primeiro tentou a paz, a seguir afastou-se e percebemos que se aproximou de Putin, a seguir houve uma aproxima\u00e7\u00e3o, ainda que indireta, a Zelensky, atrav\u00e9s da NATO e da UE, e agora Trump regressa numa perspetiva semelhante \u00e0 que teve no M\u00e9dio Oriente, que \u00e9 assumir que os EUA poder\u00e3o fornecer material indiretamente, neste caso os Tomahawk &#8211; porque nada o impede de os fornecer aos membros da NATO, para serem depois eles a fornec\u00ea-los \u00e0 Ucr\u00e2nia.\u201d<\/p>\n<p> <img loading=\"lazy\" decoding=\"async\" alt=\"\" height=\"338\" src=\"https:\/\/www.europesays.com\/pt\/wp-content\/uploads\/2025\/10\/68cd66fbd34ee0c2fed04cf2.webp\" width=\"600\"\/> <\/p>\n<p>   O encontro de Trump com Zelensky na sexta-feira poder\u00e1 conduzir a um desbloqueio dos m\u00edsseis Tomahawk &#8220;por via indireta, atrav\u00e9s da coliga\u00e7\u00e3o dos pa\u00edses dispostos&#8221;, mas dificilmente permitir\u00e1 ao Presidente norte-americano reclamar mais um acordo de paz, ainda que esteja a conseguir isolar Putin no outro foco quente da geopol\u00edtica\u00a0(fotos AP) <\/p>\n<p>O eixo em vista <\/p>\n<p>S\u00e3o imensas as dificuldades antecipadas nesta busca pela resolu\u00e7\u00e3o de uma guerra que lavra h\u00e1 mais de tr\u00eas anos na Ucr\u00e2nia, sobretudo considerando que os tr\u00eas maiores pa\u00edses da UE &#8211; Fran\u00e7a, Alemanha e Espanha &#8211; est\u00e3o a bra\u00e7os com os seus pr\u00f3prios problemas internos, e numa altura em que o bloco europeu continua a debater se usa ou n\u00e3o os ativos russos congelados para financiar Kiev, no que seria lido como uma entrada na guerra com Moscovo.<\/p>\n<p>\u201cTanto no caso de Gaza como no da Ucr\u00e2nia, Trump n\u00e3o quer tropas americanas no terreno, mas n\u00e3o se importa de disponibilizar elementos militares para o terreno, como informa\u00e7\u00f5es e tecnologias\u201d, considera Jos\u00e9 Filipe Pinto. \u201cEm Gaza, quer aparecer como promotor da paz, mas n\u00e3o com tropas no terreno como os pa\u00edses \u00e1rabes pretendiam. E na Ucr\u00e2nia \u00e9 a mesma coisa, nesse caso por via da chamada coliga\u00e7\u00e3o dos dispostos, que inclui o Reino Unido.\u201d\u00a0<\/p>\n<p>Ainda na segunda-feira, no seu discurso ao Parlamento israelita, Trump assumiu que, para resolver um conflito, \u00e9 preciso resolver outras coisas, dizendo que \u201cseria \u00f3timo se pud\u00e9ssemos ter um acordo de paz com o Ir\u00e3o\u201d, mas que para o conseguir, \u201cem primeiro lugar temos de resolver a R\u00fassia\u201d. Reagindo \u00e0s declara\u00e7\u00f5es, Peskov disse que Moscovo \u201ccertamente sa\u00fada tais inten\u00e7\u00f5es e a confirma\u00e7\u00e3o da vontade pol\u00edtica de fazer todos os poss\u00edveis para promover a busca por solu\u00e7\u00f5es pac\u00edficas\u201d.<\/p>\n<p>Tudo isto n\u00e3o pode ser dissociado dos grandes objetivos estrat\u00e9gicos da equipa de negociadores dirigida por Trump, nomeadamente o de isolar os maiores rivais dos EUA e reduzir a sua influ\u00eancia geopol\u00edtica em diferentes regi\u00f5es, incluindo no M\u00e9dio Oriente. Nesse contexto, vale a pena notar que a R\u00fassia n\u00e3o foi convidada a participar na cimeira de paz no Egito que contou com a presen\u00e7a dos l\u00edderes de pelo menos 27 pa\u00edses, isto j\u00e1 depois de o Kremlin ter sido for\u00e7ado a cancelar uma cimeira com a Liga \u00c1rabe para o final desta semana porque <a href=\"https:\/\/www.bloomberg.com\/news\/articles\/2025-10-10\/putin-scraps-summit-over-lack-of-attendance-from-arab-leaders\" target=\"_blank\" rel=\"nofollow noopener\">n\u00e3o teria garantido um quorum m\u00ednimo<\/a>.\u00a0<\/p>\n<p>\u201cA R\u00fassia n\u00e3o era marginalizada diplomaticamente no M\u00e9dio Oriente desta forma desde que interveio na S\u00edria em 2015\u201d, ressaltava ontem <a href=\"https:\/\/www.rferl.org\/a\/russia-waning-role-middle-east-trump-israel-gaza-deal\/33559744.html\" target=\"_blank\" rel=\"nofollow noopener\">\u00e0 RFE\/RL<\/a> Hanna Notte, diretora para a Eur\u00e1sia do Centro James Martin para Estudos de N\u00e3o-Prolifera\u00e7\u00e3o. E encostar a R\u00fassia \u00e0s boxes \u00e9 tamb\u00e9m isolar a China, o maior dos rivais dos EUA, adianta Jos\u00e9 Filipe Pinto.<\/p>\n<p>\u201cO que Trump vai fazer \u00e9 criar um problema endossado aos europeus, apoiando a Ucr\u00e2nia indiretamente para n\u00e3o abrir uma nova frente de batalha dos EUA com a R\u00fassia &#8211; e tudo para poder focar-se no essencial, que \u00e9 a <a href=\"https:\/\/cnnportugal.iol.pt\/russia\/ue\/a-europa-esta-a-defender-uma-economia-de-guerra-para-derrotar-a-russia-mas-nao-a-vai-derrotar-vai-tornar-se-mais-parecida-com-ela\/20251004\/68df99e7d34e58bc67967ade\" target=\"_blank\" rel=\"nofollow noopener\">guerra comercial com a China<\/a>, o pa\u00eds que, neste momento, j\u00e1 domina o eixo economicista mundial.\u201d<\/p>\n","protected":false},"excerpt":{"rendered":"O l\u00edder norte-americano considera que &#8220;a guerra em Gaza acabou&#8221;, quando na realidade o cessar-fogo entre Hamas e&hellip;\n","protected":false},"author":2,"featured_media":111766,"comment_status":"","ping_status":"","sticky":false,"template":"","format":"standard","meta":{"footnotes":""},"categories":[8],"tags":[609,836,611,27,28,256,358,607,608,333,832,604,135,610,92,476,15,16,532,301,830,889,255,14,259,603,25,26,570,21,22,831,833,62,834,12,13,19,20,835,602,52,32,23,24,33,839,23485,17,18,29,30,31,3814],"class_list":{"0":"post-111765","1":"post","2":"type-post","3":"status-publish","4":"format-standard","5":"has-post-thumbnail","7":"category-principais-noticias","8":"tag-alerta","9":"tag-analise","10":"tag-ao-minuto","11":"tag-breaking-news","12":"tag-breakingnews","13":"tag-cessar-fogo","14":"tag-china","15":"tag-cnn","16":"tag-cnn-portugal","17":"tag-comentadores","18":"tag-costa","19":"tag-crime","20":"tag-desporto","21":"tag-direto","22":"tag-donald-trump","23":"tag-economia","24":"tag-featured-news","25":"tag-featurednews","26":"tag-gaza","27":"tag-governo","28":"tag-guerra","29":"tag-guerra-na-ucrania","30":"tag-hamas","31":"tag-headlines","32":"tag-israel","33":"tag-justica","34":"tag-latest-news","35":"tag-latestnews","36":"tag-live","37":"tag-main-news","38":"tag-mainnews","39":"tag-mais-vistas","40":"tag-marcelo","41":"tag-mundo","42":"tag-negocios","43":"tag-news","44":"tag-noticias","45":"tag-noticias-principais","46":"tag-noticiasprincipais","47":"tag-opiniao","48":"tag-pais","49":"tag-politica","50":"tag-portugal","51":"tag-principais-noticias","52":"tag-principaisnoticias","53":"tag-pt","54":"tag-russia","55":"tag-tomahawk","56":"tag-top-stories","57":"tag-topstories","58":"tag-ultimas","59":"tag-ultimas-noticias","60":"tag-ultimasnoticias","61":"tag-zelensky"},"share_on_mastodon":{"url":"","error":""},"_links":{"self":[{"href":"https:\/\/www.europesays.com\/pt\/wp-json\/wp\/v2\/posts\/111765","targetHints":{"allow":["GET"]}}],"collection":[{"href":"https:\/\/www.europesays.com\/pt\/wp-json\/wp\/v2\/posts"}],"about":[{"href":"https:\/\/www.europesays.com\/pt\/wp-json\/wp\/v2\/types\/post"}],"author":[{"embeddable":true,"href":"https:\/\/www.europesays.com\/pt\/wp-json\/wp\/v2\/users\/2"}],"replies":[{"embeddable":true,"href":"https:\/\/www.europesays.com\/pt\/wp-json\/wp\/v2\/comments?post=111765"}],"version-history":[{"count":0,"href":"https:\/\/www.europesays.com\/pt\/wp-json\/wp\/v2\/posts\/111765\/revisions"}],"wp:featuredmedia":[{"embeddable":true,"href":"https:\/\/www.europesays.com\/pt\/wp-json\/wp\/v2\/media\/111766"}],"wp:attachment":[{"href":"https:\/\/www.europesays.com\/pt\/wp-json\/wp\/v2\/media?parent=111765"}],"wp:term":[{"taxonomy":"category","embeddable":true,"href":"https:\/\/www.europesays.com\/pt\/wp-json\/wp\/v2\/categories?post=111765"},{"taxonomy":"post_tag","embeddable":true,"href":"https:\/\/www.europesays.com\/pt\/wp-json\/wp\/v2\/tags?post=111765"}],"curies":[{"name":"wp","href":"https:\/\/api.w.org\/{rel}","templated":true}]}}