{"id":11179,"date":"2025-08-01T05:53:07","date_gmt":"2025-08-01T05:53:07","guid":{"rendered":"https:\/\/www.europesays.com\/pt\/11179\/"},"modified":"2025-08-01T05:53:07","modified_gmt":"2025-08-01T05:53:07","slug":"virginia-fonseca-posta-reflexao-apos-suposto-bloqueio-de-bens","status":"publish","type":"post","link":"https:\/\/www.europesays.com\/pt\/11179\/","title":{"rendered":"Virginia Fonseca posta reflex\u00e3o ap\u00f3s suposto bloqueio de bens"},"content":{"rendered":"<p>A influenciadora digital Virginia Fonseca postou uma mensagem reflexiva ap\u00f3s not\u00edcias de que Z\u00e9 Felipe pediu o bloqueio de seus bens; veja<\/p>\n<p><a href=\"https:\/\/caras.com.br\/tags\/virginia-fonseca_1\" rel=\"noopener nofollow\" target=\"_blank\"><strong>Virginia Fonseca<\/strong><\/a> chamou a aten\u00e7\u00e3o dos seguidores das redes sociais na noite desta quinta-feira, 31, ao compartilhar uma mensagem reflexiva.\u00a0<\/p>\n<p>Nos Stories, a apresentadora do SBT e influenciadora digital publicou um post com a frase:\u00a0&#8220;Manda isso para voc\u00ea mesma. Fica em paz. Porque quando o tempo de Deus chega, voc\u00ea nem precisa pescar, o peixe pula dentro do barco&#8221;, dizia o texto.\u00a0<\/p>\n<p>A publica\u00e7\u00e3o aconteceu horas ap\u00f3s ser divulgado que\u00a0<a href=\"https:\/\/caras.com.br\/atualidades\/apos-assinar-divorcio-ze-felipe-abre-processo-contra-virginia-diz-colunista.phtml\" rel=\"noopener nofollow\" target=\"_blank\"><strong>Z\u00e9 Felipe<\/strong><\/a><a href=\"https:\/\/caras.com.br\/atualidades\/apos-assinar-divorcio-ze-felipe-abre-processo-contra-virginia-diz-colunista.phtml\" rel=\"noopener nofollow\" target=\"_blank\"> abriu um processo na justi\u00e7a contra a ex-mulher<\/a>. Os dois anunciaram o fim do casamento em maio e assinaram o div\u00f3rcio recentemente. Segundo a jornalista Fab\u00edola Reipert, o cantor estaria pedindo a divis\u00e3o de bens e solicitou que os extratos banc\u00e1rios da empres\u00e1ria sejam analisados.<\/p>\n<p>A causa giraria em torno de R$ 200 milh\u00f5es e o filho de <strong>Leonardo<\/strong> e <strong>Poliana Rocha<\/strong> teria solicitado o bloqueio de metade dessa quantia. Ele alegou que,\u00a0durante os cinco anos de casamento, n\u00e3o teria participado da administra\u00e7\u00e3o ativa de parte dos bens adquiridos pelo at\u00e9 ent\u00e3o esposa.<\/p>\n<p><strong>Confira:<\/strong><\/p>\n<p><img decoding=\"async\" alt=\"Instagram\" height=\"1231\" loading=\"lazy\" src=\"https:\/\/www.europesays.com\/pt\/wp-content\/uploads\/2025\/08\/virginia-fonseca-post-reflexivo.jpeg\" style=\"width: 606px; height: 965px;\" width=\"773\"\/>Virginia Fonseca posta reflex\u00e3o &#8211; Foto: InstagramLeonardo fala sobre separa\u00e7\u00e3o de Virginia Fonseca e Z\u00e9 Felipe<\/p>\n<p>O cantor sertanejo<a href=\"https:\/\/caras.com.br\/atualidades\/leonardo-fala-pela-primeira-vez-sobre-separacao-de-virginia-fonseca-e-ze-felipe.phtml\" rel=\"noopener nofollow\" target=\"_blank\"> Leonardo falou pela primeira vez sobre o fim do casamento de Virginia Fonseca e Z\u00e9 Felipe<\/a>. Em entrevista ao perfil Conceito Sertanejo, o artista confessou que est\u00e1 sofrendo com a separa\u00e7\u00e3o, mas ressaltou que seu carinho pela influenciadora digital ser\u00e1 para sempre.\u00a0<\/p>\n<p>&#8220;N\u00e3o existe ex-sogro. \u00c9 pra sempre. A Virginia \u00e9 uma pessoa maravilhosa. Estou sofrendo demais por dentro, todo mundo, o Brasil. Um monte de gente n\u00e3o queria isso. Virginia \u00e9 um ser maravilhoso que apareceu nas nossas vidas. Nos deu tr\u00eas presentes. Tr\u00eas crian\u00e7as maravilhosas.\u00a0S\u00e3o duas crian\u00e7as, 27 anos de idade, a gente entende. Acabou o amor. Eu n\u00e3o sei nada e tamb\u00e9m n\u00e3o quero saber. Se Deus nos aben\u00e7oar, que eles fiquem, voltem, que acabe com isso. Vamos ser fam\u00edlia para sempre&#8221;, disse ele.\u00a0<\/p>\n<p>Leia tamb\u00e9m:\u00a0\u00a0<\/p>\n","protected":false},"excerpt":{"rendered":"A influenciadora digital Virginia Fonseca postou uma mensagem reflexiva ap\u00f3s not\u00edcias de que Z\u00e9 Felipe pediu o bloqueio&hellip;\n","protected":false},"author":2,"featured_media":11180,"comment_status":"","ping_status":"","sticky":false,"template":"","format":"standard","meta":{"footnotes":""},"categories":[145],"tags":[4686,4687,211,210,114,115,32,33,4784,1446],"class_list":{"0":"post-11179","1":"post","2":"type-post","3":"status-publish","4":"format-standard","5":"has-post-thumbnail","7":"category-celebridades","8":"tag-bens","9":"tag-bloqueio","10":"tag-celebridades","11":"tag-celebrities","12":"tag-entertainment","13":"tag-entretenimento","14":"tag-portugal","15":"tag-pt","16":"tag-reflexao","17":"tag-virginia-fonseca"},"share_on_mastodon":{"url":"","error":""},"_links":{"self":[{"href":"https:\/\/www.europesays.com\/pt\/wp-json\/wp\/v2\/posts\/11179","targetHints":{"allow":["GET"]}}],"collection":[{"href":"https:\/\/www.europesays.com\/pt\/wp-json\/wp\/v2\/posts"}],"about":[{"href":"https:\/\/www.europesays.com\/pt\/wp-json\/wp\/v2\/types\/post"}],"author":[{"embeddable":true,"href":"https:\/\/www.europesays.com\/pt\/wp-json\/wp\/v2\/users\/2"}],"replies":[{"embeddable":true,"href":"https:\/\/www.europesays.com\/pt\/wp-json\/wp\/v2\/comments?post=11179"}],"version-history":[{"count":0,"href":"https:\/\/www.europesays.com\/pt\/wp-json\/wp\/v2\/posts\/11179\/revisions"}],"wp:featuredmedia":[{"embeddable":true,"href":"https:\/\/www.europesays.com\/pt\/wp-json\/wp\/v2\/media\/11180"}],"wp:attachment":[{"href":"https:\/\/www.europesays.com\/pt\/wp-json\/wp\/v2\/media?parent=11179"}],"wp:term":[{"taxonomy":"category","embeddable":true,"href":"https:\/\/www.europesays.com\/pt\/wp-json\/wp\/v2\/categories?post=11179"},{"taxonomy":"post_tag","embeddable":true,"href":"https:\/\/www.europesays.com\/pt\/wp-json\/wp\/v2\/tags?post=11179"}],"curies":[{"name":"wp","href":"https:\/\/api.w.org\/{rel}","templated":true}]}}