{"id":111794,"date":"2025-10-15T13:43:06","date_gmt":"2025-10-15T13:43:06","guid":{"rendered":"https:\/\/www.europesays.com\/pt\/111794\/"},"modified":"2025-10-15T13:43:06","modified_gmt":"2025-10-15T13:43:06","slug":"afinal-israel-nao-vai-reabrir-a-passagem-de-rafah-para-entrada-de-ajuda-humanitaria-em-gaza-sic-noticias","status":"publish","type":"post","link":"https:\/\/www.europesays.com\/pt\/111794\/","title":{"rendered":"Afinal, Israel n\u00e3o vai reabrir a passagem de Rafah para entrada de ajuda humanit\u00e1ria em Gaza &#8211; SIC Not\u00edcias"},"content":{"rendered":"<ol>\n<li><a href=\"https:\/\/news.google.com\/rss\/articles\/CBMi_AFBVV95cUxPRktIWWU2WjRXLUF5eXc4alpicmZyZFlNaEltejlVaVM0b0NMNEFVS0FGZ2xaR3p3TVRNa2RQOUlzcHFGUlEtbUtnb0tpTHh6M0hQTVRvMnI0ckhzSWt5cXJheGMzcTdsamZsT1RZdnFZbWxLVjlxZ2M5QWJzRDgyQ190WU9ESmhFT29HLXZQb3huRnN1bkFsbmtJNUI1LVpLd1JDTWFZS2NtcFMtVzYyYlVna1pENzZZQTl3Ni1NMHBaOExoSU5UYm1QM0Z2dFViRGlrQ05lZUJfTEdtVDJ1RUdjUWRRemQtb1BYRHU2YS1RNEdkNDFjdlhzR1PSAYICQVVfeXFMT0p4LUdtVHpGSk0xeTJKQUNFSDhIa2l0U1J1cnhMTWZMUDk3dDg5b21STXJqU1BNLTNIMC1SQ3Q5OGVQZkh6cG1iV2REeldZNjFDanp1b01GZ2VvekVwbmFmaVM3eTFtZlZwbi13RkwtMFhCLWxCZFNsakNQLTl0cFZWa01oYmZIZVFuT19QeWxuZTBfYmd5OU00VlkzcVNaSE5fV0pxSVk0N0pydkxDQ3BtZERkUUxxYUZaTC12SVJybTZwRkpsYWtpZnJMSktqXzNTWDlsQzllem5qT0dTRnk4RWttZ29BcEhCUTBBaXBuX29OZmNvQ21Fajl5QU13dGlR?oc=5\" target=\"_blank\" rel=\"nofollow noopener\">Afinal, Israel n\u00e3o vai reabrir a passagem de Rafah para entrada de ajuda humanit\u00e1ria em Gaza<\/a>&nbsp;&nbsp;SIC Not\u00edcias<\/li>\n<li><a href=\"https:\/\/news.google.com\/rss\/articles\/CBMi4wFBVV95cUxNYmZQVFFVRU80ZWltc3Z2VWUxYlBfNHBobV9tb296UTRhUUlORzV2Q09TU05vYW5GUDdhR2RzYnlDSXNfWXJXejVwR3psTmY0VUZ1cnFxa1V1ZlpZU0pfX0tOYWU1VHQ0SHFjWlFsN1VDd1JGQm4zYjY4LUZ2WU9NVnYyREVWLThPeWVJdlZmWVZiRnoyZ2NPMlFHbHNVaC1QdFpNajI5M3FtSThSQjE5Q1NPazE2RDlnUURqdG1Zc0dWVGlNS2w1U2ZSeFNkZFpzNG4yZndfTzFHZ2dGRENUUXluMNIB6AFBVV95cUxOekkweDhEZE0taXRKR3UxQkVFMkVaYldobEd1LURWNTliX1A4enMzSEdFWURYQjNaOTVBTEhkb3I3NjlKbjJYeXZmczNwTDg1VjlDaVhHaFRTM2lMR011czJnY3QtRjNOZ19wVVhUSW84SzhpbmhwNFQzNVN1WDhpX3hEODlFVHhSandaWmU4SkI4TUNxYWw3WUVOWGRKdVJkd2w2QnZ2dVktcnlJTlFwY0NoMXF2RGFoLWc0emdsRmV1RjNFX0FNUkF4aDNaTzhxR25pQkhNTGdEbjhhMXJuRm45REptWXcz?oc=5\" target=\"_blank\" rel=\"nofollow noopener\">Hamas devolve corpos, e Israel se prepara para reabrir passagem de Rafah ap\u00f3s impasse no cessar-fogo<\/a>&nbsp;&nbsp;Folha de S.Paulo<\/li>\n<li><a href=\"https:\/\/news.google.com\/rss\/articles\/CBMiggJBVV95cUxQdWNJc1ZwU3h0dmxrMlpaWHNUdDltOTZ2Nk9rNkhCcW41cEs5Rk93bXJCRjVOSkhCTnhjdVQzUVlGU2xFWjdIWF85TTB3cTlnMk5JYzAtbWFCbWJ0ai02NnM3cENyM3lJMVliUm9GNWE3THczQ2dMdkItbnc1LVdpWVVwcExnYVdpMFM0YVlwTERZZ3JhOUJ4TjZrQ2hqQWk4bW5IemFPVHRRZFZIN002LTFhY1dwQkxBa2xTVFlyS3hpcnJqQlkzaUlhUGlXc2dsWHFfSVctcV85eFNMdnlvN0RwRTBXbWo1czdTaC1rTjVLSzhLU0thNlAtdlJ1eUl6MGc?oc=5\" target=\"_blank\" rel=\"nofollow noopener\">Ajuda humanit\u00e1ria entra em Gaza, apesar de erro do Hamas na entrega de corpos de ref\u00e9ns<\/a>&nbsp;&nbsp;Terra<\/li>\n<li><a href=\"https:\/\/news.google.com\/rss\/articles\/CBMixAFBVV95cUxQd2Vob3h2dVBXajl2N09uaDBpbjd0YVJfS19jYmpod1M5b0xPSllZblFyS0xJWFpnNDlVWE5kekFoSXdvdG1iTGJUVVpmdHAtNWVIM1NnQUF4Ym96UHl6VzktNzNlS1lRMVI2SV9oQUpQbG45Wi11Q09adjlzZnd5SDgyUV8ydzBldHhzN2l1c0lYQUVkUTV6VWJTNHNyZ3liT3JXX1BtZmt5SkNyVUFrcGVPUGVWLVZXNklRcGYwTDlCNXNq0gHTAUFVX3lxTE14ZUY1VXB3djJISWRfY3Z0dkxKZVFIbmNTMTA5NFpIWFBFX0lRLTFZUmFUNEc3aTZhdDEyMm0wdWpSekxPZEVRX2ZzNTNGdUFrVWdvUXBIX09UbHRnaFNyS0o2OXB6WUliNFJUb0c0Vl95VmpVTk1Ed0dKblhVU1hfVkVJVk5xUlVlVWVzbXVnd3M3ajVIbkpHV3Y1amJYWkplSVBPTzM3V1EyTTgzOU9BTkVpVXR2S1M0N2dId0w2ZGo3X2V0anJyTm5ZTWxWZEhOQ2c?oc=5\" target=\"_blank\" rel=\"nofollow noopener\">Autoridade Palestina afirma estar pronta para operar travessia de Rafah<\/a>&nbsp;&nbsp;Valor Econ\u00f4mico<\/li>\n<li><a href=\"https:\/\/news.google.com\/rss\/articles\/CBMiwgFBVV95cUxPajNycm9KT2VUTW5Fb3RYM1BLeGxDM0FNM0ZWYlp4WjFSLV96NGFMSTAtVENpMERQc0lNYjNTeTJfVmJFWk5YZ3hzSlFEbU9BMlJIejBQc3l4SUxyTEo5dVNEcXRZWFhBSG5FWEdZMGIwRG8wcHZoVlpNRU1NOEhBSnNWejU2TjAwZUtNaUlCNmtiLW8tb2NNR2tTMWE3UUl2U3lmT3FzQkhmUnpUV2NrSC1sWEhhTDNfeVZubUNlcU53UdIBxwFBVV95cUxQRXBUaFVENFVOSmJDMUlQb2RiLU9ibk1SczkwQ0xwNG1ad3hoeXpubmJtVHdaOG5mZ09FSi1WT2hTeGZDM3FDN0lwamRjS1U3ZHlvcGZyRTdiUEttYUxnSGtUbHRCQnFNZkpaOGhGakg5NWpnX2otRUdwZG8wNDF2cE1ib0R0aDBUTlFsNXR5RWhkOFFoQ2NjZEJsZnlDWlYtOXpkWTZoaXRjV2Z6MzNKQ29sTzRrZGUxQVJ3SnpTbllySkhaOW9J?oc=5\" target=\"_blank\" rel=\"nofollow noopener\">Israel bloqueia ajuda humanit\u00e1ria a Gaza; Trump amea\u00e7a Hamas<\/a>&nbsp;&nbsp;Correio Braziliense<\/li>\n<\/ol>\n","protected":false},"excerpt":{"rendered":"Afinal, Israel n\u00e3o vai reabrir a passagem de Rafah para entrada de ajuda humanit\u00e1ria em Gaza&nbsp;&nbsp;SIC Not\u00edcias Hamas&hellip;\n","protected":false},"author":2,"featured_media":109680,"comment_status":"","ping_status":"","sticky":false,"template":"","format":"standard","meta":{"footnotes":""},"categories":[50],"tags":[27,28,15,16,14,25,26,21,22,62,12,13,19,20,23,24,17,18,29,30,31,63,64,65],"class_list":{"0":"post-111794","1":"post","2":"type-post","3":"status-publish","4":"format-standard","5":"has-post-thumbnail","7":"category-mundo","8":"tag-breaking-news","9":"tag-breakingnews","10":"tag-featured-news","11":"tag-featurednews","12":"tag-headlines","13":"tag-latest-news","14":"tag-latestnews","15":"tag-main-news","16":"tag-mainnews","17":"tag-mundo","18":"tag-news","19":"tag-noticias","20":"tag-noticias-principais","21":"tag-noticiasprincipais","22":"tag-principais-noticias","23":"tag-principaisnoticias","24":"tag-top-stories","25":"tag-topstories","26":"tag-ultimas","27":"tag-ultimas-noticias","28":"tag-ultimasnoticias","29":"tag-world","30":"tag-world-news","31":"tag-worldnews"},"share_on_mastodon":{"url":"","error":""},"_links":{"self":[{"href":"https:\/\/www.europesays.com\/pt\/wp-json\/wp\/v2\/posts\/111794","targetHints":{"allow":["GET"]}}],"collection":[{"href":"https:\/\/www.europesays.com\/pt\/wp-json\/wp\/v2\/posts"}],"about":[{"href":"https:\/\/www.europesays.com\/pt\/wp-json\/wp\/v2\/types\/post"}],"author":[{"embeddable":true,"href":"https:\/\/www.europesays.com\/pt\/wp-json\/wp\/v2\/users\/2"}],"replies":[{"embeddable":true,"href":"https:\/\/www.europesays.com\/pt\/wp-json\/wp\/v2\/comments?post=111794"}],"version-history":[{"count":0,"href":"https:\/\/www.europesays.com\/pt\/wp-json\/wp\/v2\/posts\/111794\/revisions"}],"wp:featuredmedia":[{"embeddable":true,"href":"https:\/\/www.europesays.com\/pt\/wp-json\/wp\/v2\/media\/109680"}],"wp:attachment":[{"href":"https:\/\/www.europesays.com\/pt\/wp-json\/wp\/v2\/media?parent=111794"}],"wp:term":[{"taxonomy":"category","embeddable":true,"href":"https:\/\/www.europesays.com\/pt\/wp-json\/wp\/v2\/categories?post=111794"},{"taxonomy":"post_tag","embeddable":true,"href":"https:\/\/www.europesays.com\/pt\/wp-json\/wp\/v2\/tags?post=111794"}],"curies":[{"name":"wp","href":"https:\/\/api.w.org\/{rel}","templated":true}]}}