{"id":111795,"date":"2025-10-15T13:45:35","date_gmt":"2025-10-15T13:45:35","guid":{"rendered":"https:\/\/www.europesays.com\/pt\/111795\/"},"modified":"2025-10-15T13:45:35","modified_gmt":"2025-10-15T13:45:35","slug":"agora-e-que-se-vai-ver-o-que-estes-milagrosos-vao-fazer","status":"publish","type":"post","link":"https:\/\/www.europesays.com\/pt\/111795\/","title":{"rendered":"\u201cAgora \u00e9 que se vai ver o que estes milagrosos v\u00e3o fazer\u201d"},"content":{"rendered":"<p>Nasceu \u00e0s m\u00e3os da \u201cMaria Serranha\u201d que \u201cpariu mais de metade do pessoal\u201d do Entroncamento \u201cali\u201d na rua 5 de Outubro, a meia d\u00fazia de metros do cruzamento com a \u201cabandonada\u201d e \u201ccalcetada\u201d rua Lu\u00eds Falc\u00e3o de Sommer, \u201clogo a seguir ao Vila Franca [um restaurante] onde estava a m\u00e1quina de vender bebidas\u201d. Fernando Barbosa, 73 anos, \u201cparido e criado nesta terra\u201d e que desde o 25 de Abril participa \u201cnas mesas em todas nas elei\u00e7\u00f5es\u201d, foi a votos, \u201cdesta vez\u201d, como n\u00famero dois na lista do PSD\/CDS que \u201cganhou ao Chega e ao PS\u201d a Junta de Freguesia S\u00e3o Jo\u00e3o Baptista, a \u201cfreguesia daqui de baixo\u201d. A outra, \u201ca de l\u00e1 cima\u201d, a junta de freguesia de Nossa Senhora de F\u00e1tima foi conquistada pelo Chega, tal como a C\u00e2mara. Foi ali que Andr\u00e9 Ventura acabou na <a href=\"https:\/\/expresso.pt\/politica\/eleicoes\/autarquicas-2025\/2025-10-13-ventura-celebra-primeiras-conquistas-locais-com-vitoria-de-pirro-chega-nao-atingiu-todos-os-seus-objetivos-cd6e466c\" target=\"_blank\" rel=\"noreferrer noopener nofollow\">noite eleitoral<\/a> de domingo por ser a autarquica que o Chega venceu mais perto de Lisboa (as outras foram Albufeira, no Algarve, e <a href=\"https:\/\/expresso.pt\/politica\/eleicoes\/autarquicas-2025\/2025-10-13-agressao-a-delegado-do-psd-marca-eleicao-do-primeiro-presidente-de-camara-do-chega-3cbf7f01\" target=\"_blank\" rel=\"noreferrer noopener nofollow\">S\u00e3o Vicente<\/a>, na Madeira)<\/p>\n<p>Durante tr\u00eas d\u00e9cadas, o antigo t\u00e9cnico de manuten\u00e7\u00e3o industrial, foi comandante dos Bombeiros Volunt\u00e1rios do Entroncamento e, diz, orgulhoso que \u201clevou os bombeiros ao mais alto n\u00edvel t\u00e9cnico\u201d. Saiu h\u00e1 14 anos e n\u00e3o esconde a m\u00e1goa do tempo em que eram \u201cchamados para tudo e mais alguma coisa\u201d. \u201cDeixei l\u00e1 156 homens, seis profissionais, agora t\u00eam 36, todos pagos, e a maior parte deles nem sabe pegar numa agulheta. N\u00e3o h\u00e1 motiva\u00e7\u00e3o. Desde que me vim embora j\u00e1 tiveram dez comandantes\u201d. A frase \u00e9 dita pausadamente e acompanhada de um encolher de ombros.<\/p>\n<p>\t\t<img decoding=\"async\" src=\"https:\/\/www.europesays.com\/pt\/wp-content\/uploads\/2025\/10\/1760535934_335_thumbs.web.sapo.io\"  loading=\"true\"\/><\/p>\n<p>                        Jos\u00e9 Fonseca Fernandes<\/p>\n<p>No dia a seguir \u00e0s elei\u00e7\u00f5es, a conversa \u201cda manh\u00e3\u201d, defronte do Largo Jos\u00e9 Duarte Coelho, lugar do Centro Cultural e \u201cda c\u00e2mara que fica l\u00e1 ao fundo\u201d, \u00e9 sobre os \u201c12 anos de governa\u00e7\u00e3o socialista que foi uma degrada\u00e7\u00e3o total\u201d. As explica\u00e7\u00f5es de Fernando Barbosa (PSD\/CDS) para a<a href=\"https:\/\/www.autarquicas2025.mai.gov.pt\/resultados\/territorio-nacional?local=2416\" target=\"_blank\" rel=\"noreferrer noopener nofollow\">vit\u00f3ria \u201chist\u00f3rica\u201d do Chega<\/a>, que quebrou o \u201clongo\u201d ciclo socialista e \u201cganhou a c\u00e2mara municipal\u201d, \u00e9 semelhante \u00e0s leituras do candidato do PS, M\u00e1rio Balsa, que \u201cj\u00e1 sentia que ia perder\u201d e de Nelson Cunha (CH), o novo presidente da autarquia. Mas n\u00e3o apenas. Nas ruas, os de \u201cc\u00e1 de baixo\u201d e os \u201cl\u00e1 de cima\u201d, respondem resignados, e alguns \u201cat\u00e9 contentes&#8221;, que \u201cj\u00e1 se sabia que isto acontecer\u201d.<\/p>\n<p>\u201cH\u00e1 uma falta de seguran\u00e7a, isto \u00e9 um caos, n\u00e3o temos for\u00e7as de seguran\u00e7a, <strong>a partir das sete da tarde j\u00e1 n\u00e3o se v\u00ea ningu\u00e9m na rua<\/strong> porque as pessoas t\u00eam medo de vir para a rua. Os daqui est\u00e3o a abandonar a cidade e a ir para os concelhos vizinhos\u201d, lamenta o antigo chefe dos bombeiros.<\/p>\n<p>Geraldo, ao lado, que diz \u201cter pouco jeito para dar entrevistas\u201d, vai acenado com a cabe\u00e7a, e mais ainda quando Fernando Barbosa fala dos \u201cpoderes que foram retirados aos pol\u00edcias e das condi\u00e7\u00f5es miser\u00e1veis que lhes d\u00e3o\u201d e da \u201cgente esquisita\u201d que desde \u201ch\u00e1 tr\u00eas anos veio para aqui viver\u201d. Numa palavra, a explica\u00e7\u00e3o mais simples: \u201cDescontentamento.\u201d<\/p>\n<p>\u201cEsta rua aqui\u201d, acrescenta Geraldo, \u201cera s\u00f3 gente para baixo e para cima, iam a p\u00e9 at\u00e9 ao Bonito [Jardim]\u201d. E agora? \u201cAgora \u00e9 um deserto, s\u00f3 vem p\u2019ra a\u00ed gente dessa. Olhe, debaixo da ponte [o t\u00fanel pedonal que fica a menos de 100 metros e passa \u201cpor debaixo da linha do comboio\u201d] \u00e9 s\u00f3 assaltos de noite\u201d.<\/p>\n<p>Subindo a 5 de Outubro, atravessando o \u201ct\u00fanel\u201d e passando o Jardim da Locomotiva na dire\u00e7\u00e3o da Igreja de Nossa Senhora de F\u00e1tima e da \u201cjunta de Freguesia que fica numa rua sem sa\u00edda\u201d, num caf\u00e9 de esquina, e j\u00e1 nos \u201cl\u00e1 de cima\u201d, nada muda nas explica\u00e7\u00f5es. H\u00e1 uma diferen\u00e7a: a adjetiva\u00e7\u00e3o. \u201cA cidade est\u00e1 podre, a Cova da Moura bateu-se toda aqui no Entroncamento. Eles com vinte paus [o passe mensal de 20 euros], eles v\u00e3o e regressam, <strong>s\u00f3 n\u00e3o h\u00e1 \u00e9 aqui barracas<\/strong>\u201d, desabafa Estev\u00e3o que n\u00e3o votou, mas est\u00e1 \u201csatisfeito com o resultado\u201d.<\/p>\n<p>\t\t<img decoding=\"async\" src=\"https:\/\/www.europesays.com\/pt\/wp-content\/uploads\/2025\/10\/1760535934_445_thumbs.web.sapo.io\"  loading=\"true\"\/><\/p>\n<p>                        Jos\u00e9 Fonseca Fernandes<\/p>\n<p>Na mesa do lado esquerdo, ao fundo, Inoc\u00eancia Cortes que viveu 36 anos em Lisboa e est\u00e1 no Entroncamento &#8220;h\u00e1 20\u201d diz, num tom agitado, que <strong>\u201cisto j\u00e1 \u00e9 uma col\u00f3nia africana, j\u00e1 n\u00e3o \u00e9 Portugal\u201d<\/strong>. E o resultado? \u201cGostei imenso, imenso mesmo. At\u00e9 lhe digo uma coisa: j\u00e1 disse ao senhor presidente [o eleito Nelson Cunha] que o Andr\u00e9 Ventura era meu vizinho em Mem Martins. Os pais eram pobres, ele estudou com bolsa estudo\u2026. vivia com os av\u00f3s.\u201d<\/p>\n<p>No lado direito, noutra mesa, est\u00e3o pai e filho, que olham atentos a conversa. \u201cTenho 61 anos e nunca votei. O meu partido s\u00e3o estes meus bra\u00e7os [e ergue os bra\u00e7os], ningu\u00e9m d\u00e1 nada a ningu\u00e9m\u201d, diz Domingos Amoroso \u201cnascido e criado\u201d no Entroncamento. Ao lado, o pai, o \u201coutro Amoroso\u201d, tamb\u00e9m n\u00e3o votou: \u201cEstou velho das pernas.\u201d<\/p>\n<p>&#8220;Muita conversa, muita conversa&#8221;<\/p>\n<p>Junto \u00e0 porta do caf\u00e9, nas mesas do lado direito, Joaquim Pires, 71 anos, \u201c60 deles aqui\u201d, pede a carteira profissional, quer provas de que ali est\u00e3o mesmo jornalistas, e s\u00f3 depois responde. \u201cO resultado era expect\u00e1vel, as pessoas est\u00e3o descontentes com os ciganos [o bairro da comunidade cigana fica ali perto] e com os negros. Ningu\u00e9m ficou surpreendido aqui. Toda a vida tem havido muito cigano no Entroncamento. Os negros, bom, veio uma invas\u00e3o deles h\u00e1 dois anos para c\u00e1. Os brancos, esses, \u00e0 noite, est\u00e3o dentro de casa, nem aparecem\u201d.<\/p>\n<p>\u201cMas h\u00e1 a\u00ed muitos de Angola com dinheiro. H\u00e1 indiv\u00edduos a\u00ed a investir forte. Agora o que \u00e9 preciso \u00e9 haver ordem. N\u00e3o pode ser assim: cada vez pior, pior, pior\u201d, interrompe Al\u00edpio Sim\u00f5es, \u201cnatural do distrito de Coimbra\u201d \u2013 como faz quest\u00e3o de sublinhar \u2013, mas que vive \u201ch\u00e1 50 anos nesta terra\u201d. O \u201cantigo combatente\u201d, de 83 anos, lamenta que Portugal seja um &#8220;pa\u00eds atrofiado que n\u00e3o sai disto&#8221;: &#8220;Pod\u00edamos ser uma Holanda, haja algu\u00e9m que d\u00ea uma sapatada nisto\u201d.<\/p>\n<p>A \u201csapatada\u201d, acrescenta Joaquim Pires, \u201c\u00e9 ver o trabalho destes do Chega. <strong>Muita conversa, muita conversa, mas agora \u00e9 que se vai ver o que \u00e9 que eles fazem<\/strong><strong>, o que estes milagrosos v\u00e3o fazer<\/strong>\u201d.<\/p>\n<p>Perto da Igreja da Nossa Senhora da F\u00e1tima, um grupo de mulheres, todas formandas no Instituto do Emprego e Forma\u00e7\u00e3o Profissional porque perderam &#8220;o trabalho\u201d quando \u201cas empresas foram \u00e0 fal\u00eancia\u201d, j\u00e1 \u201csabiam no que isto ia dar\u201d. \u201cTodas ouv\u00edamos que era o Chega que ia ganhar.\u201d Porqu\u00ea? Todas riem. Um riso nervoso. O inc\u00f3modo \u00e9 vis\u00edvel. Finalmente uma t\u00edmida frase: \u201cA imigra\u00e7\u00e3o.\u201d Depois a experi\u00eancia de vida. \u201cEu tinha m\u00e9dico de fam\u00edlia. J\u00e1 n\u00e3o tenho. Fiquei sem m\u00e9dico de fam\u00edlia e j\u00e1 estou no Entroncamento h\u00e1 57 anos. Os que est\u00e3o a chegar j\u00e1 t\u00eam direito a tudo. Temos o exemplo disso, das escolas, eles chegam aqui e t\u00eam logo lugar\u201d. A frase \u00e9 da Isabel que perdeu um emprego de 34 anos, s\u00f3 Isabel que mais que isso \u201cpode ser mau para mim\u201d.<\/p>\n<p>\t\t<img decoding=\"async\" src=\"https:\/\/www.europesays.com\/pt\/wp-content\/uploads\/2025\/10\/1760535935_873_thumbs.web.sapo.io\"  alt=\"O Chega ganhou na freguesia de Nossa Senhora de F\u00e1tima \" loading=\"true\"\/><\/p>\n<p>                        Jos\u00e9 Fonseca Fernandes<\/p>\n<p>E \u00e9 ali, na zona dos \u201cde cima\u201d, um Entroncamento, como dizem, \u201ccheio de gente que veio de Angola e Mo\u00e7ambique\u201d e de \u201cciganos\u201d que o Chega ganhou. Porqu\u00ea? \u201c<strong>Aqui h\u00e1 muita gente idosa e o idoso vai muito por aquilo que o Andr\u00e9 Ventura diz<\/strong>\u201d. \u00c9 a cren\u00e7a de que \u201cse o Chega diz que os vai mandar embora, \u00e9 porque vai mesmo\u201d.<\/p>\n<p>Nenhuma sabe dizer se h\u00e1 mais ou menos crime associado \u00e0 \u201cinvas\u00e3o\u201d de que se queixam. S\u00f3 se lembram de \u201cum tiro e uma facada l\u00e1 em baixo ao p\u00e9 da esta\u00e7\u00e3o, dos muitos assaltos. Na sexta-feira, a noite toda, foram para a\u00ed uns 12 s\u00edtios. S\u00e3o eles? Ningu\u00e9m sabe. Estas percep\u00e7\u00f5es e argumentos, ainda que por outras palavras, s\u00e3o partilhadas pelos que foram candidatos pelo PSD\/CDS, PS e Chega.<\/p>\n<p>O PS &#8220;perdeu o foco&#8221;<\/p>\n<p>M\u00e1rio Balsa, do PS, [\u00e9 Gon\u00e7alves, mas ningu\u00e9m o conhece por esse apelido], o professor e socialista que perdeu as elei\u00e7\u00f5es para Nelson Cunha, candidato do Chega, admite sem reservas que a \u201cfrustra\u00e7\u00e3o das pessoas existe\u201d e que \u201cse sente na rua\u201d.<\/p>\n<p>\u201cUm fluxo migrat\u00f3rio muito forte; uma significativa mudan\u00e7a, muito forte, da comunidade tradicional do concelho; houve um aumento muito significativo de alunos, as escolas est\u00e3o sobrelotadas, duplicaram praticamente o n\u00famero de alunos no espa\u00e7o de tr\u00eas anos; mudou o ir ao centro de sa\u00fade, \u00e9 dif\u00edcil ter m\u00e9dico de fam\u00edlia, \u00e9 dif\u00edcil ter consultas; e tamb\u00e9m temos muita gente, mesmo muita gente, que vive c\u00e1, mas n\u00e3o tem morada c\u00e1; e confirma-se, sim, que muitos pais est\u00e3o a levar os filhos para escolas e creches fora do Entroncamento\u201d, confirma o candidato derrotado.<\/p>\n<p>\t\t<img decoding=\"async\" src=\"https:\/\/www.europesays.com\/pt\/wp-content\/uploads\/2025\/10\/1760535935_461_thumbs.web.sapo.io\"  alt=\"M\u00e1rio Gon\u00e7alves \" loading=\"true\"\/><\/p>\n<p>                        Jos\u00e9 Fonseca Fernandes<\/p>\n<p>O candidato do PS revela ainda que os custos com a habita\u00e7\u00e3o dispararam com a \u201cquest\u00e3o\u201d dos imigrantes que \u201cfugiram na \u00e1rea metropolitana de Lisboa\u201d porque \u201caqui a habita\u00e7\u00e3o era barata\u201d. E \u201cisto\u201d, aconteceu \u201ctudo nos \u00faltimos dois, tr\u00eas anos\u201d. &#8220;N\u00e3o h\u00e1 barracas\u201d, mas os &#8220;pre\u00e7os das casas aumentaram muito\u201d. Outro dado: a \u201cdesorganiza\u00e7\u00e3o urban\u00edstica\u201d na zona dos de \u201cl\u00e1 de cima\u201d, que \u201cdeveria ter tido regras mais apertadas\u201d, \u00e9 explicada pelo \u201ccrescimento explosivo\u201d de uma cidade que \u201cnunca perdeu popula\u00e7\u00e3o, ao contr\u00e1rio do restante pa\u00eds\u201d.<\/p>\n<p>Uma justifica\u00e7\u00e3o \u201cnacional\u201d, diz, tamb\u00e9m concorre para este cen\u00e1rio local porque <strong>o PS \u201cperdeu o foco naquilo que \u00e9 o nosso eleitorado normal e tradicional.<\/strong> O PS, a certa altura, derivou para a esquerda e menos para o centro, que \u00e9 o seu posicionamento natural\u201d. E, assim, tamb\u00e9m se explica o \u201ctombo eleitoral grande\u201d.<\/p>\n<p>Nelson Cunha, eleito presidente da c\u00e2mara pelo Chega, acrescenta outros \u201cdados\u201d que ajudam a tipificar o retrato do concelho: 2,5% da popula\u00e7\u00e3o (dados de 2022) \u00e9 benefici\u00e1ria do RSI, os estrangeiros representavam, em 2021, 9,4% da popula\u00e7\u00e3o [m\u00e9dia nacional, diz, era de 5,5%]. O que mudou? Todos estes dados \u201caumentaram\u201d nos \u00faltimos anos.<\/p>\n<p>M\u00e1rio Balsa, que viu o PS passar de primeira para terceira for\u00e7a pol\u00edtica, elogia os primeiros oito anos da governa\u00e7\u00e3o socialista, mas admite a \u201cincapacidade\u201d dos \u00faltimos \u201ctr\u00eas anos completamente at\u00edpicos\u201d de \u201cuma cidade que j\u00e1 estava adormecida\u201d desde os \u201ctr\u00eas mandatos do PSD\u201d e os \u201cdois do PS\u201d. Tradu\u00e7\u00e3o? H\u00e1 cerca de 25 anos. Justifica\u00e7\u00e3o para os \u00faltimos quatro anos? <strong>\u201cEscolas, centros de sa\u00fade, habita\u00e7\u00e3o\u201d n\u00e3o se constroem em \u201ct\u00e3o pouco tempo\u201d.<\/strong><\/p>\n<p>Manter uma governa\u00e7\u00e3o PS, reconhece, seria \u201ccontrariar uma corrente muito forte, seria dif\u00edcil remar contra ela\u201d. O desaire explica-se pelo \u201cdescontentamento muito forte\u201d da popula\u00e7\u00e3o. E tamb\u00e9m pela \u201csubida dos n\u00edveis de criminalidade\u201d que est\u00e3o identificados e que n\u00e3o est\u00e3o ligados \u201c\u00e0 imigra\u00e7\u00e3o\u201d.<\/p>\n<p>\u201cFurtos, viol\u00eancia dom\u00e9stica significativa, mas pelo que a PSP me transmitiu, os criminosos est\u00e3o identificados. 900 crimes at\u00e9 agora. O mesmo que no ano inteiro de 2024\u201d.<\/p>\n<p>Vencedor quer pol\u00edcia municipal &#8220;armada&#8221;<\/p>\n<p>Nelson Cunha (CH), que v\u00ea nas suas \u201cra\u00edzes\u201d nas zonas de maior \u201cdebilidade\u201d e nos pais que \u201ctinham banca na Pra\u00e7a\u201d e \u201cpastelarias\u201d a raz\u00e3o da sua elei\u00e7\u00e3o \u2013 apesar dos seus opositores dizerem o contr\u00e1rio -, diz que o maior problema do concelho \u00e9 \u201cclaramente a falta de seguran\u00e7a\u201d. O seu plano passa por uma pol\u00edcia municipal \u201carmada\u201d &#8211; medida que diz ser \u201crobusta\u201d e que contrarie, por exemplo, o furto por estic\u00e3o que \u00e9 o \u201cquarto mais alto no pa\u00eds\u201d [Lisboa, Porto e Albufeira s\u00e3o os primeiros concelhos] &#8211; que trave \u201co recorde de criminalidade do ano passado: cerca de mil crimes reportados at\u00e9 setembro\u201d.<\/p>\n<p>Os \u201cn\u00fameros alarmantes\u201d, ou a \u201csubida\u201d nas palavras do candidato do PS, explica-se pelo \u201caumento exponencial de popula\u00e7\u00e3o\u201d [quer PS, quer Chega admitem que haja hoje cerca de 30 mil e n\u00e3o 22 mil habitantes] e pela \u201cgrande taxa de subsidiodepend\u00eancia\u201d que \u201ctem vindo a aumentar\u201d. \u201cQuando se rouba para comer \u00e9 preocupante. Muitos dos roubos, por exemplo, nas \u00faltimas quatro semanas, s\u00e3o roubos de comida. <strong>N\u00e3o s\u00e3o roubos para ganhar algum dinheiro. E isto \u00e9 que \u00e9 preocupante<\/strong>\u201d, alerta o antigo escuteiro eleito presidente.<\/p>\n<p>A cidade que n\u00e3o foi \u201creiventada\u201d, e que \u201cperdeu oper\u00e1rios da CP e a forte componente militar das unidades militares pr\u00f3ximas\u201d, como acrescenta M\u00e1rio Balsa (PS), elegeu Nelson Cunha (CH) para liderar a autarquia nos pr\u00f3ximos quatro anos. Chega conquistou tr\u00eas mandatos (3.649 votos), a coliga\u00e7\u00e3o PSD-CDS, dois (2.986 votos) e o PS outros dois (2.164 votos). Dos cerca de 22 mil habitantes, s\u00f3 pouco mais de 16 mil est\u00e3o inscritos como eleitores. E destes s\u00f3 9.773 votaram.<\/p>\n","protected":false},"excerpt":{"rendered":"Nasceu \u00e0s m\u00e3os da \u201cMaria Serranha\u201d que \u201cpariu mais de metade do pessoal\u201d do Entroncamento \u201cali\u201d na rua&hellip;\n","protected":false},"author":2,"featured_media":111796,"comment_status":"","ping_status":"","sticky":false,"template":"","format":"standard","meta":{"footnotes":""},"categories":[8],"tags":[27,28,15,16,14,25,26,21,22,12,13,19,20,32,23,24,33,17,18,29,30,31],"class_list":{"0":"post-111795","1":"post","2":"type-post","3":"status-publish","4":"format-standard","5":"has-post-thumbnail","7":"category-principais-noticias","8":"tag-breaking-news","9":"tag-breakingnews","10":"tag-featured-news","11":"tag-featurednews","12":"tag-headlines","13":"tag-latest-news","14":"tag-latestnews","15":"tag-main-news","16":"tag-mainnews","17":"tag-news","18":"tag-noticias","19":"tag-noticias-principais","20":"tag-noticiasprincipais","21":"tag-portugal","22":"tag-principais-noticias","23":"tag-principaisnoticias","24":"tag-pt","25":"tag-top-stories","26":"tag-topstories","27":"tag-ultimas","28":"tag-ultimas-noticias","29":"tag-ultimasnoticias"},"share_on_mastodon":{"url":"","error":""},"_links":{"self":[{"href":"https:\/\/www.europesays.com\/pt\/wp-json\/wp\/v2\/posts\/111795","targetHints":{"allow":["GET"]}}],"collection":[{"href":"https:\/\/www.europesays.com\/pt\/wp-json\/wp\/v2\/posts"}],"about":[{"href":"https:\/\/www.europesays.com\/pt\/wp-json\/wp\/v2\/types\/post"}],"author":[{"embeddable":true,"href":"https:\/\/www.europesays.com\/pt\/wp-json\/wp\/v2\/users\/2"}],"replies":[{"embeddable":true,"href":"https:\/\/www.europesays.com\/pt\/wp-json\/wp\/v2\/comments?post=111795"}],"version-history":[{"count":0,"href":"https:\/\/www.europesays.com\/pt\/wp-json\/wp\/v2\/posts\/111795\/revisions"}],"wp:featuredmedia":[{"embeddable":true,"href":"https:\/\/www.europesays.com\/pt\/wp-json\/wp\/v2\/media\/111796"}],"wp:attachment":[{"href":"https:\/\/www.europesays.com\/pt\/wp-json\/wp\/v2\/media?parent=111795"}],"wp:term":[{"taxonomy":"category","embeddable":true,"href":"https:\/\/www.europesays.com\/pt\/wp-json\/wp\/v2\/categories?post=111795"},{"taxonomy":"post_tag","embeddable":true,"href":"https:\/\/www.europesays.com\/pt\/wp-json\/wp\/v2\/tags?post=111795"}],"curies":[{"name":"wp","href":"https:\/\/api.w.org\/{rel}","templated":true}]}}