{"id":111799,"date":"2025-10-15T13:49:12","date_gmt":"2025-10-15T13:49:12","guid":{"rendered":"https:\/\/www.europesays.com\/pt\/111799\/"},"modified":"2025-10-15T13:49:12","modified_gmt":"2025-10-15T13:49:12","slug":"marisa-e-pedro-voltam-a-casa-e-ha-desconfiancas-no-ar-ouvi-os-risos-tvi-player","status":"publish","type":"post","link":"https:\/\/www.europesays.com\/pt\/111799\/","title":{"rendered":"Marisa e Pedro voltam \u00e0 casa e h\u00e1 desconfian\u00e7as no ar: \u00abouvi os risos\u00bb &#8211; TVI Player"},"content":{"rendered":"<ol>\n<li><a href=\"https:\/\/news.google.com\/rss\/articles\/CBMipAFBVV95cUxNalpya0FpQjVkOVFmVjdEQW5OMURmSjgxZy1mUTNrSktTdkkyX0VzdGIxbl9mME8ydWFzWlp5bHlfVlRpOXNJLVVxU3pQbGxtWWJGbmlIdngzTU81YllLRHBwMndsd3VGNkNaQ1d3aDd5ekVMcTFEUXpCZWlSbWxacEFBMGdZS1FRLWFmMkVPTE9zZ0ZOR1FWczZnUzNnUEVaN2d4Qg?oc=5\" target=\"_blank\" rel=\"nofollow noopener\">Marisa e Pedro voltam \u00e0 casa e h\u00e1 desconfian\u00e7as no ar: \u00abouvi os risos\u00bb<\/a>&nbsp;&nbsp;TVI Player<\/li>\n<li><a href=\"https:\/\/news.google.com\/rss\/articles\/CBMinAFBVV95cUxNemdaM3k1WG5wTW55YlQ1T1VaSVF0QWdYVGwxTnJtOS1BRV9GSGZ1MkI4NjFTdWhxeEhkSmVMZGpJLVhRV0Z6M1ViTjNfZG01MnZKcmFNaFFSVUgtaXItUFZBeEtCdEZ2R3VOSFdqckpSTTZSYlBCejlZQU5za2RjN01HcU4ydkJLZnQwdlZ1Rk1EZjhQSnFwWkJqUDfSAaIBQVVfeXFMTnZEQmVLQWdZUzluQUNwUUVBRnh6NlhmY0kweXNXQzNRTlp5eERUbWc3OGZtVlN3ZkZ1N3ZuS0Y0MUVRbk9MN29FckRWQWpVTWk2ekpKVm5BeFhTVjEyb0tQa01rUmVxX2JUMGlOZ05qUDJHUkw1WUZXVUVsd1hBcFZVQlp2UnRxYXFQbDlCWEttVFY4bGdEcW9tVjVseTZJUVBB?oc=5\" target=\"_blank\" rel=\"nofollow noopener\">Pedro Jorge e Marisa ficam sozinhos e colocam \u201cpontos no is\u201d: \u201cPrecisava muito\u2026\u201d<\/a>&nbsp;&nbsp;Hiper Fm<\/li>\n<li><a href=\"https:\/\/news.google.com\/rss\/articles\/CBMiygFBVV95cUxOUnI5UmF0YTVNenRYcVdNbVhjQ3hZLWFrWFZpZ0ZBcnFCZ3QzS0dEb3VxODNublBMcXlBdkhuS21pODF4bGhEV1FSWEIyclBKR1BSVU1EMGZuTnBKVjBvQ1I0RUlQRXR1RXFjOEZjMmx5bnU1bHlPU1BtTFRxS0ZvZmxIZDF5NGJEbXBXR3FtVm42d0JCLUR3U1pzZ2luSVBhMl9DSTVXT0pOb1d1dkFEbUtmWElGcDZoYWxkbzVtbk5ZWEpwQXptTjFR?oc=5\" target=\"_blank\" rel=\"nofollow noopener\">A miss\u00e3o da Voz que juntou o casal secreto da \u201cCasa dos Segredos\u201d \u2014 e o reencontro foi cheio de emo\u00e7\u00e3o<\/a>&nbsp;&nbsp;A Televis\u00e3o<\/li>\n<li><a href=\"https:\/\/news.google.com\/rss\/articles\/CBMi4wFBVV95cUxPRkF4R2ZPdmo0eTlTMkI3Q0Z5WGVGSlNFSmdDZGtHUjBEUXJYa3VpNjZCUjBCNUdxT0JWRm9aTl9ZdGxiRWlWWlRXUk82V3FoVTBNNWc3VjN1Z1RPUlY2SFpQRFFKZnZaeV9Pc1lGZ2FZaUtNNVdlQ3lnRlNPMlBGV2JpQTYwemFFVGNOWFRYT3RHX2RKZFRGLTNSQlRIczJRdWpUeHZNYVVBa1Z0S2lTcVJPVkZzNUJFWlhaOXAxQWJnTWZFcW0wRjVHMTMxQXJvVlkwdEdFWUxSMGJjUFJPNDB1QdIB6AFBVV95cUxOZTFTQzdIVVBhWWxDX1lPU1VJclg1dXFkMmVfNFM5d2F2U2xQSFNSc1VpVXJUZDNUV3dzWjB2eHlZWS11Z01XbXRSYkhqOWUzQjlOdmtvLWhlZnRhZW9WZ1pFV0RfMkN1RUIzN2dzVEN0OG41STZuUXlRSzM1WjVSdXdXREhJX0NGbGNuOGY0ZTdDbU9jaGd4cnFTQm9nUVJ0REpkSmlxVmJIVE1BYzNfMGNzUXFmLWFrd3VSUUJ1LVBqS19RWjl3Zm1wNXotWDFLaUJFQ0FuRmhQSm1xZ2ljejBiSW1uRHB0?oc=5\" target=\"_blank\" rel=\"nofollow noopener\">A Internet est\u00e1 ao rubro com beijo roubado de Marisa a Pedro Jorge: as imagens do assunto do momento<\/a>&nbsp;&nbsp;TVI<\/li>\n<li><a href=\"https:\/\/news.google.com\/rss\/articles\/CBMiwwFBVV95cUxOVjZ0a2pHbG1HbTRPNm1yamZGS3hLNk91RVZ6X1J5Yk5INHB1Q05QOHlpQnVyRXUtQkNlanZkYzVic3hRYWxOaXZMWmFGSklVRmJEWkFLX3BNOFlrMEJNRHBGS3dMdlJlRERkQWI1UkRJMkw0NTlTbk14MHVGN0FUVnNCeWtrSW52OENJZV9EMFE4UGlyTUZ0eEZ4MkNmcXVkZG1OVk1lekhtT01DUHRLajgwRUhMZGFBS3haMlctUTU2dEU?oc=5\" target=\"_blank\" rel=\"nofollow noopener\">Marisa desabafa com Pedro Jorge na \u201cCasa dos Segredos\u201d: \u201cEst\u00e1-me a custar muito estar longe dos nossos filhos\u201d<\/a>&nbsp;&nbsp;infocul.pt<\/li>\n<\/ol>\n","protected":false},"excerpt":{"rendered":"Marisa e Pedro voltam \u00e0 casa e h\u00e1 desconfian\u00e7as no ar: \u00abouvi os risos\u00bb&nbsp;&nbsp;TVI Player Pedro Jorge e&hellip;\n","protected":false},"author":2,"featured_media":111800,"comment_status":"","ping_status":"","sticky":false,"template":"","format":"standard","meta":{"footnotes":""},"categories":[142],"tags":[114,115,19184,14646,32,33,151],"class_list":{"0":"post-111799","1":"post","2":"type-post","3":"status-publish","4":"format-standard","5":"has-post-thumbnail","7":"category-tv","8":"tag-entertainment","9":"tag-entretenimento","10":"tag-marisa","11":"tag-pedro","12":"tag-portugal","13":"tag-pt","14":"tag-tv"},"share_on_mastodon":{"url":"","error":""},"_links":{"self":[{"href":"https:\/\/www.europesays.com\/pt\/wp-json\/wp\/v2\/posts\/111799","targetHints":{"allow":["GET"]}}],"collection":[{"href":"https:\/\/www.europesays.com\/pt\/wp-json\/wp\/v2\/posts"}],"about":[{"href":"https:\/\/www.europesays.com\/pt\/wp-json\/wp\/v2\/types\/post"}],"author":[{"embeddable":true,"href":"https:\/\/www.europesays.com\/pt\/wp-json\/wp\/v2\/users\/2"}],"replies":[{"embeddable":true,"href":"https:\/\/www.europesays.com\/pt\/wp-json\/wp\/v2\/comments?post=111799"}],"version-history":[{"count":0,"href":"https:\/\/www.europesays.com\/pt\/wp-json\/wp\/v2\/posts\/111799\/revisions"}],"wp:featuredmedia":[{"embeddable":true,"href":"https:\/\/www.europesays.com\/pt\/wp-json\/wp\/v2\/media\/111800"}],"wp:attachment":[{"href":"https:\/\/www.europesays.com\/pt\/wp-json\/wp\/v2\/media?parent=111799"}],"wp:term":[{"taxonomy":"category","embeddable":true,"href":"https:\/\/www.europesays.com\/pt\/wp-json\/wp\/v2\/categories?post=111799"},{"taxonomy":"post_tag","embeddable":true,"href":"https:\/\/www.europesays.com\/pt\/wp-json\/wp\/v2\/tags?post=111799"}],"curies":[{"name":"wp","href":"https:\/\/api.w.org\/{rel}","templated":true}]}}