{"id":111808,"date":"2025-10-15T13:58:32","date_gmt":"2025-10-15T13:58:32","guid":{"rendered":"https:\/\/www.europesays.com\/pt\/111808\/"},"modified":"2025-10-15T13:58:32","modified_gmt":"2025-10-15T13:58:32","slug":"esta-semana-vai-estar-muito-mais-calor-que-o-normal-mas-depois-acaba-abruptamente-cnn-portugal","status":"publish","type":"post","link":"https:\/\/www.europesays.com\/pt\/111808\/","title":{"rendered":"Esta semana vai estar muito mais calor que o normal mas depois acaba abruptamente &#8211; CNN Portugal"},"content":{"rendered":"<ol>\n<li><a href=\"https:\/\/news.google.com\/rss\/articles\/CBMi_wFBVV95cUxNQm9Qa1JIbFFrOG9mQy1CWkdHbzZNMVlodk5fOGRiRkFVRGdUblBSRW8zN1hwNUQ2aC1oNWhFWlpWdFUtUkZxZEVNdTdTYmpwQ1Eta241cWJBenBFZmFBZEFZUUtULUhDMkJBM2JJS1V5YnpzTW1paGNOTklEOUFyLTFVd3IzOURwTEVtdEIxbWpnUWRHSjB5TFNTT1ZfaEw4LUJpMDF5SENGcUhoUko1X1E5a0VnWFNUSkljeWRodmNqaUdzYmdyT093NFBUNDRPblpFSkh3djVJN1ozS1RuUm14RDBnZ3lqMjhuazRjeldtN3VldXFkU0Z5QXRzemc?oc=5\" target=\"_blank\" rel=\"nofollow noopener\">Esta semana vai estar muito mais calor que o normal mas depois acaba abruptamente<\/a>&nbsp;&nbsp;CNN Portugal<\/li>\n<li><a href=\"https:\/\/news.google.com\/rss\/articles\/CBMiqAFBVV95cUxOSEtabkU3V3dRdTRLUTRMcVFPdnVvaW1zbERUSkJZVWV6YlRJUXZIV2Z3aWtmSmRVX1BkSEpnbG9zXzd0dk00S09OaTlqZ3U0bjRCUExEeGZDREFseEwzWlh2NkMwMHh3U1hqc1FiSUh1eEZBQ1Q2RDh3T3lYTkJ3MDlycnphdVRvZExQUXpuR3FaQXVHQ2kxUzU3ZFBORHFoSVpUQTNIYUQ?oc=5\" target=\"_blank\" rel=\"nofollow noopener\">Calor de ver\u00e3o em pleno outono: vamos cancelar as esta\u00e7\u00f5es do ano?<\/a>&nbsp;&nbsp;Euronews.com<\/li>\n<li><a href=\"https:\/\/news.google.com\/rss\/articles\/CBMiywFBVV95cUxQeVU5ZUY5aTFlcFN2NklKOTRUTjUzYU4zNDRINFpQa2pLSklVd0pBSWxLOXVoTjVuT0FDQmRGUTZHbTlhTEFEQURLLXpKM3lRc3hIbDVIczVHX0ZSVkVmeERzbmVpbXdUMkt5MnFaTzVjUXljYnp2UUxJdk5ObjgzdW5TMnVsNmttaEZXZW9kYUZWQVYwaTFzSkdmTmpzLXhmQXpMVWhKcFpZRmtjdDRoR0FnM045Qll0T2RsakljUUxYLUVsaUNOY01wYw?oc=5\" target=\"_blank\" rel=\"nofollow noopener\">Temperaturas devem chegar aos 30\u00baC, mas fim de semana pode ser de chuva<\/a>&nbsp;&nbsp;SIC Not\u00edcias<\/li>\n<li><a href=\"https:\/\/news.google.com\/rss\/articles\/CBMi3wFBVV95cUxORVlGMUtUcHp4Uzc0QWl2T2plVXhNODczSXJGeE1hSEhNOVV1c3RLRFZoY3JLTnRRZU1LNWZoanNpV2hsV195Z1J4V2lSSGY5ck9pdno4bU1KRzBIQ3F0WXNZRVBuSGIzMWEtSVh3MEJtOTJ2VFZlOHgydFJQdlZzUWZHWTNiYnFEN2YtVEhnUncyLWxQY0U4Ul93OGFmdUNjUmMtRFlkU2NHOFFIRHNRR2FhSHV3MHc5QmhVMzRnSVY1NXpkVmNFRzJZTWVpSlEtX0lVSDdvN3hEbVY3NUlZ?oc=5\" target=\"_blank\" rel=\"nofollow noopener\">Bloqueio anticicl\u00f3nico terminar\u00e1 este domingo, 19 de outubro: isto ir\u00e1 depois afetar o tempo em Portugal<\/a>&nbsp;&nbsp;Tempo.pt<\/li>\n<li><a href=\"https:\/\/news.google.com\/rss\/articles\/CBMinwFBVV95cUxOVFVoTXVVZmlWaUpmQWEyYWg2OGhwSmNFbFllbHBGeVg1YmF4cUI2QnFkQ04yZkF6UWZyTTBCb0lpanJyMmZfUzhkVHZKZENhMW5ER1lUcGMtVjluMFp1ZTZCa1gxSGMybDl3QVFKbmRQZWFrcElkNGdiWXczUlJlcGozbUhnUVI1WmpwNERQT1hQaEQwbTU3RUloRk13dUk?oc=5\" target=\"_blank\" rel=\"nofollow noopener\">Semana come\u00e7a com sol, mas vem chuva no fim de semana<\/a>&nbsp;&nbsp;Renascen\u00e7a<\/li>\n<\/ol>\n","protected":false},"excerpt":{"rendered":"Esta semana vai estar muito mais calor que o normal mas depois acaba abruptamente&nbsp;&nbsp;CNN Portugal Calor de ver\u00e3o&hellip;\n","protected":false},"author":2,"featured_media":109680,"comment_status":"","ping_status":"","sticky":false,"template":"","format":"standard","meta":{"footnotes":""},"categories":[10],"tags":[27,28,15,16,14,25,26,21,22,12,13,19,20,32,23,24,33,17,18,29,30,31],"class_list":{"0":"post-111808","1":"post","2":"type-post","3":"status-publish","4":"format-standard","5":"has-post-thumbnail","7":"category-portugal","8":"tag-breaking-news","9":"tag-breakingnews","10":"tag-featured-news","11":"tag-featurednews","12":"tag-headlines","13":"tag-latest-news","14":"tag-latestnews","15":"tag-main-news","16":"tag-mainnews","17":"tag-news","18":"tag-noticias","19":"tag-noticias-principais","20":"tag-noticiasprincipais","21":"tag-portugal","22":"tag-principais-noticias","23":"tag-principaisnoticias","24":"tag-pt","25":"tag-top-stories","26":"tag-topstories","27":"tag-ultimas","28":"tag-ultimas-noticias","29":"tag-ultimasnoticias"},"share_on_mastodon":{"url":"","error":""},"_links":{"self":[{"href":"https:\/\/www.europesays.com\/pt\/wp-json\/wp\/v2\/posts\/111808","targetHints":{"allow":["GET"]}}],"collection":[{"href":"https:\/\/www.europesays.com\/pt\/wp-json\/wp\/v2\/posts"}],"about":[{"href":"https:\/\/www.europesays.com\/pt\/wp-json\/wp\/v2\/types\/post"}],"author":[{"embeddable":true,"href":"https:\/\/www.europesays.com\/pt\/wp-json\/wp\/v2\/users\/2"}],"replies":[{"embeddable":true,"href":"https:\/\/www.europesays.com\/pt\/wp-json\/wp\/v2\/comments?post=111808"}],"version-history":[{"count":0,"href":"https:\/\/www.europesays.com\/pt\/wp-json\/wp\/v2\/posts\/111808\/revisions"}],"wp:featuredmedia":[{"embeddable":true,"href":"https:\/\/www.europesays.com\/pt\/wp-json\/wp\/v2\/media\/109680"}],"wp:attachment":[{"href":"https:\/\/www.europesays.com\/pt\/wp-json\/wp\/v2\/media?parent=111808"}],"wp:term":[{"taxonomy":"category","embeddable":true,"href":"https:\/\/www.europesays.com\/pt\/wp-json\/wp\/v2\/categories?post=111808"},{"taxonomy":"post_tag","embeddable":true,"href":"https:\/\/www.europesays.com\/pt\/wp-json\/wp\/v2\/tags?post=111808"}],"curies":[{"name":"wp","href":"https:\/\/api.w.org\/{rel}","templated":true}]}}