{"id":111813,"date":"2025-10-15T14:04:20","date_gmt":"2025-10-15T14:04:20","guid":{"rendered":"https:\/\/www.europesays.com\/pt\/111813\/"},"modified":"2025-10-15T14:04:20","modified_gmt":"2025-10-15T14:04:20","slug":"5-momentos-engracados-de-guerreiras-do-k-pop","status":"publish","type":"post","link":"https:\/\/www.europesays.com\/pt\/111813\/","title":{"rendered":"5 momentos engra\u00e7ados de &#8216;Guerreiras do K-Pop&#8217;"},"content":{"rendered":"<p>Novo fen\u00f4meno da cultura pop, \u201c<a href=\"https:\/\/recreio.com.br\/tags\/guerreiras-do-k-pop\" target=\"_blank\" rel=\"noopener nofollow\">Guerreiras do K-Pop<\/a>\u201c, anima\u00e7\u00e3o que se tornou o conte\u00fado mais visto da <a href=\"https:\/\/www.netflix.com\/\" target=\"_blank\" rel=\"noopener nofollow\">Netflix<\/a>, \u00e9 repleta de a\u00e7\u00e3o, romance e drama, combina\u00e7\u00e3o de g\u00eaneros que junto a can\u00e7\u00f5es como \u201cGolden\u201d e \u201cSoda Pop\u201d, conquistaram f\u00e3s ao redor de todo o mundo.<\/p>\n<p>Na trama, s\u00e3o apresentadas as integrantes do HUNTR\/X: Rumi, Mira e Zoey, idols que, al\u00e9m de arrastar multid\u00f5es de f\u00e3s, usam suas vozes poderosas para derrotar amea\u00e7as sobrenaturais, e precisam enfrentar um grupo de dem\u00f4nios disfar\u00e7ados de boy group, os Saja Boys, para manter a humanidade em seguran\u00e7a.<\/p>\n<p>Com diversas cenas memor\u00e1veis para fazer a hist\u00f3ria ganhar forma, h\u00e1 ainda aquelas que arrancam risadas de quem assiste. Pensando nisso, a RECREIO reuniu 5 momentos engra\u00e7ados de \u201cGuerreiras do K-Pop\u201d para relembrar; veja:<\/p>\n<p> 1. O visual de Mira no Met Gala <img loading=\"lazy\" decoding=\"async\" class=\"size-full wp-image-54871 img-fluid lazy\" alt=\"\" width=\"1280\" height=\"720\" src=\"https:\/\/www.europesays.com\/pt\/wp-content\/uploads\/2025\/10\/Mira-no-Met-Gala-Guerreiras-do-K-Pop_capa.jpg\"  \/>Mira no Met Gala em cena de \u201cGuerreiras do K-Pop\u201d \u2013 Reprodu\u00e7\u00e3o\/Netflix <\/p>\n<p>Como diz o trecho de Mira em \u201cGolden\u201d, ela \u00e9 rebelde! Essa caracter\u00edstica da personalidade da personagem ganha mais detalhes quando ela \u00e9 apresentada, j\u00e1 que, em meio a declara\u00e7\u00f5es apaixonadas de f\u00e3s, surge uma sequ\u00eancia de fotos dela no MET Gala, evento que marca \u201ca maior noite da moda\u201d anual, com um look ic\u00f4nico: um saco de dormir!<\/p>\n<p>O visual em si j\u00e1 chama aten\u00e7\u00e3o, mas fica ainda mais engra\u00e7ado com o depoimento dos f\u00e3s sobre o look e depois com cenas em que mais membros do fandom s\u00e3o vistos vestindo sacos de dormir para imitar o visual de Mira.<\/p>\n<p><strong>Curiosidade:<\/strong> a dubladora de Mira nas can\u00e7\u00f5es, <a href=\"https:\/\/www.instagram.com\/audreynuna\/\" target=\"_blank\" rel=\"noopener nofollow\"><strong>Audrey Nuna<\/strong><\/a>, usou um casaco acolchoado longo e preto, bem semelhante ao saco de dormir da personagem, no MTV Video Music Awards de 2025, criando uma conex\u00e3o inesperada entre realidade e fic\u00e7\u00e3o.<\/p>\n<blockquote class=\"instagram-media\" style=\"background: #FFF; border: 0; border-radius: 3px; box-shadow: 0 0 1px 0 rgba(0,0,0,0.5),0 1px 10px 0 rgba(0,0,0,0.15); margin: 1px; max-width: 540px; min-width: 326px; padding: 0; width: calc(100% - 2px);\" data-instgrm-captioned=\"\" data-instgrm-permalink=\"https:\/\/www.instagram.com\/p\/DOW6APyjSKZ\/?utm_source=ig_embed&amp;utm_campaign=loading\" data-instgrm-version=\"14\"><\/blockquote>\n<p>  2. Pausa no lanchinho <img loading=\"lazy\" decoding=\"async\" class=\"size-full wp-image-54747 img-fluid lazy\" alt=\"\" width=\"1280\" height=\"720\" src=\"https:\/\/www.europesays.com\/pt\/wp-content\/uploads\/2025\/10\/Guerreiras-do-K-Pop_capa-1.jpg\"  \/>Cena de \u201cGuerreiras do K-Pop\u201d \u2013 Reprodu\u00e7\u00e3o\/Netflix <\/p>\n<p>Na primeira cena com todas as integrantes no presente, Rumi, Mira e Zoey est\u00e3o em um avi\u00e3o rumo a um novo show e, em prepara\u00e7\u00e3o para a apresenta\u00e7\u00e3o, surgem comendo tudo o que podem para terem calorias para gastar durante a performance \u2014 uma sequ\u00eancia que quebra a vis\u00e3o perfeita das integrantes com muito caos e sujeira pelo ar.<\/p>\n<p>O momento, que j\u00e1 \u00e9 divertido por conta das express\u00f5es exageradas do trio enquanto comem, se torna c\u00f4mico quando Rumi percebe que aqueles que faziam o servi\u00e7o de bordo do avi\u00e3o est\u00e3o se comportando de maneira estranha, regando flores com caf\u00e9 e falando de maneira confusa, a fazendo perceber que eles s\u00e3o dem\u00f4nios.<\/p>\n<p>Quando a verdade vem \u00e0 tona, Rumi acaba se perguntando: \u201cpor que eles sempre interrompem nossos lanches?!\u201d, seguida por Zoey que, enquanto esmaga seu punhado de salgadinhos, diz com a boca cheia: \u201celes sentir\u00e3o minha ira!\u201d, despertando risadas antes da primeira cena de luta da trama.<\/p>\n<p><strong>Curiosidade:<\/strong> o momento foi recriado nas redes sociais pelas vozes cantadas de Rumi, Mira e Zoey, <strong>EJAE<\/strong>, Audrey Nuna e Rei Ami, respectivamente, quando elas participaram do The Tonight Show com <a href=\"https:\/\/pt.wikipedia.org\/wiki\/Jimmy_Fallon\" target=\"_blank\" rel=\"noopener nofollow\"><strong>Jimmy Fallon<\/strong><\/a>.<\/p>\n<blockquote class=\"instagram-media\" style=\"background: #FFF; border: 0; border-radius: 3px; box-shadow: 0 0 1px 0 rgba(0,0,0,0.5),0 1px 10px 0 rgba(0,0,0,0.15); margin: 1px; max-width: 540px; min-width: 326px; padding: 0; width: calc(100% - 2px);\" data-instgrm-captioned=\"\" data-instgrm-permalink=\"https:\/\/www.instagram.com\/reel\/DPkQCzXjudH\/?utm_source=ig_embed&amp;utm_campaign=loading\" data-instgrm-version=\"14\"><\/blockquote>\n<p>  3. Escorregador e couro n\u00e3o combinam <img loading=\"lazy\" decoding=\"async\" class=\"size-full wp-image-54873 img-fluid lazy\" alt=\"\" width=\"1280\" height=\"720\" src=\"https:\/\/www.europesays.com\/pt\/wp-content\/uploads\/2025\/10\/Guerreiras-do-K-Pop_capa-1-1.jpg\"  \/>Cena de \u201cGuerreiras do K-Pop\u201d \u2013 Reprodu\u00e7\u00e3o\/Netflix <\/p>\n<p>Quando as tr\u00eas idols descobrem que os Saja Boys s\u00e3o dem\u00f4nios, elas planejam uma emboscada, programando matar a forma\u00e7\u00e3o inteira assim que eles terminarem uma participa\u00e7\u00e3o em um programa de entretenimento. O problema? Elas s\u00e3o surpreendidas quando os membros do boy group as encontram na plateia e criam um escorregador colorido para que elas des\u00e7am dos assentos at\u00e9 o palco para um momento de intera\u00e7\u00e3o entre eles.<\/p>\n<p>Elas, que usavam trajes de couro, ent\u00e3o come\u00e7am a descer em dire\u00e7\u00e3o ao fim do escorregador, o qual tem uma piscina de bolinhas para deixar a aterrissagem mais divertida. Mas a situa\u00e7\u00e3o se torna ainda mais constrangedora quando as roupas de couro ficam presas no escorregador, fazendo barulhos estridentes enquanto elas descem lentamente.<\/p>\n<p>\t 4. Tigre feroz ou fofo? <img loading=\"lazy\" decoding=\"async\" class=\"size-full wp-image-51614 img-fluid lazy\" alt=\"\" width=\"1200\" height=\"503\" src=\"https:\/\/www.europesays.com\/pt\/wp-content\/uploads\/2025\/10\/Derpy-guerreiras-do-k-pop.jpg\"  \/>Derpy em cena de \u201cGuerreiras do K-Pop\u201d \u2013 Reprodu\u00e7\u00e3o\/Netflix <\/p>\n<p>Uma das surpresas do filme \u00e9 Derpy, o animal de estima\u00e7\u00e3o de Jinu, o qual tem a apar\u00eancia semelhante a de um tigre azul. Isso porque, na primeira apari\u00e7\u00e3o, o pet visita Rumi acompanhado de um p\u00e1ssaro de seis olhos, deixando um clima tenso no ar pois o visual do pet \u00e9 um tanto quanto assustador.<\/p>\n<p>No entanto, a expectativa \u00e9 quebrada quando o Derpy derruba um vaso e tenta levant\u00e1-lo diversas vezes sem sucesso em uma sequ\u00eancia fofa e engra\u00e7ada, que revela que o bichinho n\u00e3o desperta nenhuma amea\u00e7a a Rumi.<\/p>\n<p> 5. A casa de banho <img loading=\"lazy\" decoding=\"async\" class=\"size-full wp-image-54874 img-fluid lazy\" alt=\"\" width=\"1280\" height=\"720\" src=\"https:\/\/www.europesays.com\/pt\/wp-content\/uploads\/2025\/10\/Guerreiras-do-K-Pop_capa-2-1.jpg\"  \/>Cena de \u201cGuerreiras do K-Pop\u201d \u2013 Reprodu\u00e7\u00e3o\/Netflix <\/p>\n<p>Na anima\u00e7\u00e3o, Rumi nunca vai a casa de banho com as colegas do HUNTR\/X, apesar de Mira e Zoey sempre a convidarem, porque ela precisa manter um poderoso segredo.<\/p>\n<p>Como resultado, na primeira cena de combate contra os Saja Boys, o HUNTR\/X luta contra os dem\u00f4nios em uma casa de banho. Quando elas entram no ambiente, Zoey diz animadamente que elas finalmente v\u00e3o poder ir a uma casa de banho com Rumi, e ent\u00e3o uma sequ\u00eancia de a\u00e7\u00e3o come\u00e7a, levando a rapper a dizer: \u201cN\u00e3o deixe que isso te afaste da casa de banho, Rumi!\u201d, trazendo um breve respiro para as cenas de luta.<\/p>\n<p>        <a href=\"https:\/\/recreio.com.br\/noticias\/author\/izabela-queiroz\" rel=\"nofollow noopener\" target=\"_blank\">&#13;<br \/>\n          <img alt=\"Izabela Queiroz\" src=\"https:\/\/www.europesays.com\/pt\/wp-content\/uploads\/2025\/10\/1760537060_626_73c0b9c1056486c3f0ac887fc031213cdd608512c3b419d28e1ba5da81c3eb12\"  class=\"avatar avatar-115 photo rounded-circle mr-3\" height=\"115\" width=\"115\" loading=\"lazy\" decoding=\"async\"\/>        <\/a><\/p>\n<p>Izabela Queiroz, jornalista por paix\u00e3o e cin\u00e9fila de carteirinha. Formada pela UNINOVE, encontrou na escrita o lugar ideal para unir tudo o que mais gosta: filmes, s\u00e9ries e m\u00fasica. Nos textos, h\u00e1 quase sempre refer\u00eancias a algo relacionado \u00e0 cultura pop que a marcou. Fora deles, a encontrar\u00e1 assistindo hist\u00f3rias com reviravoltas chocantes, romances cativantes e dramas que a fazem chorar.<\/p>\n<p>\t                                            <script async src=\"\/\/www.instagram.com\/embed.js\"><\/script><\/p>\n","protected":false},"excerpt":{"rendered":"Novo fen\u00f4meno da cultura pop, \u201cGuerreiras do K-Pop\u201c, anima\u00e7\u00e3o que se tornou o conte\u00fado mais visto da Netflix,&hellip;\n","protected":false},"author":2,"featured_media":111814,"comment_status":"","ping_status":"","sticky":false,"template":"","format":"standard","meta":{"footnotes":""},"categories":[141],"tags":[1415,114,115,4550,3432,26436,149,150,716,32,33,23287],"class_list":{"0":"post-111813","1":"post","2":"type-post","3":"status-publish","4":"format-standard","5":"has-post-thumbnail","7":"category-musica","8":"tag-animacao","9":"tag-entertainment","10":"tag-entretenimento","11":"tag-guerreiras-do-k-pop","12":"tag-huntr-x","13":"tag-met-gala","14":"tag-music","15":"tag-musica","16":"tag-netflix","17":"tag-portugal","18":"tag-pt","19":"tag-saja-boys"},"share_on_mastodon":{"url":"","error":""},"_links":{"self":[{"href":"https:\/\/www.europesays.com\/pt\/wp-json\/wp\/v2\/posts\/111813","targetHints":{"allow":["GET"]}}],"collection":[{"href":"https:\/\/www.europesays.com\/pt\/wp-json\/wp\/v2\/posts"}],"about":[{"href":"https:\/\/www.europesays.com\/pt\/wp-json\/wp\/v2\/types\/post"}],"author":[{"embeddable":true,"href":"https:\/\/www.europesays.com\/pt\/wp-json\/wp\/v2\/users\/2"}],"replies":[{"embeddable":true,"href":"https:\/\/www.europesays.com\/pt\/wp-json\/wp\/v2\/comments?post=111813"}],"version-history":[{"count":0,"href":"https:\/\/www.europesays.com\/pt\/wp-json\/wp\/v2\/posts\/111813\/revisions"}],"wp:featuredmedia":[{"embeddable":true,"href":"https:\/\/www.europesays.com\/pt\/wp-json\/wp\/v2\/media\/111814"}],"wp:attachment":[{"href":"https:\/\/www.europesays.com\/pt\/wp-json\/wp\/v2\/media?parent=111813"}],"wp:term":[{"taxonomy":"category","embeddable":true,"href":"https:\/\/www.europesays.com\/pt\/wp-json\/wp\/v2\/categories?post=111813"},{"taxonomy":"post_tag","embeddable":true,"href":"https:\/\/www.europesays.com\/pt\/wp-json\/wp\/v2\/tags?post=111813"}],"curies":[{"name":"wp","href":"https:\/\/api.w.org\/{rel}","templated":true}]}}