{"id":111820,"date":"2025-10-15T14:11:17","date_gmt":"2025-10-15T14:11:17","guid":{"rendered":"https:\/\/www.europesays.com\/pt\/111820\/"},"modified":"2025-10-15T14:11:17","modified_gmt":"2025-10-15T14:11:17","slug":"onde-esta-o-meu-cabelo-trump-furioso-com-pior-foto-de-sempre-na-capa-da-time","status":"publish","type":"post","link":"https:\/\/www.europesays.com\/pt\/111820\/","title":{"rendered":"&#8220;Onde est\u00e1 o meu cabelo?&#8221;. Trump furioso com &#8220;pior foto de sempre&#8221; na capa da Time"},"content":{"rendered":"<p class=\"wp-caption-text top\">\/\/ Time Magazine<\/p>\n<p><img decoding=\"async\" loading=\"lazy\" class=\"wp-image-706106 size-kopa-image-size-3\" src=\"https:\/\/www.europesays.com\/pt\/wp-content\/uploads\/2025\/10\/5f2dbb6ad6ae54aafbcfee8bd4dedd17-783x450.jpg\" alt=\"\" width=\"700\" height=\"402\"  \/><\/p>\n<p class=\"wp-caption-text bot\">Donald Trump na capa da Time<\/p>\n<p><strong>A revista chama-lhe o \u201cTriunfo de Trump\u201d, mas o presidente norte-americano est\u00e1 incomodado com uma fotografia pouco lisonjeira. Porque \u00e9 que n\u00e3o h\u00e1 cabelo e a suposta coroa \u00e9 \u201cextremamente pequena\u201d?<\/strong><\/p>\n<p>O presidente dos EUA, <strong>Donald Trump<\/strong>, insurgiu-se contra a revista Time, criticando a fotografia da capa que acompanha um artigo sobre o acordo de paz no M\u00e9dio Oriente, em que o seu <strong>cabelo parece ter \u201cdesaparecido\u201d<\/strong> \u2014 que classificou como \u201ca pior de sempre\u201d.<\/p>\n<p>\u201cA Time Magazine escreveu um artigo relativamente bom sobre mim, mas a fotografia <strong>pode ser a pior de sempre<\/strong>\u201d, <a href=\"https:\/\/truthsocial.com\/@realDonaldTrump\/posts\/115370899456605514\" data-wpel-link=\"external\" target=\"_blank\" rel=\"nofollow external noopener noreferrer\" class=\"ext-link\">escreveu<\/a> Trump na rede Truth Social, na madrugada desta ter\u00e7a-feira.<\/p>\n<p>\u201cEles <strong>\u2018fizeram desaparecer\u2019 o meu cabelo<\/strong> e colocaram algo a flutuar por cima da minha cabe\u00e7a que<strong> parecia uma coroa \u2014 mas uma extremamente pequena<\/strong>. Muito estranho!\u201d. Trump acrescentou ainda que esta era \u201cuma fotografia terr\u00edvel que <strong>merece ser denunciada<\/strong>\u201d.<\/p>\n<p>A capa da edi\u00e7\u00e3o desta segunda-feira da revista Time traz o t\u00edtulo \u201c<strong>O seu triunfo<\/strong>\u201d e mostra uma fotografia tirada de baixo para cima, onde o presidente surge a olhar para o alto, <strong>aparentemente iluminado por uma luz solar intensa<\/strong>.<\/p>\n<p><a href=\"https:\/\/x.com\/TIME\/status\/1977784098929385818\" data-wpel-link=\"external\" target=\"_blank\" rel=\"nofollow external noopener noreferrer\" class=\"ext-link\"><img decoding=\"async\" loading=\"lazy\" class=\"wp-image-706114 \" src=\"https:\/\/www.europesays.com\/pt\/wp-content\/uploads\/2025\/10\/f60c155294f2d2db0c38126d6f3ded75-584x954.jpg\" alt=\"\" width=\"420\" height=\"686\"  \/><\/a><\/p>\n<p>A edi\u00e7\u00e3o assinala o reconhecimento, por parte da revista, do que descreve como \u201cuma <strong>conquista marcante do segundo mandato de Trump<\/strong>\u201d e \u201cum ponto de viragem estrat\u00e9gico\u201d para o M\u00e9dio Oriente: a primeira fase de um acordo de paz entre Israel e o Hamas, que levou \u00e0 liberta\u00e7\u00e3o de todos os ref\u00e9ns israelitas detidos em Gaza e \u00e0 liberta\u00e7\u00e3o de cerca de dois mil prisioneiros palestinianos em Israel.<\/p>\n<p>As declara\u00e7\u00f5es de Trump surgiram poucas horas depois de concluir visitas a Telavive, Jerusal\u00e9m e Sharm el-Sheikh, na segunda-feira, onde supervisionou a assinatura do <a href=\"https:\/\/zap.aeiou.pt\/acordo-fim-guerra-gaza-704927\" data-wpel-link=\"internal\" rel=\"nofollow noopener\" target=\"_blank\">acordo de paz para Gaza<\/a> \u2014 um plano que promoveu pessoalmente e que p\u00f4s formalmente <strong>fim a dois anos de conflito<\/strong>, ap\u00f3s o ataque do Hamas de 7 de outubro de 2023, que desencadeou a guerra na regi\u00e3o, recorda o <a href=\"https:\/\/www.politico.eu\/article\/time-magazine-donald-trump-slams-cover-no-hair\/\" data-wpel-link=\"external\" target=\"_blank\" rel=\"nofollow external noopener noreferrer\" class=\"ext-link\">Politico<\/a>.<\/p>\n<p>O presidente norte-americano, cuja estrat\u00e9gia diplom\u00e1tica no M\u00e9dio Oriente tem gerado<strong> tanto cr\u00edticas como elogios<\/strong>, mant\u00e9m uma rela\u00e7\u00e3o longa e complexa com a Time.<\/p>\n<p>A publica\u00e7\u00e3o tem-no colocado diversas vezes na capa, por vezes de forma pouco favor\u00e1vel; mas tamb\u00e9m j\u00e1 o distinguiu <strong>duas vezes como \u201cPessoa do Ano\u201d<\/strong>, a primeira vez <a href=\"https:\/\/zap.aeiou.pt\/donald-trump-personalidade-do-ano-revista-time-140675\" data-wpel-link=\"internal\" rel=\"nofollow noopener\" target=\"_blank\">em 2017<\/a>, e mais recentemente, <a href=\"https:\/\/zap.aeiou.pt\/trump-pessoa-do-ano-2024-647290\" data-wpel-link=\"internal\" rel=\"nofollow noopener\" target=\"_blank\">em 2024<\/a>.<\/p>\n<p>Kremlin: \u201cs\u00f3 pessoas doentes\u201d<\/p>\n<p>Uma das rea\u00e7\u00f5es mais curiosas \u00e0 capa da Time com Donald Trump \u201csem cabelo\u201d chegou do Kremlin, <a href=\"https:\/\/www.politico.eu\/article\/russia-slams-freaks-time-magazine-donald-trump-cover-photo\/\" data-wpel-link=\"external\" target=\"_blank\" rel=\"nofollow external noopener noreferrer\" class=\"ext-link\">nota<\/a> o Politico.<\/p>\n<p>A porta-voz do Minist\u00e9rio dos Neg\u00f3cios Estrangeiros russo, <strong>Maria Zakharova<\/strong>, criticou a fotografia usada pela revista, escrevendo no Telegram que a escolha da imagem era \u201c<strong>assombrosa<\/strong>\u201d, numa altura em que Moscovo continua a tentar <strong>conquistar a simpatia de Trump<\/strong>.<\/p>\n<p>\u201c<strong>S\u00f3 pessoas doentes, obcecadas pela maldade e pelo \u00f3dio<\/strong> \u2014 talvez mesmo exc\u00eantricos \u2014 <strong>poderiam ter escolhido uma fotografia destas<\/strong>\u201d, afirmou Zakharova, com indigna\u00e7\u00e3o.<\/p>\n<p>    <a href=\"https:\/\/zap.aeiou.pt\/subscrever-newsletter\" data-wpel-link=\"internal\" rel=\"nofollow noopener\" target=\"_blank\">&#13;<br \/>\n        <img loading=\"lazy\" decoding=\"async\" class=\"aligncenter size-full wp-image-575475\" src=\"https:\/\/www.europesays.com\/pt\/wp-content\/uploads\/2025\/10\/1759862234_971_2d51fe4a0ba54894421ead1809309ed9-1-450x140.jpg\" alt=\"Subscreva a Newsletter ZAP\" width=\"450\" height=\"140\"\/>&#13;<br \/>\n    <\/a><\/p>\n<p>                <a href=\"https:\/\/whatsapp.com\/channel\/0029VaIC4EE2f3EJZPPSbR34\" data-wpel-link=\"external\" target=\"_blank\" rel=\"nofollow external noopener noreferrer\" class=\"ext-link\">&#13;<br \/>\n                    <img loading=\"lazy\" decoding=\"async\" class=\"aligncenter size-full wp-image-575475\" src=\"https:\/\/www.europesays.com\/pt\/wp-content\/uploads\/2025\/10\/1759862234_512_c68c559d956d4ca20f435ed74a6e71e6.png\" alt=\"Siga-nos no WhatsApp\" width=\"175\" height=\"64\"\/>&#13;<br \/>\n                <\/a><\/p>\n<p>                <a href=\"https:\/\/news.google.com\/publications\/CAAiEHRwZondIV71PDjWNoqMduEqFAgKIhB0cGaJ3SFe9Tw41jaKjHbh?hl=en-US&amp;gl=US&amp;ceid=US%3Aen\" data-wpel-link=\"external\" target=\"_blank\" rel=\"nofollow external noopener noreferrer\" class=\"ext-link\">&#13;<br \/>\n                    <img loading=\"lazy\" decoding=\"async\" class=\"aligncenter size-full wp-image-575475\" src=\"https:\/\/www.europesays.com\/pt\/wp-content\/uploads\/2025\/10\/1759862235_242_5123dd8b087b644fdb8f8603acd1bad4.png\" alt=\"Siga-nos no Google News\" width=\"176\" height=\"64\"\/>&#13;<br \/>\n                <\/a><\/p>\n","protected":false},"excerpt":{"rendered":"\/\/ Time Magazine Donald Trump na capa da Time A revista chama-lhe o \u201cTriunfo de Trump\u201d, mas o&hellip;\n","protected":false},"author":2,"featured_media":111821,"comment_status":"","ping_status":"","sticky":false,"template":"","format":"standard","meta":{"footnotes":""},"categories":[50],"tags":[27,28,637,92,413,15,16,830,13488,14,259,25,26,21,22,715,62,12,13,19,20,23,24,17,18,29,30,31,63,64,65],"class_list":{"0":"post-111820","1":"post","2":"type-post","3":"status-publish","4":"format-standard","5":"has-post-thumbnail","7":"category-mundo","8":"tag-breaking-news","9":"tag-breakingnews","10":"tag-diplomacia","11":"tag-donald-trump","12":"tag-eua","13":"tag-featured-news","14":"tag-featurednews","15":"tag-guerra","16":"tag-guerra-em-israel","17":"tag-headlines","18":"tag-israel","19":"tag-latest-news","20":"tag-latestnews","21":"tag-main-news","22":"tag-mainnews","23":"tag-media","24":"tag-mundo","25":"tag-news","26":"tag-noticias","27":"tag-noticias-principais","28":"tag-noticiasprincipais","29":"tag-principais-noticias","30":"tag-principaisnoticias","31":"tag-top-stories","32":"tag-topstories","33":"tag-ultimas","34":"tag-ultimas-noticias","35":"tag-ultimasnoticias","36":"tag-world","37":"tag-world-news","38":"tag-worldnews"},"share_on_mastodon":{"url":"","error":""},"_links":{"self":[{"href":"https:\/\/www.europesays.com\/pt\/wp-json\/wp\/v2\/posts\/111820","targetHints":{"allow":["GET"]}}],"collection":[{"href":"https:\/\/www.europesays.com\/pt\/wp-json\/wp\/v2\/posts"}],"about":[{"href":"https:\/\/www.europesays.com\/pt\/wp-json\/wp\/v2\/types\/post"}],"author":[{"embeddable":true,"href":"https:\/\/www.europesays.com\/pt\/wp-json\/wp\/v2\/users\/2"}],"replies":[{"embeddable":true,"href":"https:\/\/www.europesays.com\/pt\/wp-json\/wp\/v2\/comments?post=111820"}],"version-history":[{"count":0,"href":"https:\/\/www.europesays.com\/pt\/wp-json\/wp\/v2\/posts\/111820\/revisions"}],"wp:featuredmedia":[{"embeddable":true,"href":"https:\/\/www.europesays.com\/pt\/wp-json\/wp\/v2\/media\/111821"}],"wp:attachment":[{"href":"https:\/\/www.europesays.com\/pt\/wp-json\/wp\/v2\/media?parent=111820"}],"wp:term":[{"taxonomy":"category","embeddable":true,"href":"https:\/\/www.europesays.com\/pt\/wp-json\/wp\/v2\/categories?post=111820"},{"taxonomy":"post_tag","embeddable":true,"href":"https:\/\/www.europesays.com\/pt\/wp-json\/wp\/v2\/tags?post=111820"}],"curies":[{"name":"wp","href":"https:\/\/api.w.org\/{rel}","templated":true}]}}