{"id":111824,"date":"2025-10-15T14:16:14","date_gmt":"2025-10-15T14:16:14","guid":{"rendered":"https:\/\/www.europesays.com\/pt\/111824\/"},"modified":"2025-10-15T14:16:14","modified_gmt":"2025-10-15T14:16:14","slug":"leitura-que-acolhe-e-transforma-fundacao-biblioteca-nacional","status":"publish","type":"post","link":"https:\/\/www.europesays.com\/pt\/111824\/","title":{"rendered":"Leitura que acolhe e transforma \u2014 Funda\u00e7\u00e3o Biblioteca Nacional"},"content":{"rendered":"<p>A Funda\u00e7\u00e3o Biblioteca Nacional (FBN) participou, ontem, dia 14 de outubro, da inaugura\u00e7\u00e3o do Ponto de Leitura do Hospital Universit\u00e1rio Ant\u00f4nio Pedro, localizado na Universidade Federal Fluminense (RJ), fortalecendo o compromisso com o acesso \u00e0 leitura em diferentes espa\u00e7os sociais.<\/p>\n<p>A iniciativa integra o Acordo de Coopera\u00e7\u00e3o T\u00e9cnica firmado entre a Funda\u00e7\u00e3o Biblioteca Nacional e o Minist\u00e9rio da Sa\u00fade, voltado \u00e0 implementa\u00e7\u00e3o de a\u00e7\u00f5es que aproximem cultura e cuidado. Na ocasi\u00e3o, foram doados xxxx livros publicados pela FBN, que ir\u00e3o compor o acervo do novo espa\u00e7o de leitura, onde tamb\u00e9m acontecer\u00e1 a livre troca de livros.<\/p>\n<p>Por meio do incentivo \u00e0s pr\u00e1ticas de biblioterapia, a Funda\u00e7\u00e3o Biblioteca Nacional reafirma a import\u00e2ncia da leitura como instrumento de bem-estar, acolhimento e humaniza\u00e7\u00e3o, promovendo um ambiente hospitalar mais sens\u00edvel, onde o livro tamb\u00e9m atua como fonte de conforto e esperan\u00e7a.<\/p>\n","protected":false},"excerpt":{"rendered":"A Funda\u00e7\u00e3o Biblioteca Nacional (FBN) participou, ontem, dia 14 de outubro, da inaugura\u00e7\u00e3o do Ponto de Leitura do&hellip;\n","protected":false},"author":2,"featured_media":111825,"comment_status":"","ping_status":"","sticky":false,"template":"","format":"standard","meta":{"footnotes":""},"categories":[143],"tags":[169,114,115,170,32,33],"class_list":{"0":"post-111824","1":"post","2":"type-post","3":"status-publish","4":"format-standard","5":"has-post-thumbnail","7":"category-livros","8":"tag-books","9":"tag-entertainment","10":"tag-entretenimento","11":"tag-livros","12":"tag-portugal","13":"tag-pt"},"share_on_mastodon":{"url":"","error":""},"_links":{"self":[{"href":"https:\/\/www.europesays.com\/pt\/wp-json\/wp\/v2\/posts\/111824","targetHints":{"allow":["GET"]}}],"collection":[{"href":"https:\/\/www.europesays.com\/pt\/wp-json\/wp\/v2\/posts"}],"about":[{"href":"https:\/\/www.europesays.com\/pt\/wp-json\/wp\/v2\/types\/post"}],"author":[{"embeddable":true,"href":"https:\/\/www.europesays.com\/pt\/wp-json\/wp\/v2\/users\/2"}],"replies":[{"embeddable":true,"href":"https:\/\/www.europesays.com\/pt\/wp-json\/wp\/v2\/comments?post=111824"}],"version-history":[{"count":0,"href":"https:\/\/www.europesays.com\/pt\/wp-json\/wp\/v2\/posts\/111824\/revisions"}],"wp:featuredmedia":[{"embeddable":true,"href":"https:\/\/www.europesays.com\/pt\/wp-json\/wp\/v2\/media\/111825"}],"wp:attachment":[{"href":"https:\/\/www.europesays.com\/pt\/wp-json\/wp\/v2\/media?parent=111824"}],"wp:term":[{"taxonomy":"category","embeddable":true,"href":"https:\/\/www.europesays.com\/pt\/wp-json\/wp\/v2\/categories?post=111824"},{"taxonomy":"post_tag","embeddable":true,"href":"https:\/\/www.europesays.com\/pt\/wp-json\/wp\/v2\/tags?post=111824"}],"curies":[{"name":"wp","href":"https:\/\/api.w.org\/{rel}","templated":true}]}}