{"id":111836,"date":"2025-10-15T14:25:31","date_gmt":"2025-10-15T14:25:31","guid":{"rendered":"https:\/\/www.europesays.com\/pt\/111836\/"},"modified":"2025-10-15T14:25:31","modified_gmt":"2025-10-15T14:25:31","slug":"aviacao-parlamento-europeu-quer-malas-de-cabina-gratuitas-e-fim-das-taxas-de-check-in-ao-balcao","status":"publish","type":"post","link":"https:\/\/www.europesays.com\/pt\/111836\/","title":{"rendered":"Avia\u00e7\u00e3o: Parlamento Europeu quer malas de cabina gratuitas e fim das taxas de check-in ao balc\u00e3o"},"content":{"rendered":"<p>Os eurodeputados querem que quem viaja tenha sempre inclu\u00eddo no pre\u00e7o do bilhete de avi\u00e3o um item pessoal, como uma mochila ou um computador, mas tamb\u00e9m uma mala de cabina at\u00e9 sete quilos e dimens\u00e3o m\u00e1xima de 100 cent\u00edmetros (combinada a altura, largura e comprimento). Atualmente, algumas companhias, por exemplo as low cost, cobram pelos chamados trolleys, estando inclu\u00eddo na tarifa m\u00ednima apenas o item pessoal. \u00c9 o caso da Ryanair, da Easy Jet ou da Transavia. <\/p>\n<p><a href=\"https:\/\/expresso.pt\/subscrever?action=GEN&amp;channel=VID&amp;type=CAP&amp;source=WEB&amp;returnUrl=https:\/\/expresso.pt\/economia\/transportes\/2025-10-13-aviacao-parlamento-europeu-quer-malas-de-cabina-gratuitas-e-fim-das-taxas-de-check-in-ao-balcao-f1f6d51a&amp;utm_source=expresso&amp;utm_medium=locked_article&amp;locked=true&amp;article_id=a5bb9c1f-563b-4056-9977-7b9263a7b453&amp;author_id=Susana+Frexes&amp;category=Transportes\" target=\"_self\" class=\"\" rel=\"nofollow noopener\">Subscrever<\/a>J\u00e1 \u00e9 Subscritor?Fa\u00e7a login e continue a ler<a href=\"http:\/\/expresso.pt\/codigo?redirectUrl=https:\/\/expresso.pt\/economia\/transportes\/2025-10-13-aviacao-parlamento-europeu-quer-malas-de-cabina-gratuitas-e-fim-das-taxas-de-check-in-ao-balcao-f1f6d51a\" target=\"_self\" class=\"\" rel=\"nofollow noopener\">Inserir C\u00f3digo<\/a>Comprou o Expresso?Insira o c\u00f3digo presente na Revista E para continuar a ler<\/p>\n","protected":false},"excerpt":{"rendered":"Os eurodeputados querem que quem viaja tenha sempre inclu\u00eddo no pre\u00e7o do bilhete de avi\u00e3o um item pessoal,&hellip;\n","protected":false},"author":2,"featured_media":111837,"comment_status":"","ping_status":"","sticky":false,"template":"","format":"standard","meta":{"footnotes":""},"categories":[50],"tags":[27,28,15,16,14,25,26,21,22,62,12,13,19,20,23,24,17,18,29,30,31,63,64,65],"class_list":{"0":"post-111836","1":"post","2":"type-post","3":"status-publish","4":"format-standard","5":"has-post-thumbnail","7":"category-mundo","8":"tag-breaking-news","9":"tag-breakingnews","10":"tag-featured-news","11":"tag-featurednews","12":"tag-headlines","13":"tag-latest-news","14":"tag-latestnews","15":"tag-main-news","16":"tag-mainnews","17":"tag-mundo","18":"tag-news","19":"tag-noticias","20":"tag-noticias-principais","21":"tag-noticiasprincipais","22":"tag-principais-noticias","23":"tag-principaisnoticias","24":"tag-top-stories","25":"tag-topstories","26":"tag-ultimas","27":"tag-ultimas-noticias","28":"tag-ultimasnoticias","29":"tag-world","30":"tag-world-news","31":"tag-worldnews"},"share_on_mastodon":{"url":"","error":""},"_links":{"self":[{"href":"https:\/\/www.europesays.com\/pt\/wp-json\/wp\/v2\/posts\/111836","targetHints":{"allow":["GET"]}}],"collection":[{"href":"https:\/\/www.europesays.com\/pt\/wp-json\/wp\/v2\/posts"}],"about":[{"href":"https:\/\/www.europesays.com\/pt\/wp-json\/wp\/v2\/types\/post"}],"author":[{"embeddable":true,"href":"https:\/\/www.europesays.com\/pt\/wp-json\/wp\/v2\/users\/2"}],"replies":[{"embeddable":true,"href":"https:\/\/www.europesays.com\/pt\/wp-json\/wp\/v2\/comments?post=111836"}],"version-history":[{"count":0,"href":"https:\/\/www.europesays.com\/pt\/wp-json\/wp\/v2\/posts\/111836\/revisions"}],"wp:featuredmedia":[{"embeddable":true,"href":"https:\/\/www.europesays.com\/pt\/wp-json\/wp\/v2\/media\/111837"}],"wp:attachment":[{"href":"https:\/\/www.europesays.com\/pt\/wp-json\/wp\/v2\/media?parent=111836"}],"wp:term":[{"taxonomy":"category","embeddable":true,"href":"https:\/\/www.europesays.com\/pt\/wp-json\/wp\/v2\/categories?post=111836"},{"taxonomy":"post_tag","embeddable":true,"href":"https:\/\/www.europesays.com\/pt\/wp-json\/wp\/v2\/tags?post=111836"}],"curies":[{"name":"wp","href":"https:\/\/api.w.org\/{rel}","templated":true}]}}