{"id":111838,"date":"2025-10-15T14:28:33","date_gmt":"2025-10-15T14:28:33","guid":{"rendered":"https:\/\/www.europesays.com\/pt\/111838\/"},"modified":"2025-10-15T14:28:33","modified_gmt":"2025-10-15T14:28:33","slug":"adriane-galisteu-perde-paciencia-em-a-fazenda-17-me-respeita","status":"publish","type":"post","link":"https:\/\/www.europesays.com\/pt\/111838\/","title":{"rendered":"Adriane Galisteu perde paci\u00eancia em A Fazenda 17: &#8216;Me respeita&#8217;"},"content":{"rendered":"<p>  <img class=\"content-first-image size-large wp-image-2685710\" loading=\"eager\" decoding=\"sync\" fetchpriority=\"high\" src=\"https:\/\/www.europesays.com\/pt\/wp-content\/uploads\/2025\/10\/adriane-galisteu-1300x731.jpeg\" alt=\"Adriane Galisteu perdeu a paci\u00eancia com peoa em A Fazenda 17Foto: Record\/Reprodu\u00e7\u00e3o\/ND\" width=\"1286\" height=\"723\"  \/>Adriane Galisteu perdeu a paci\u00eancia com peoa em A Fazenda 17Foto: Record\/Reprodu\u00e7\u00e3o\/ND<\/p>\n<p>Os \u00e2nimos se exaltaram durante a forma\u00e7\u00e3o da ro\u00e7a em A Fazenda 17, inclusiva os da apresentadora. Na vota\u00e7\u00e3o de ter\u00e7a-feira (14), <a href=\"https:\/\/ndmais.com.br\/reality-shows\/adriane-galisteu-carreira-curiosidades-e-tudo-sobre-a-apresentadora-de-a-fazenda\/\" rel=\"nofollow noopener\" target=\"_blank\">Adriane Galisteu<\/a> perdeu a paci\u00eancia com <a href=\"https:\/\/ndmais.com.br\/reality-shows\/video-carol-lekker-vomita-em-a-fazenda-17-e-peoes-ficam-assustados\/\" rel=\"nofollow noopener\" target=\"_blank\">Carol Lekker<\/a>, que ignorou suas ordens e partiu para cima de Tamires Assis durante uma discuss\u00e3o.<\/p>\n<p>O momento tenso come\u00e7ou quando as peoas trocaram provoca\u00e7\u00f5es logo ap\u00f3s a leitura de um voto. Irritada com um coment\u00e1rio de<a href=\"https:\/\/ndmais.com.br\/reality-shows\/a-fazenda-17-tamires-assis\/\" rel=\"nofollow noopener\" target=\"_blank\"> Tamires<\/a>, Carol se descontrolou e levantou da cadeira, gritando.<\/p>\n<p>A apresentadora tentou conter a confus\u00e3o, mas a influenciadora n\u00e3o obedeceu. \u201cManda essa cachorra calar a boca, Dri!\u201d.<\/p>\n<p><a class=\"cta-whatsapp d-flex justify-content-between align-items-center w-100\" target=\"_blank\" rel=\"nofollow noopner noopener\" href=\"https:\/\/ndmais.com.br\/grupondmais\">   Receba no WhatsApp as principais not\u00edcias   Entre no grupo<\/a><\/p>\n<p>Adriane n\u00e3o gostou do coment\u00e1rio e interviu com mais firmeza. \u201cCarol, me respeita! Eu t\u00f4 aqui pedindo pra voc\u00ea voltar pro seu lugar e pedindo, por favor, pra voc\u00eas pararem\u201d, disse.<\/p>\n<p class=\"ndmais-content-video-caption\">Carol Lekker se descontrolou em discuss\u00e3o com T\u00e0mires \u2013 V\u00eddeo: Record\/Reprodu\u00e7\u00e3o\/ND<\/p>\n<p>Como foi a forma\u00e7\u00e3o da ro\u00e7a?<\/p>\n<p>A <a href=\"https:\/\/ndmais.com.br\/reality-shows\/a-fazenda-17-reviravolta-no-jogo-acaba-com-estrategias-e-forma-roca-inesperada-veja-como-foi\/\" rel=\"nofollow noopener\" target=\"_blank\">forma\u00e7\u00e3o da quarta ro\u00e7a de A Fazenda 17<\/a>, exibida na ter\u00e7a-feira (14), bagun\u00e7ou as estrat\u00e9gias do jogo e mudou o rumo das alian\u00e7as. Os indicados foram Fernando Sampaio, Matheus Martins, Rayane Figliuzzi e Yon\u00e1 Sousa.<\/p>\n<p>Fernando j\u00e1 est\u00e1 confirmado na ro\u00e7a, enquanto um dos outros tr\u00eas ainda pode se salvar na Prova do Fazendeiro desta quarta (15).<\/p>\n<p>A reviravolta come\u00e7ou com Wallas Arrais, que venceu a Prova de Fogo e recebeu o poder de trocar todos os moradores da baia, alterando completamente as indica\u00e7\u00f5es poss\u00edveis. Depois, o fazendeiro Dudu Camargo surpreendeu ao indicar Fernando, mesmo ap\u00f3s insinuar que miraria em Nizam Hayek.<\/p>\n<p>Na vota\u00e7\u00e3o da sede, Yon\u00e1 recebeu 12 votos. O poder laranja, revelado por Carol Lekker, anulou os votos que ela mesma havia recebido, sem alterar o resultado.<\/p>\n<p>Yon\u00e1 ent\u00e3o puxou Rayane da baia, e Matheus acabou sobrando no Resta Um, fechando a ro\u00e7a. Ele ainda vetou Fernando da Prova do Fazendeiro, que definir\u00e1 quem se salva da elimina\u00e7\u00e3o na quinta (16).<\/p>\n<p>Conhe\u00e7a todos os pe\u00f5es de A Fazenda 17:    <\/p>\n<ul class=\"slider-galeria-de-foto-wrapper glide__slides\">\n<li id=\"galeria-slide-1\" class=\"slider-galeria-de-foto-slide glide__slide\"> <a href=\"https:\/\/static.ndmais.com.br\/2025\/09\/gaby-spanic-1-1300x731.jpg\" title=\"Gaby Spanic. - Reprodu\u00e7\u00e3o\/RECORD\" data-fancybox=\"\" data-caption=\"Gaby Spanic. - Reprodu\u00e7\u00e3o\/RECORD\" id=\"zoom-gallery-2656281\" class=\"imagem-galeria\" rel=\"nofollow noopener\" target=\"_blank\"> <img decoding=\"async\" width=\"800\" height=\"450\" src=\"https:\/\/www.europesays.com\/pt\/wp-content\/uploads\/2025\/10\/gaby-spanic-1-800x450.jpg\" class=\"\" alt=\"Gaby Spanic. - Reprodu\u00e7\u00e3o\/RECORD\" loading=\"lazy\"  \/> <\/a>  Gaby Spanic. &#8211; Reprodu\u00e7\u00e3o\/RECORD\n<p> Foto 1 de 26 <\/p>\n<\/li>\n<li id=\"galeria-slide-2\" class=\"slider-galeria-de-foto-slide glide__slide\"> <a href=\"https:\/\/static.ndmais.com.br\/2025\/09\/carol-lekker-1300x731.jpg\" title=\"Carol Lekker. - Reprodu\u00e7\u00e3o\/RECORD\" data-fancybox=\"\" data-caption=\"Carol Lekker. - Reprodu\u00e7\u00e3o\/RECORD\" id=\"zoom-gallery-2656274\" class=\"imagem-galeria\" rel=\"nofollow noopener\" target=\"_blank\"> <img decoding=\"async\" width=\"800\" height=\"450\" src=\"https:\/\/www.europesays.com\/pt\/wp-content\/uploads\/2025\/10\/carol-lekker-800x450.jpg\" class=\"\" alt=\"Carol Lekker. - Reprodu\u00e7\u00e3o\/RECORD\" loading=\"lazy\"  \/> <\/a>  Carol Lekker. &#8211; Reprodu\u00e7\u00e3o\/RECORD\n<p> Foto 2 de 26 <\/p>\n<\/li>\n<li id=\"galeria-slide-3\" class=\"slider-galeria-de-foto-slide glide__slide\"> <a href=\"https:\/\/static.ndmais.com.br\/2025\/09\/creo-kellab-1300x731.jpg\" title=\"Creo Kellab. - Reprodu\u00e7\u00e3o\/RECORD\" data-fancybox=\"\" data-caption=\"Creo Kellab. - Reprodu\u00e7\u00e3o\/RECORD\" id=\"zoom-gallery-2656275\" class=\"imagem-galeria\" rel=\"nofollow noopener\" target=\"_blank\"> <img decoding=\"async\" width=\"800\" height=\"450\" src=\"https:\/\/www.europesays.com\/pt\/wp-content\/uploads\/2025\/10\/creo-kellab-800x450.jpg\" class=\"\" alt=\"Creo Kellab. - Reprodu\u00e7\u00e3o\/RECORD\" loading=\"lazy\"  \/> <\/a>  Creo Kellab. &#8211; Reprodu\u00e7\u00e3o\/RECORD\n<p> Foto 3 de 26 <\/p>\n<\/li>\n<li id=\"galeria-slide-4\" class=\"slider-galeria-de-foto-slide glide__slide\"> <a href=\"https:\/\/static.ndmais.com.br\/2025\/09\/duda-wendling-1300x731.jpg\" title=\"Duda Wendling. - Reprodu\u00e7\u00e3o\/RECORD\" data-fancybox=\"\" data-caption=\"Duda Wendling. - Reprodu\u00e7\u00e3o\/RECORD\" id=\"zoom-gallery-2656276\" class=\"imagem-galeria\" rel=\"nofollow noopener\" target=\"_blank\"> <img decoding=\"async\" width=\"800\" height=\"450\" src=\"https:\/\/www.europesays.com\/pt\/wp-content\/uploads\/2025\/10\/duda-wendling-800x450.jpg\" class=\"\" alt=\"Duda Wendling. - Reprodu\u00e7\u00e3o\/RECORD\" loading=\"lazy\"  \/> <\/a>  Duda Wendling. &#8211; Reprodu\u00e7\u00e3o\/RECORD\n<p> Foto 4 de 26 <\/p>\n<\/li>\n<li id=\"galeria-slide-5\" class=\"slider-galeria-de-foto-slide glide__slide\"> <a href=\"https:\/\/static.ndmais.com.br\/2025\/09\/dudu-camargo-1300x731.jpg\" title=\"Dudu Camargo. - Reprodu\u00e7\u00e3o\/RECORD\" data-fancybox=\"\" data-caption=\"Dudu Camargo. - Reprodu\u00e7\u00e3o\/RECORD\" id=\"zoom-gallery-2656277\" class=\"imagem-galeria\" rel=\"nofollow noopener\" target=\"_blank\"> <img decoding=\"async\" width=\"800\" height=\"450\" src=\"https:\/\/www.europesays.com\/pt\/wp-content\/uploads\/2025\/10\/dudu-camargo-800x450.jpg\" class=\"\" alt=\"Dudu Camargo. - Reprodu\u00e7\u00e3o\/RECORD\" loading=\"lazy\"  \/> <\/a>  Dudu Camargo. &#8211; Reprodu\u00e7\u00e3o\/RECORD\n<p> Foto 5 de 26 <\/p>\n<\/li>\n<li id=\"galeria-slide-6\" class=\"slider-galeria-de-foto-slide glide__slide\"> <a href=\"https:\/\/static.ndmais.com.br\/2025\/09\/fabiano-moraes-1300x731.jpg\" title=\"Fabiano Moraes. - Reprodu\u00e7\u00e3o\/RECORD\" data-fancybox=\"\" data-caption=\"Fabiano Moraes. - Reprodu\u00e7\u00e3o\/RECORD\" id=\"zoom-gallery-2656278\" class=\"imagem-galeria\" rel=\"nofollow noopener\" target=\"_blank\"> <img decoding=\"async\" width=\"800\" height=\"450\" src=\"https:\/\/www.europesays.com\/pt\/wp-content\/uploads\/2025\/10\/fabiano-moraes-800x450.jpg\" class=\"\" alt=\"Fabiano Moraes. - Reprodu\u00e7\u00e3o\/RECORD\" loading=\"lazy\"  \/> <\/a>  Fabiano Moraes. &#8211; Reprodu\u00e7\u00e3o\/RECORD\n<p> Foto 6 de 26 <\/p>\n<\/li>\n<li id=\"galeria-slide-7\" class=\"slider-galeria-de-foto-slide glide__slide\"> <a href=\"https:\/\/static.ndmais.com.br\/2025\/09\/fernando-sampaio-1300x731.jpg\" title=\"Fernando Sampaio. - Reprodu\u00e7\u00e3o\/RECORD\" data-fancybox=\"\" data-caption=\"Fernando Sampaio. - Reprodu\u00e7\u00e3o\/RECORD\" id=\"zoom-gallery-2656279\" class=\"imagem-galeria\" rel=\"nofollow noopener\" target=\"_blank\"> <img decoding=\"async\" width=\"800\" height=\"450\" src=\"https:\/\/www.europesays.com\/pt\/wp-content\/uploads\/2025\/10\/fernando-sampaio-800x450.jpg\" class=\"\" alt=\"Fernando Sampaio. - Reprodu\u00e7\u00e3o\/RECORD\" loading=\"lazy\"  \/> <\/a>  Fernando Sampaio. &#8211; Reprodu\u00e7\u00e3o\/RECORD\n<p> Foto 7 de 26 <\/p>\n<\/li>\n<li id=\"galeria-slide-8\" class=\"slider-galeria-de-foto-slide glide__slide\"> <a href=\"https:\/\/static.ndmais.com.br\/2025\/09\/gabily-1300x731.jpg\" title=\"Gabily. - Reprodu\u00e7\u00e3o\/RECORD\" data-fancybox=\"\" data-caption=\"Gabily. - Reprodu\u00e7\u00e3o\/RECORD\" id=\"zoom-gallery-2656280\" class=\"imagem-galeria\" rel=\"nofollow noopener\" target=\"_blank\"> <img decoding=\"async\" width=\"800\" height=\"450\" src=\"https:\/\/www.europesays.com\/pt\/wp-content\/uploads\/2025\/10\/gabily-800x450.jpg\" class=\"\" alt=\"Gabily. - Reprodu\u00e7\u00e3o\/RECORD\" loading=\"lazy\"  \/> <\/a>  Gabily. &#8211; Reprodu\u00e7\u00e3o\/RECORD\n<p> Foto 8 de 26 <\/p>\n<\/li>\n<li id=\"galeria-slide-9\" class=\"slider-galeria-de-foto-slide glide__slide\"> <a href=\"https:\/\/static.ndmais.com.br\/2025\/09\/guilherme-boury-1-1300x731.jpg\" title=\"Guilherme Boury. - Reprodu\u00e7\u00e3o\/RECORD\" data-fancybox=\"\" data-caption=\"Guilherme Boury. - Reprodu\u00e7\u00e3o\/RECORD\" id=\"zoom-gallery-2656282\" class=\"imagem-galeria\" rel=\"nofollow noopener\" target=\"_blank\"> <img decoding=\"async\" width=\"800\" height=\"450\" src=\"https:\/\/www.europesays.com\/pt\/wp-content\/uploads\/2025\/10\/guilherme-boury-1-800x450.jpg\" class=\"\" alt=\"Guilherme Boury. - Reprodu\u00e7\u00e3o\/RECORD\" loading=\"lazy\"  \/> <\/a>  Guilherme Boury. &#8211; Reprodu\u00e7\u00e3o\/RECORD\n<p> Foto 9 de 26 <\/p>\n<\/li>\n<li id=\"galeria-slide-10\" class=\"slider-galeria-de-foto-slide glide__slide\"> <a href=\"https:\/\/static.ndmais.com.br\/2025\/09\/kathy-maravilha-1300x731.jpg\" title=\"Kathy Maravilha. - Reprodu\u00e7\u00e3o\/RECORD\" data-fancybox=\"\" data-caption=\"Kathy Maravilha. - Reprodu\u00e7\u00e3o\/RECORD\" id=\"zoom-gallery-2656283\" class=\"imagem-galeria\" rel=\"nofollow noopener\" target=\"_blank\"> <img decoding=\"async\" width=\"800\" height=\"450\" src=\"https:\/\/www.europesays.com\/pt\/wp-content\/uploads\/2025\/10\/kathy-maravilha-800x450.jpg\" class=\"\" alt=\"Kathy Maravilha. - Reprodu\u00e7\u00e3o\/RECORD\" loading=\"lazy\"  \/> <\/a>  Kathy Maravilha. &#8211; Reprodu\u00e7\u00e3o\/RECORD\n<p> Foto 10 de 26 <\/p>\n<\/li>\n<li id=\"galeria-slide-11\" class=\"slider-galeria-de-foto-slide glide__slide\"> <a href=\"https:\/\/static.ndmais.com.br\/2025\/09\/luiz-mesquita-1300x731.jpg\" title=\"Luiz Mesquita. - Reprodu\u00e7\u00e3o\/RECORD\" data-fancybox=\"\" data-caption=\"Luiz Mesquita. - Reprodu\u00e7\u00e3o\/RECORD\" id=\"zoom-gallery-2656284\" class=\"imagem-galeria\" rel=\"nofollow noopener\" target=\"_blank\"> <img decoding=\"async\" width=\"800\" height=\"450\" src=\"https:\/\/www.europesays.com\/pt\/wp-content\/uploads\/2025\/10\/luiz-mesquita-800x450.jpg\" class=\"\" alt=\"Luiz Mesquita. - Reprodu\u00e7\u00e3o\/RECORD\" loading=\"lazy\"  \/> <\/a>  Luiz Mesquita. &#8211; Reprodu\u00e7\u00e3o\/RECORD\n<p> Foto 11 de 26 <\/p>\n<\/li>\n<li id=\"galeria-slide-12\" class=\"slider-galeria-de-foto-slide glide__slide\"> <a href=\"https:\/\/static.ndmais.com.br\/2025\/09\/maria-caporusso-1300x731.jpg\" title=\"Maria Caporusso. - Reprodu\u00e7\u00e3o\/RECORD\" data-fancybox=\"\" data-caption=\"Maria Caporusso. - Reprodu\u00e7\u00e3o\/RECORD\" id=\"zoom-gallery-2656285\" class=\"imagem-galeria\" rel=\"nofollow noopener\" target=\"_blank\"> <img decoding=\"async\" width=\"800\" height=\"450\" src=\"https:\/\/www.europesays.com\/pt\/wp-content\/uploads\/2025\/10\/maria-caporusso-800x450.jpg\" class=\"\" alt=\"Maria Caporusso. - Reprodu\u00e7\u00e3o\/RECORD\" loading=\"lazy\"  \/> <\/a>  Maria Caporusso. &#8211; Reprodu\u00e7\u00e3o\/RECORD\n<p> Foto 12 de 26 <\/p>\n<\/li>\n<li id=\"galeria-slide-13\" class=\"slider-galeria-de-foto-slide glide__slide\"> <a href=\"https:\/\/static.ndmais.com.br\/2025\/09\/martina-sanzi-1300x731.jpg\" title=\"Martina Sanzi. - Reprodu\u00e7\u00e3o\/RECORD\" data-fancybox=\"\" data-caption=\"Martina Sanzi. - Reprodu\u00e7\u00e3o\/RECORD\" id=\"zoom-gallery-2656286\" class=\"imagem-galeria\" rel=\"nofollow noopener\" target=\"_blank\"> <img decoding=\"async\" width=\"800\" height=\"450\" src=\"https:\/\/www.europesays.com\/pt\/wp-content\/uploads\/2025\/10\/martina-sanzi-800x450.jpg\" class=\"\" alt=\"Martina Sanzi. - Reprodu\u00e7\u00e3o\/RECORD\" loading=\"lazy\"  \/> <\/a>  Martina Sanzi. &#8211; Reprodu\u00e7\u00e3o\/RECORD\n<p> Foto 13 de 26 <\/p>\n<\/li>\n<li id=\"galeria-slide-14\" class=\"slider-galeria-de-foto-slide glide__slide\"> <a href=\"https:\/\/static.ndmais.com.br\/2025\/09\/matheus-martins-1300x731.jpg\" title=\"Matheus Martins. - Reprodu\u00e7\u00e3o\/RECORD\" data-fancybox=\"\" data-caption=\"Matheus Martins. - Reprodu\u00e7\u00e3o\/RECORD\" id=\"zoom-gallery-2656287\" class=\"imagem-galeria\" rel=\"nofollow noopener\" target=\"_blank\"> <img decoding=\"async\" width=\"800\" height=\"450\" src=\"https:\/\/www.europesays.com\/pt\/wp-content\/uploads\/2025\/10\/matheus-martins-800x450.jpg\" class=\"\" alt=\"Matheus Martins. - Reprodu\u00e7\u00e3o\/RECORD\" loading=\"lazy\"  \/> <\/a>  Matheus Martins. &#8211; Reprodu\u00e7\u00e3o\/RECORD\n<p> Foto 14 de 26 <\/p>\n<\/li>\n<li id=\"galeria-slide-15\" class=\"slider-galeria-de-foto-slide glide__slide\"> <a href=\"https:\/\/static.ndmais.com.br\/2025\/09\/michelle-barros-1-1300x731.jpg\" title=\"Michelle Barros. - Reprodu\u00e7\u00e3o\/RECORD\" data-fancybox=\"\" data-caption=\"Michelle Barros. - Reprodu\u00e7\u00e3o\/RECORD\" id=\"zoom-gallery-2656288\" class=\"imagem-galeria\" rel=\"nofollow noopener\" target=\"_blank\"> <img decoding=\"async\" width=\"800\" height=\"450\" src=\"https:\/\/www.europesays.com\/pt\/wp-content\/uploads\/2025\/10\/michelle-barros-1-800x450.jpg\" class=\"\" alt=\"Michelle Barros. - Reprodu\u00e7\u00e3o\/RECORD\" loading=\"lazy\"  \/> <\/a>  Michelle Barros. &#8211; Reprodu\u00e7\u00e3o\/RECORD\n<p> Foto 15 de 26 <\/p>\n<\/li>\n<li id=\"galeria-slide-16\" class=\"slider-galeria-de-foto-slide glide__slide\"> <a href=\"https:\/\/static.ndmais.com.br\/2025\/09\/nizam-1300x731.jpg\" title=\"Nizam. - Reprodu\u00e7\u00e3o\/RECORD\" data-fancybox=\"\" data-caption=\"Nizam. - Reprodu\u00e7\u00e3o\/RECORD\" id=\"zoom-gallery-2656289\" class=\"imagem-galeria\" rel=\"nofollow noopener\" target=\"_blank\"> <img decoding=\"async\" width=\"800\" height=\"450\" src=\"https:\/\/www.europesays.com\/pt\/wp-content\/uploads\/2025\/10\/nizam-800x450.jpg\" class=\"\" alt=\"Nizam. - Reprodu\u00e7\u00e3o\/RECORD\" loading=\"lazy\"  \/> <\/a>  Nizam. &#8211; Reprodu\u00e7\u00e3o\/RECORD\n<p> Foto 16 de 26 <\/p>\n<\/li>\n<li id=\"galeria-slide-17\" class=\"slider-galeria-de-foto-slide glide__slide\"> <a href=\"https:\/\/static.ndmais.com.br\/2025\/09\/rayane-figliuzzi-1300x731.jpg\" title=\"Rayane Figliuzzi. - Reprodu\u00e7\u00e3o\/RECORD\" data-fancybox=\"\" data-caption=\"Rayane Figliuzzi. - Reprodu\u00e7\u00e3o\/RECORD\" id=\"zoom-gallery-2656290\" class=\"imagem-galeria\" rel=\"nofollow noopener\" target=\"_blank\"> <img decoding=\"async\" width=\"800\" height=\"450\" src=\"https:\/\/www.europesays.com\/pt\/wp-content\/uploads\/2025\/10\/rayane-figliuzzi-800x450.jpg\" class=\"\" alt=\"Rayane Figliuzzi. - Reprodu\u00e7\u00e3o\/RECORD\" loading=\"lazy\"  \/> <\/a>  Rayane Figliuzzi. &#8211; Reprodu\u00e7\u00e3o\/RECORD\n<p> Foto 17 de 26 <\/p>\n<\/li>\n<li id=\"galeria-slide-18\" class=\"slider-galeria-de-foto-slide glide__slide\"> <a href=\"https:\/\/static.ndmais.com.br\/2025\/09\/renata-muller-1-1300x731.jpg\" title=\"Renata Muller. - Reprodu\u00e7\u00e3o\/RECORD\" data-fancybox=\"\" data-caption=\"Renata Muller. - Reprodu\u00e7\u00e3o\/RECORD\" id=\"zoom-gallery-2656291\" class=\"imagem-galeria\" rel=\"nofollow noopener\" target=\"_blank\"> <img decoding=\"async\" width=\"800\" height=\"450\" src=\"https:\/\/www.europesays.com\/pt\/wp-content\/uploads\/2025\/10\/renata-muller-1-800x450.jpg\" class=\"\" alt=\"Renata Muller. - Reprodu\u00e7\u00e3o\/RECORD\" loading=\"lazy\"  \/> <\/a>  Renata Muller. &#8211; Reprodu\u00e7\u00e3o\/RECORD\n<p> Foto 18 de 26 <\/p>\n<\/li>\n<li id=\"galeria-slide-19\" class=\"slider-galeria-de-foto-slide glide__slide\"> <a href=\"https:\/\/static.ndmais.com.br\/2025\/09\/saory-cardoso-1300x731.jpg\" title=\"Saory Cardoso. - Reprodu\u00e7\u00e3o\/RECORD\" data-fancybox=\"\" data-caption=\"Saory Cardoso. - Reprodu\u00e7\u00e3o\/RECORD\" id=\"zoom-gallery-2656292\" class=\"imagem-galeria\" rel=\"nofollow noopener\" target=\"_blank\"> <img decoding=\"async\" width=\"800\" height=\"450\" src=\"https:\/\/www.europesays.com\/pt\/wp-content\/uploads\/2025\/10\/saory-cardoso-800x450.jpg\" class=\"\" alt=\"Saory Cardoso. - Reprodu\u00e7\u00e3o\/RECORD\" loading=\"lazy\"  \/> <\/a>  Saory Cardoso. &#8211; Reprodu\u00e7\u00e3o\/RECORD\n<p> Foto 19 de 26 <\/p>\n<\/li>\n<li id=\"galeria-slide-20\" class=\"slider-galeria-de-foto-slide glide__slide\"> <a href=\"https:\/\/static.ndmais.com.br\/2025\/09\/shia-phoenix-1300x731.jpg\" title=\"Shia Phoenix. - Reprodu\u00e7\u00e3o\/RECORD\" data-fancybox=\"\" data-caption=\"Shia Phoenix. - Reprodu\u00e7\u00e3o\/RECORD\" id=\"zoom-gallery-2656293\" class=\"imagem-galeria\" rel=\"nofollow noopener\" target=\"_blank\"> <img decoding=\"async\" width=\"800\" height=\"450\" src=\"https:\/\/www.europesays.com\/pt\/wp-content\/uploads\/2025\/10\/shia-phoenix-800x450.jpg\" class=\"\" alt=\"Shia Phoenix. - Reprodu\u00e7\u00e3o\/RECORD\" loading=\"lazy\"  \/> <\/a>  Shia Phoenix. &#8211; Reprodu\u00e7\u00e3o\/RECORD\n<p> Foto 20 de 26 <\/p>\n<\/li>\n<li id=\"galeria-slide-21\" class=\"slider-galeria-de-foto-slide glide__slide\"> <a href=\"https:\/\/static.ndmais.com.br\/2025\/09\/tamires-assis-1300x731.jpg\" title=\"Tamires Assis. - Reprodu\u00e7\u00e3o\/RECORD\" data-fancybox=\"\" data-caption=\"Tamires Assis. - Reprodu\u00e7\u00e3o\/RECORD\" id=\"zoom-gallery-2656294\" class=\"imagem-galeria\" rel=\"nofollow noopener\" target=\"_blank\"> <img decoding=\"async\" width=\"800\" height=\"450\" src=\"https:\/\/www.europesays.com\/pt\/wp-content\/uploads\/2025\/10\/tamires-assis-800x450.jpg\" class=\"\" alt=\"Tamires Assis. - Reprodu\u00e7\u00e3o\/RECORD\" loading=\"lazy\"  \/> <\/a>  Tamires Assis. &#8211; Reprodu\u00e7\u00e3o\/RECORD\n<p> Foto 21 de 26 <\/p>\n<\/li>\n<li id=\"galeria-slide-22\" class=\"slider-galeria-de-foto-slide glide__slide\"> <a href=\"https:\/\/static.ndmais.com.br\/2025\/09\/toninho-tornado-1-1300x731.jpg\" title=\"Toninho Tornado. - Reprodu\u00e7\u00e3o\/RECORD\" data-fancybox=\"\" data-caption=\"Toninho Tornado. - Reprodu\u00e7\u00e3o\/RECORD\" id=\"zoom-gallery-2656295\" class=\"imagem-galeria\" rel=\"nofollow noopener\" target=\"_blank\"> <img decoding=\"async\" width=\"800\" height=\"450\" src=\"https:\/\/www.europesays.com\/pt\/wp-content\/uploads\/2025\/10\/toninho-tornado-1-800x450.jpg\" class=\"\" alt=\"Toninho Tornado. - Reprodu\u00e7\u00e3o\/RECORD\" loading=\"lazy\"  \/> <\/a>  Toninho Tornado. &#8211; Reprodu\u00e7\u00e3o\/RECORD\n<p> Foto 22 de 26 <\/p>\n<\/li>\n<li id=\"galeria-slide-23\" class=\"slider-galeria-de-foto-slide glide__slide\"> <a href=\"https:\/\/static.ndmais.com.br\/2025\/09\/walerio-araujo-1300x731.jpg\" title=\"Walerio Araujo. - Reprodu\u00e7\u00e3o\/RECORD\" data-fancybox=\"\" data-caption=\"Walerio Araujo. - Reprodu\u00e7\u00e3o\/RECORD\" id=\"zoom-gallery-2656296\" class=\"imagem-galeria\" rel=\"nofollow noopener\" target=\"_blank\"> <img decoding=\"async\" width=\"800\" height=\"450\" src=\"https:\/\/www.europesays.com\/pt\/wp-content\/uploads\/2025\/10\/walerio-araujo-800x450.jpg\" class=\"\" alt=\"Walerio Araujo. - Reprodu\u00e7\u00e3o\/RECORD\" loading=\"lazy\"  \/> <\/a>  Walerio Araujo. &#8211; Reprodu\u00e7\u00e3o\/RECORD\n<p> Foto 23 de 26 <\/p>\n<\/li>\n<li id=\"galeria-slide-24\" class=\"slider-galeria-de-foto-slide glide__slide\"> <a href=\"https:\/\/static.ndmais.com.br\/2025\/09\/wallas-arrais-1300x731.jpg\" title=\"Wallas Arrais. - Reprodu\u00e7\u00e3o\/RECORD\" data-fancybox=\"\" data-caption=\"Wallas Arrais. - Reprodu\u00e7\u00e3o\/RECORD\" id=\"zoom-gallery-2656297\" class=\"imagem-galeria\" rel=\"nofollow noopener\" target=\"_blank\"> <img decoding=\"async\" width=\"800\" height=\"450\" src=\"https:\/\/www.europesays.com\/pt\/wp-content\/uploads\/2025\/10\/wallas-arrais-800x450.jpg\" class=\"\" alt=\"Wallas Arrais. - Reprodu\u00e7\u00e3o\/RECORD\" loading=\"lazy\"  \/> <\/a>  Wallas Arrais. &#8211; Reprodu\u00e7\u00e3o\/RECORD\n<p> Foto 24 de 26 <\/p>\n<\/li>\n<li id=\"galeria-slide-25\" class=\"slider-galeria-de-foto-slide glide__slide\"> <a href=\"https:\/\/static.ndmais.com.br\/2025\/09\/yona-sousa-1300x731.jpg\" title=\"Yona Sousa. - Reprodu\u00e7\u00e3o\/RECORD\" data-fancybox=\"\" data-caption=\"Yona Sousa. - Reprodu\u00e7\u00e3o\/RECORD\" id=\"zoom-gallery-2656298\" class=\"imagem-galeria\" rel=\"nofollow noopener\" target=\"_blank\"> <img decoding=\"async\" width=\"800\" height=\"450\" src=\"https:\/\/www.europesays.com\/pt\/wp-content\/uploads\/2025\/10\/yona-sousa-800x450.jpg\" class=\"\" alt=\"Yona Sousa. - Reprodu\u00e7\u00e3o\/RECORD\" loading=\"lazy\"  \/> <\/a>  Yona Sousa. &#8211; Reprodu\u00e7\u00e3o\/RECORD\n<p> Foto 25 de 26 <\/p>\n<\/li>\n<li id=\"galeria-slide-26\" class=\"slider-galeria-de-foto-slide glide__slide\"> <a href=\"https:\/\/static.ndmais.com.br\/2025\/09\/will-guimaraes-1-1300x731.jpg\" title=\"Will Guimaraes. - Reprodu\u00e7\u00e3o\/RECORD\" data-fancybox=\"\" data-caption=\"Will Guimaraes. - Reprodu\u00e7\u00e3o\/RECORD\" id=\"zoom-gallery-2656299\" class=\"imagem-galeria\" rel=\"nofollow noopener\" target=\"_blank\"> <img decoding=\"async\" width=\"800\" height=\"450\" src=\"https:\/\/www.europesays.com\/pt\/wp-content\/uploads\/2025\/10\/will-guimaraes-1-800x450.jpg\" class=\"\" alt=\"Will Guimaraes. - Reprodu\u00e7\u00e3o\/RECORD\" loading=\"lazy\"  \/> <\/a>  Will Guimaraes. &#8211; Reprodu\u00e7\u00e3o\/RECORD\n<p> Foto 26 de 26 <\/p>\n<\/li>\n<\/ul>\n","protected":false},"excerpt":{"rendered":"Adriane Galisteu perdeu a paci\u00eancia com peoa em A Fazenda 17Foto: Record\/Reprodu\u00e7\u00e3o\/ND Os \u00e2nimos se exaltaram durante a&hellip;\n","protected":false},"author":2,"featured_media":111839,"comment_status":"","ping_status":"","sticky":false,"template":"","format":"standard","meta":{"footnotes":""},"categories":[145],"tags":[657,4706,726,211,210,1967,114,115,1968,32,33,12947],"class_list":{"0":"post-111838","1":"post","2":"type-post","3":"status-publish","4":"format-standard","5":"has-post-thumbnail","7":"category-celebridades","8":"tag-a-fazenda","9":"tag-a-fazenda-17","10":"tag-brasil","11":"tag-celebridades","12":"tag-celebrities","13":"tag-contedo-de-internet","14":"tag-entertainment","15":"tag-entretenimento","16":"tag-notcia","17":"tag-portugal","18":"tag-pt","19":"tag-reality-shows"},"share_on_mastodon":{"url":"","error":""},"_links":{"self":[{"href":"https:\/\/www.europesays.com\/pt\/wp-json\/wp\/v2\/posts\/111838","targetHints":{"allow":["GET"]}}],"collection":[{"href":"https:\/\/www.europesays.com\/pt\/wp-json\/wp\/v2\/posts"}],"about":[{"href":"https:\/\/www.europesays.com\/pt\/wp-json\/wp\/v2\/types\/post"}],"author":[{"embeddable":true,"href":"https:\/\/www.europesays.com\/pt\/wp-json\/wp\/v2\/users\/2"}],"replies":[{"embeddable":true,"href":"https:\/\/www.europesays.com\/pt\/wp-json\/wp\/v2\/comments?post=111838"}],"version-history":[{"count":0,"href":"https:\/\/www.europesays.com\/pt\/wp-json\/wp\/v2\/posts\/111838\/revisions"}],"wp:featuredmedia":[{"embeddable":true,"href":"https:\/\/www.europesays.com\/pt\/wp-json\/wp\/v2\/media\/111839"}],"wp:attachment":[{"href":"https:\/\/www.europesays.com\/pt\/wp-json\/wp\/v2\/media?parent=111838"}],"wp:term":[{"taxonomy":"category","embeddable":true,"href":"https:\/\/www.europesays.com\/pt\/wp-json\/wp\/v2\/categories?post=111838"},{"taxonomy":"post_tag","embeddable":true,"href":"https:\/\/www.europesays.com\/pt\/wp-json\/wp\/v2\/tags?post=111838"}],"curies":[{"name":"wp","href":"https:\/\/api.w.org\/{rel}","templated":true}]}}