{"id":111840,"date":"2025-10-15T14:32:14","date_gmt":"2025-10-15T14:32:14","guid":{"rendered":"https:\/\/www.europesays.com\/pt\/111840\/"},"modified":"2025-10-15T14:32:14","modified_gmt":"2025-10-15T14:32:14","slug":"casa-dos-segredos-joana-sabia-segredo-de-fabio-mas-producao-nao-deixou-avancar-nem-me-deram-opcao","status":"publish","type":"post","link":"https:\/\/www.europesays.com\/pt\/111840\/","title":{"rendered":"Casa dos Segredos &#8211; Joana \u2018sabia\u2019 segredo de F\u00e1bio, mas produ\u00e7\u00e3o n\u00e3o deixou avan\u00e7ar: \u201cNem me deram op\u00e7\u00e3o\u201d"},"content":{"rendered":"<p><strong>Joana Pinheiro<\/strong> fez tocar o bot\u00e3o dos segredos na tarde desta ter\u00e7a-feira, 14 de outubro. A ex-namorada de <strong>Afonso Leit\u00e3o<\/strong> <a href=\"https:\/\/www.novagente.pt\/casa-dos-segredos-joana-acerta-em-cheio-em-segredo-de-vera-fabio\" rel=\"nofollow noopener\" target=\"_blank\">tentou acertar<\/a> no segredo de <strong>F\u00e1bio e Vera,<\/strong> mas o tiro saiu-lhe ao lado.<\/p>\n<p>Ap\u00f3s ser revelado que\u00a0n\u00e3o era o segredo, Joana fez uma afirma\u00e7\u00e3o que deixou os telespectadores confusos.<\/p>\n<p><strong>\u201cN\u00e3o me deram op\u00e7\u00e3o. Fiquei mesmo lixada, foi a minha primeira teoria\u201d<\/strong>, disse e acrescentou: <strong>\u201cMas como tamb\u00e9m tinha a ideia fui na mesma, n\u00e3o perco nada\u201d<\/strong>.<\/p>\n<blockquote>\n<p><strong>Leia ainda: Casa dos Segredos &#8211; <\/strong><a href=\"https:\/\/www.novagente.pt\/casa-dos-segredos-farto-de-esperar-fabio-quer-ter-relacoes-com-liliana-mas-jovem-recusa\" rel=\"nofollow noopener\" target=\"_blank\">Farto de esperar! F\u00e1bio quer ter rela\u00e7\u00f5es com Liliana, mas jovem recusa<\/a><\/p>\n<\/blockquote>\n<p>Fora da sala e \u00e0 conversa com outros colegas esclareceu: <strong>\u201cFiquei possessa, porque nem me deram op\u00e7\u00e3o, isto foi a primeira teoria que eu falei e disse logo \u00e0 Voz \u2018tenho aquela que \u00e9 a prioridade\u2019\u201d<\/strong><\/p>\n<p>Por fim, confidenciou a<strong> Bruno Sim\u00e3o<\/strong>: <strong>\u201cQueria bu\u00e9 que fossem [um ex-casal], ia ficar tudo em choque. Mas eu j\u00e1 sabia que o segredo do F\u00e1bio era individual\u201d<\/strong>.<\/p>\n<p>Recorde-se que o segredo do nortenho \u00e9 sobre a Vera, mas n\u00e3o \u00e9 em conjunto: \u201cEnvolvi-me com uma concorrente da casa\u201d.<\/p>\n<p>\u00a0<\/p>\n<p>Texto: Carolina Charrua; Fotos: Redes sociais<\/p>\n<p class=\"intagram-text\">Siga a Nova Gente no Instagram<\/p>\n<p>                        <a href=\"https:\/\/www.instagram.com\/revistanovagente\/\" target=\"_blank\" aria-label=\"instagram\" rel=\"noopener nofollow\"><img decoding=\"async\" style=\"display: block; margin-left: auto; margin-right: auto; width: 250px; height: 83px;\" src=\"https:\/\/www.europesays.com\/pt\/wp-content\/uploads\/2025\/10\/Instagram_NG.png\" alt=\"instagram\"\/><\/a><br \/>\n                    <script async src=\"\/\/www.instagram.com\/embed.js\"><\/script><\/p>\n","protected":false},"excerpt":{"rendered":"Joana Pinheiro fez tocar o bot\u00e3o dos segredos na tarde desta ter\u00e7a-feira, 14 de outubro. A ex-namorada de&hellip;\n","protected":false},"author":2,"featured_media":111841,"comment_status":"","ping_status":"","sticky":false,"template":"","format":"standard","meta":{"footnotes":""},"categories":[142],"tags":[2632,114,115,19082,19091,32,3654,33,1315,7958,151,162],"class_list":{"0":"post-111840","1":"post","2":"type-post","3":"status-publish","4":"format-standard","5":"has-post-thumbnail","7":"category-tv","8":"tag-casa-dos-segredos","9":"tag-entertainment","10":"tag-entretenimento","11":"tag-fabio","12":"tag-joana","13":"tag-portugal","14":"tag-producao","15":"tag-pt","16":"tag-secret-story","17":"tag-segredo","18":"tag-tv","19":"tag-tvi"},"share_on_mastodon":{"url":"","error":""},"_links":{"self":[{"href":"https:\/\/www.europesays.com\/pt\/wp-json\/wp\/v2\/posts\/111840","targetHints":{"allow":["GET"]}}],"collection":[{"href":"https:\/\/www.europesays.com\/pt\/wp-json\/wp\/v2\/posts"}],"about":[{"href":"https:\/\/www.europesays.com\/pt\/wp-json\/wp\/v2\/types\/post"}],"author":[{"embeddable":true,"href":"https:\/\/www.europesays.com\/pt\/wp-json\/wp\/v2\/users\/2"}],"replies":[{"embeddable":true,"href":"https:\/\/www.europesays.com\/pt\/wp-json\/wp\/v2\/comments?post=111840"}],"version-history":[{"count":0,"href":"https:\/\/www.europesays.com\/pt\/wp-json\/wp\/v2\/posts\/111840\/revisions"}],"wp:featuredmedia":[{"embeddable":true,"href":"https:\/\/www.europesays.com\/pt\/wp-json\/wp\/v2\/media\/111841"}],"wp:attachment":[{"href":"https:\/\/www.europesays.com\/pt\/wp-json\/wp\/v2\/media?parent=111840"}],"wp:term":[{"taxonomy":"category","embeddable":true,"href":"https:\/\/www.europesays.com\/pt\/wp-json\/wp\/v2\/categories?post=111840"},{"taxonomy":"post_tag","embeddable":true,"href":"https:\/\/www.europesays.com\/pt\/wp-json\/wp\/v2\/tags?post=111840"}],"curies":[{"name":"wp","href":"https:\/\/api.w.org\/{rel}","templated":true}]}}