{"id":111846,"date":"2025-10-15T14:36:29","date_gmt":"2025-10-15T14:36:29","guid":{"rendered":"https:\/\/www.europesays.com\/pt\/111846\/"},"modified":"2025-10-15T14:36:29","modified_gmt":"2025-10-15T14:36:29","slug":"obesidade-hran-e-referencia-em-tratamento-no-distrito-federal","status":"publish","type":"post","link":"https:\/\/www.europesays.com\/pt\/111846\/","title":{"rendered":"Obesidade: Hran \u00e9 refer\u00eancia em tratamento no Distrito Federal"},"content":{"rendered":"<p>Unidade realiza mais de 700 atendimentos mensais e segue em expans\u00e3o dos servi\u00e7os de cirurgia bari\u00e1trica<\/p>\n<p dir=\"ltr\" style=\"text-align: justify;\">A obesidade \u00e9 uma doen\u00e7a cr\u00f4nica que pode trazer graves problemas de sa\u00fade, como diabetes, doen\u00e7as cardiovasculares e certos tipos de c\u00e2ncer. Entre 2020 e 2024, foram registradas mais de 291 mil cirurgias bari\u00e1tricas no Brasil, de acordo com a Sociedade Brasileira de Cirurgia Bari\u00e1trica e Metab\u00f3lica (SBCBM). Do total de procedimentos, cerca de 10,8% foram realizados pelo Sistema \u00danico de Sa\u00fade (SUS).<\/p>\n<p dir=\"ltr\" style=\"text-align: justify;\">Os dados tamb\u00e9m apontam que, apenas de janeiro a junho de 2025, mais de 6,3 mil pessoas realizaram a cirurgia na rede p\u00fablica de sa\u00fade. No Distrito Federal, a unidade de refer\u00eancia \u00e9 o Hospital Regional da Asa Norte (Hran), que realiza mais de 700 atendimentos mensais relacionados \u00e0 cirurgia bari\u00e1trica &#8211; entre consultas, pr\u00e9-operat\u00f3rios, retornos e acompanhamentos. Desde 2008, o servi\u00e7o j\u00e1 beneficiou mais de mil pessoas. Em 2024, foram realizadas mais de 100 cirurgias e, neste ano, o n\u00famero chegou a 60.\u00a0<br \/>\u00a0<\/p>\n<p>        <img loading=\"lazy\" decoding=\"async\" alt=\"\" height=\"512\" src=\"https:\/\/www.europesays.com\/pt\/wp-content\/uploads\/2025\/10\/a299432d-1ed4-e7a9-ed3e-2052de07f197\" style=\"margin: 0px;\" width=\"768\"\/> <\/p>\n<p>         Obesidade \u00e9 uma doen\u00e7a cr\u00f4nica que leva a problemas graves como, diabetes, cardiovasculares e certos tipos de c\u00e2ncer. Foto: Jhonatan Cantarelle\/Ag\u00eancia Sa\u00fade DF<\/p>\n<p dir=\"ltr\" style=\"text-align: justify;\"><strong>Conscientiza\u00e7\u00e3o<\/strong><\/p>\n<p dir=\"ltr\" style=\"text-align: justify;\">Neste m\u00eas, celebra-se o Dia Nacional de Preven\u00e7\u00e3o da Obesidade, data criada para refor\u00e7ar a conscientiza\u00e7\u00e3o sobre a doen\u00e7a grave e incentivar h\u00e1bitos de vida saud\u00e1veis. Como parte das a\u00e7\u00f5es alusivas \u00e0 data, a SBCBM, em parceria com os hospitais da rede p\u00fablica, promoveram uma s\u00e9rie de atividades. No Hran, duas cirurgias adicionais foram feitas.<\/p>\n<p dir=\"ltr\" style=\"text-align: justify;\">A chefe da unidade de bari\u00e1trica do Hran, Ana Cristina Fernandes, refor\u00e7a a import\u00e2ncia de tratar a obesidade com acolhimento humanizado. \u201cA obesidade \u00e9 uma das doen\u00e7as mais prevalentes hoje, inclusive em crian\u00e7as. Devem ser considerados v\u00e1rios fatores e tratamentos. A cirurgia \u00e9 indicada \u00e0quele paciente que n\u00e3o consegue perder peso com tratamento cl\u00ednico e medica\u00e7\u00e3o\u201d, destacou.\u00a0\u00a0<\/p>\n<p dir=\"ltr\" style=\"text-align: justify;\">\u00c9 o caso de Hagaelma Pereira, 39, que trava uma luta contra a obesidade desde a primeira gesta\u00e7\u00e3o, ocorrida aos 14 anos. \u201cNo ano retrasado, comecei a ter apneia e muita crise de ansiedade. Ent\u00e3o, fiz alguns exames e vi que estava com diabetes e hipertens\u00e3o. Eu n\u00e3o conseguia emagrecer de jeito nenhum\u201d, contou.\u00a0<\/p>\n<p dir=\"ltr\" style=\"text-align: justify;\">Ap\u00f3s ser atendida em uma Unidade B\u00e1sica de Sa\u00fade (UBS) no Riacho Fundo, Hagaelma foi indicada \u00e0 cirurgia bari\u00e1trica e, atualmente, realiza o pr\u00e9-acompanhamento na unidade do Hran para realizar o procedimento. \u201cQuando eu fizer bari\u00e1trica, vou ter uma melhor qualidade de vida. N\u00e3o foi por conta da baixa autoestima, mas por conta da sa\u00fade. Minha m\u00e3e me contou que muitas pessoas da nossa fam\u00edlia faleceram por problemas por conta da obesidade, n\u00e3o quero viver isso\u201d, completou.<br \/>\u00a0<\/p>\n<p>        <img loading=\"lazy\" decoding=\"async\" alt=\"\" height=\"512\" src=\"https:\/\/www.europesays.com\/pt\/wp-content\/uploads\/2025\/10\/403b76b1-26d5-487e-5ba8-dcd8a77eeae3\" style=\"margin: 0px;\" width=\"768\"\/> <\/p>\n<p>         Hagaelma Pereira, 39, trava uma luta contra a obesidade desde a primeira gesta\u00e7\u00e3o: \u201cQuando eu fizer bari\u00e1trica, vai ser uma melhor qualidade de vida. N\u00e3o foi por conta da baixa auto estima, mas por conta da sa\u00fade&#8221;. Foto: Jhonatan Cantarelle\/Ag\u00eancia Sa\u00fade DF<\/p>\n<p dir=\"ltr\" style=\"text-align: justify;\"><strong>Cirurgia segura e menos invasiva<\/strong><\/p>\n<p dir=\"ltr\" style=\"text-align: justify;\">A cirurgia bari\u00e1trica consiste na redu\u00e7\u00e3o do tamanho do est\u00f4mago, indicada para tratar casos de obesidade grave. No Hran, o procedimento \u00e9 feito por meio da t\u00e9cnica de videolaparoscopia, uma t\u00e9cnica minimamente invasiva que utiliza pequenas incis\u00f5es no abd\u00f4men, reduzindo o tempo de cirurgia e de interna\u00e7\u00e3o.<\/p>\n<p dir=\"ltr\" style=\"text-align: justify;\">A Unidade de Cirurgia Bari\u00e1trica do Hran conta com seis consult\u00f3rios e uma equipe multiprofissional formada por nove cirurgi\u00f5es, dois psic\u00f3logos, uma endocrinologista, duas t\u00e9cnicas de enfermagem e tr\u00eas nutricionistas. O espa\u00e7o foi equipado com 16 cadeiras especiais para pessoas com obesidade, al\u00e9m de arm\u00e1rios e ares-condicionados, proporcionando mais conforto e acessibilidade.<br \/>\u00a0<\/p>\n<p>        <img loading=\"lazy\" decoding=\"async\" alt=\"\" height=\"512\" src=\"https:\/\/www.europesays.com\/pt\/wp-content\/uploads\/2025\/10\/e70e4cf5-f088-fe91-6aaa-1c61defea7ef\" style=\"margin: 0px;\" width=\"768\"\/> <\/p>\n<p>         Hospital Regional da Asa Norte \u00e9 refer\u00eancia em cirurgia bari\u00e1trica na rede p\u00fablica do DF, com mais de 700 atendimentos. Foto: Jhonatan Cantarelle\/Ag\u00eancia Sa\u00fade DF<\/p>\n<p dir=\"ltr\" style=\"text-align: justify;\">Luciana Karym Tavares, 38, realizou a bari\u00e1trica na \u00faltima semana. O marido, Jarbas Silva de Oliveira, 39, a esperava do lado de fora do centro cir\u00fargico e contou que os problemas de sa\u00fade foram a principal motiva\u00e7\u00e3o da esposa. \u201cEla sofria com muita dificuldade de locomo\u00e7\u00e3o, cansa\u00e7o, os joelhos do\u00edam\u201d, contou. Ap\u00f3s descobrirem por um familiar que o Hran realizava a bari\u00e1trica, decidiram ir atr\u00e1s e realizar todas as consultas e exames necess\u00e1rios. \u201cO objetivo \u00e9 realizar a cirurgia e conseguir melhorar a qualidade de vida\u201d, declarou.<\/p>\n<p dir=\"ltr\" style=\"text-align: justify;\"><strong>Atendimento<\/strong><\/p>\n<p dir=\"ltr\" style=\"text-align: justify;\">A porta de entrada para o servi\u00e7o s\u00e3o as Unidades B\u00e1sicas de Sa\u00fade (UBS), que j\u00e1 oferecem acompanhamento a pessoas acima do peso indicado. Constatada a necessidade, o paciente \u00e9 encaminhado \u00e0s unidades especializadas, como o Centro Especializado em Obesidade, Diabetes e Hipertens\u00e3o (Cedoh) e o Centro de Aten\u00e7\u00e3o ao Diabetes e Hipertens\u00e3o Adulto (CADH). Se houver indica\u00e7\u00e3o para a cirurgia bari\u00e1trica, ele \u00e9 atendido pela equipe do Hran.<\/p>\n<p>\u00a0<\/p>\n","protected":false},"excerpt":{"rendered":"Unidade realiza mais de 700 atendimentos mensais e segue em expans\u00e3o dos servi\u00e7os de cirurgia bari\u00e1trica A obesidade&hellip;\n","protected":false},"author":2,"featured_media":111847,"comment_status":"","ping_status":"","sticky":false,"template":"","format":"standard","meta":{"footnotes":""},"categories":[86],"tags":[3980,26440,26439,25585,7929,1661,25595,5842,23092,116,26438,1133,1022,32,33,102,117,26441,4483,10213,26442,13805],"class_list":{"0":"post-111846","1":"post","2":"type-post","3":"status-publish","4":"format-standard","5":"has-post-thumbnail","7":"category-saude","8":"tag-3980","9":"tag-cadh","10":"tag-cedoh","11":"tag-cirurgia-bariatrica","12":"tag-conscientizacao","13":"tag-destaque","14":"tag-dia-nacional-de-prevencao-da-obesidade","15":"tag-doenca-cronica","16":"tag-equipe-multiprofissional","17":"tag-health","18":"tag-hran","19":"tag-noticia","20":"tag-obesidade","21":"tag-portugal","22":"tag-pt","23":"tag-referencia","24":"tag-saude","25":"tag-sbcbm","26":"tag-sus","27":"tag-ubs","28":"tag-unidade-bariatrica","29":"tag-videolaparoscopia"},"share_on_mastodon":{"url":"","error":""},"_links":{"self":[{"href":"https:\/\/www.europesays.com\/pt\/wp-json\/wp\/v2\/posts\/111846","targetHints":{"allow":["GET"]}}],"collection":[{"href":"https:\/\/www.europesays.com\/pt\/wp-json\/wp\/v2\/posts"}],"about":[{"href":"https:\/\/www.europesays.com\/pt\/wp-json\/wp\/v2\/types\/post"}],"author":[{"embeddable":true,"href":"https:\/\/www.europesays.com\/pt\/wp-json\/wp\/v2\/users\/2"}],"replies":[{"embeddable":true,"href":"https:\/\/www.europesays.com\/pt\/wp-json\/wp\/v2\/comments?post=111846"}],"version-history":[{"count":0,"href":"https:\/\/www.europesays.com\/pt\/wp-json\/wp\/v2\/posts\/111846\/revisions"}],"wp:featuredmedia":[{"embeddable":true,"href":"https:\/\/www.europesays.com\/pt\/wp-json\/wp\/v2\/media\/111847"}],"wp:attachment":[{"href":"https:\/\/www.europesays.com\/pt\/wp-json\/wp\/v2\/media?parent=111846"}],"wp:term":[{"taxonomy":"category","embeddable":true,"href":"https:\/\/www.europesays.com\/pt\/wp-json\/wp\/v2\/categories?post=111846"},{"taxonomy":"post_tag","embeddable":true,"href":"https:\/\/www.europesays.com\/pt\/wp-json\/wp\/v2\/tags?post=111846"}],"curies":[{"name":"wp","href":"https:\/\/api.w.org\/{rel}","templated":true}]}}