{"id":111854,"date":"2025-10-15T14:43:12","date_gmt":"2025-10-15T14:43:12","guid":{"rendered":"https:\/\/www.europesays.com\/pt\/111854\/"},"modified":"2025-10-15T14:43:12","modified_gmt":"2025-10-15T14:43:12","slug":"israel-ataca-suspeitos-de-violacao-de-cessar-fogo-em-gaza-quatro-pessoas-terao-morrido","status":"publish","type":"post","link":"https:\/\/www.europesays.com\/pt\/111854\/","title":{"rendered":"Israel ataca &#8220;suspeitos&#8221; de &#8220;viola\u00e7\u00e3o de cessar-fogo&#8221; em Gaza: quatro pessoas ter\u00e3o morrido"},"content":{"rendered":"<p><strong>As For\u00e7as de Defesa de Israel (IDF) afirmaram esta ter\u00e7a-feira que abriram fogo contra \u201cv\u00e1rios suspeitos\u201d que ter\u00e3o ultrapassado os limites estabelecidos, aproximando-se das tropas israelitas no norte da Faixa de Gaza, o que as IDF qualificam como uma \u201cclara viola\u00e7\u00e3o do acordo\u201d de cessar-fogo.<\/strong><\/p>\n<blockquote>\n<p>\u201cAp\u00f3s v\u00e1rias tentativas de distanci\u00e1-los, os suspeitos recusaram-se a obedecer, levando as tropas a abrir fogo para dissipar a amea\u00e7a. (\u2026) Pedimos aos residentes de Gaza que sigam as instru\u00e7\u00f5es e mantenham dist\u00e2ncia das tropas das IDF\u201d, disse as For\u00e7as de Defesa de Israel.<\/p>\n<\/blockquote>\n<p>Nesta primeira fase do acordo, marcada pela <a href=\"https:\/\/sicnoticias.pt\/especiais\/guerra-no-medio-oriente\/2025-10-13-video-refens-israelitas-libertados-para-tras-ficam-738-dias-de-cativeiro-e-historias-de-terror-5e7d6115\" target=\"_blank\" rel=\"noreferrer noopener nofollow\">liberta\u00e7\u00e3o de ref\u00e9ns israelitas<\/a> e de prisioneiros palestinianos, Israel continua a controlar parte do territ\u00f3rio da Faixa de Gaza.<\/p>\n<p>Quatro palestinianos ter\u00e3o morrido<\/p>\n<p>Pelo menos quatro palestinianos foram mortos em ataques do Ex\u00e9rcito israelita quando tentavam regressar ao bairro de Shujaiya, no leste da Cidade de Gaza, e aos arredores de Khan Yunis, divulgou a imprensa local.<\/p>\n<p>Fontes m\u00e9dicas palestinianas declararam que v\u00e1rios drones abriram fogo contra um grupo de pessoas que observavam as suas casas no leste da Cidade de Gaza (norte), matando tr\u00eas destas, de acordo com a ag\u00eancia de not\u00edcias palestiniana WAFA.<\/p>\n<p>Fontes militares de Israel, citadas pelo The Times of Israel, afirmaram que os mortos se aproximaram das tropas israelitas presentes na zona e que os soldados dispararam tiros de aviso antes de o drone iniciar o seu ataque. <\/p>\n<p>Separadamente, pelo menos uma pessoa foi morta noutro ataque com drones \u00e0 cidade de Al-Fakhari, a leste de Khan Yunis (sul), sem mais detalhes revelados e sem qualquer declara\u00e7\u00e3o do Ex\u00e9rcito israelita sobre o incidente.<\/p>\n<p>Com LUSA<\/p>\n","protected":false},"excerpt":{"rendered":"As For\u00e7as de Defesa de Israel (IDF) afirmaram esta ter\u00e7a-feira que abriram fogo contra \u201cv\u00e1rios suspeitos\u201d que ter\u00e3o&hellip;\n","protected":false},"author":2,"featured_media":111855,"comment_status":"","ping_status":"","sticky":false,"template":"","format":"standard","meta":{"footnotes":""},"categories":[8],"tags":[27,28,15,16,14,25,26,21,22,12,13,19,20,32,23,24,33,17,18,29,30,31],"class_list":{"0":"post-111854","1":"post","2":"type-post","3":"status-publish","4":"format-standard","5":"has-post-thumbnail","7":"category-principais-noticias","8":"tag-breaking-news","9":"tag-breakingnews","10":"tag-featured-news","11":"tag-featurednews","12":"tag-headlines","13":"tag-latest-news","14":"tag-latestnews","15":"tag-main-news","16":"tag-mainnews","17":"tag-news","18":"tag-noticias","19":"tag-noticias-principais","20":"tag-noticiasprincipais","21":"tag-portugal","22":"tag-principais-noticias","23":"tag-principaisnoticias","24":"tag-pt","25":"tag-top-stories","26":"tag-topstories","27":"tag-ultimas","28":"tag-ultimas-noticias","29":"tag-ultimasnoticias"},"share_on_mastodon":{"url":"","error":""},"_links":{"self":[{"href":"https:\/\/www.europesays.com\/pt\/wp-json\/wp\/v2\/posts\/111854","targetHints":{"allow":["GET"]}}],"collection":[{"href":"https:\/\/www.europesays.com\/pt\/wp-json\/wp\/v2\/posts"}],"about":[{"href":"https:\/\/www.europesays.com\/pt\/wp-json\/wp\/v2\/types\/post"}],"author":[{"embeddable":true,"href":"https:\/\/www.europesays.com\/pt\/wp-json\/wp\/v2\/users\/2"}],"replies":[{"embeddable":true,"href":"https:\/\/www.europesays.com\/pt\/wp-json\/wp\/v2\/comments?post=111854"}],"version-history":[{"count":0,"href":"https:\/\/www.europesays.com\/pt\/wp-json\/wp\/v2\/posts\/111854\/revisions"}],"wp:featuredmedia":[{"embeddable":true,"href":"https:\/\/www.europesays.com\/pt\/wp-json\/wp\/v2\/media\/111855"}],"wp:attachment":[{"href":"https:\/\/www.europesays.com\/pt\/wp-json\/wp\/v2\/media?parent=111854"}],"wp:term":[{"taxonomy":"category","embeddable":true,"href":"https:\/\/www.europesays.com\/pt\/wp-json\/wp\/v2\/categories?post=111854"},{"taxonomy":"post_tag","embeddable":true,"href":"https:\/\/www.europesays.com\/pt\/wp-json\/wp\/v2\/tags?post=111854"}],"curies":[{"name":"wp","href":"https:\/\/api.w.org\/{rel}","templated":true}]}}