{"id":111858,"date":"2025-10-15T14:45:13","date_gmt":"2025-10-15T14:45:13","guid":{"rendered":"https:\/\/www.europesays.com\/pt\/111858\/"},"modified":"2025-10-15T14:45:13","modified_gmt":"2025-10-15T14:45:13","slug":"arquitetos-sugerem-novo-visual-para-as-ruas-do-centro-de-vitoria-tribuna-online","status":"publish","type":"post","link":"https:\/\/www.europesays.com\/pt\/111858\/","title":{"rendered":"Arquitetos sugerem novo visual para as ruas do Centro de Vit\u00f3ria | Tribuna Online"},"content":{"rendered":"<p>&#13;<br \/>\n                            &#13;<br \/>\n                                &#13;<br \/>\n&#13;<br \/>\n&#13;<br \/>\n&#13;<br \/>\n&#13;<br \/>\n&#13;<br \/>\n&#13;<br \/>\n&#13;<br \/>\n    &#13;<br \/>\n&#13;<br \/>\n    &#13;<br \/>\n        &#13;<br \/>\n    &#13;<br \/>\n&#13;<br \/>\n    &#13;<br \/>\n\t&#13;<br \/>\n\t&#13;<br \/>\n&#13;<br \/>\n\t&#13;<br \/>\n&#13;<br \/>\n\t&#13;<br \/>\n\t\t&#13;<br \/>\n\t\t\t&#13;<br \/>\n\t\t\t&#13;<br \/>\n\t\t&#13;<br \/>\n\t&#13;<br \/>\n &#13;<br \/>\n\t&#13;<br \/>\n\t\t&#13;<br \/>\n\t\t&#13;<br \/>\n\t\t<img decoding=\"async\" fetchpriority=\"high\" class=\"lozad\" src=\"https:\/\/www.europesays.com\/pt\/wp-content\/uploads\/2025\/10\/Arquitetos-sugerem-novo-visual-para-as-ruas-do-Cen0027834400202510141736-7.webp\" alt=\"Imagem ilustrativa da imagem Arquitetos sugerem novo visual para as ruas do Centro de Vit\u00f3ria\"\/>&#13;<br \/>\n\t&#13;<br \/>\n&#13;<br \/>\n\t&#13;<\/p>\n<p>&#13;<br \/>\n\t\t\t&#13;<br \/>\n\t\t\t\t&#13;<br \/>\n\t\t\t\t\tO arquiteto e urbanista Murillo Paoli  defendeu a restaura\u00e7\u00e3o de pr\u00e9dios antigos do Centro, preservando a identidade e a hist\u00f3ria&#13;<br \/>\n\t\t\t\t&#13;<br \/>\n\t\t\t&#13;<br \/>\n\t\t\t&#13;<br \/>\n\t\t\t\t&#13;<br \/>\n\t\t\t\t\t| \u00a0Foto:&#13;<br \/>\n\t\t\t\t\tF\u00e1bio Nunes\/AT&#13;<br \/>\n\t\t\t\t&#13;<br \/>\n\t\t\t&#13;\n\t\t<\/p>\n<p>&#13;<br \/>\n\t&#13;<br \/>\n\t&#13;<br \/>\n&#13;<br \/>\n&#13;<br \/>\n    &#13;<br \/>\n    &#13;<br \/>\n        &#13;<br \/>\n        &#13;<br \/>\n    &#13;<br \/>\n&#13;<br \/>\n&#13;<br \/>\n    &#13;<br \/>\n&#13;<br \/>\n    &#13;<br \/>\n        &#13;<br \/>\n    &#13;<br \/>\n&#13;<\/p>\n<p>Neste m\u00eas, a Organiza\u00e7\u00e3o das Na\u00e7\u00f5es Unidas, por meio da campanha Outubro Urbano, prop\u00f5e um debate sobre a vida nas cidades e poss\u00edveis a\u00e7\u00f5es que as tornem mais inclusivas e sustent\u00e1veis.<\/p>\n<p>&#13;<br \/>\n&#13;<br \/>\n    &#13;<br \/>\n    &#13;<br \/>\n        &#13;<br \/>\n            &#13;<br \/>\n            &#13;<\/p>\n<p>&#13;<br \/>\n                Continue Lendo&#13;\n            <\/p>\n<p>&#13;<br \/>\n        &#13;<br \/>\n        &#13;<br \/>\n    &#13;<br \/>\n&#13;<br \/>\n&#13;<br \/>\n    &#13;<br \/>\n&#13;<br \/>\n    &#13;<br \/>\n        &#13;<br \/>\n    &#13;<br \/>\n&#13;<\/p>\n<p>Nesse sentido, arquitetos e urbanistas do Esp\u00edrito Santo defendem que a revitaliza\u00e7\u00e3o do centro de Vit\u00f3ria deve ser considerada como uma demanda importante para a cidade, considerando seu valor hist\u00f3rico, cultural e tur\u00edstico.<\/p>\n<p>&#13;<br \/>\n&#13;<br \/>\n    &#13;<br \/>\n    &#13;<br \/>\n        &#13;<br \/>\n        &#13;<br \/>\n            &#13;<br \/>\n                &#13;<br \/>\n                &#13;<br \/>\n                &#13;<br \/>\n                &#13;<br \/>\n            &#13;<br \/>\n        &#13;<br \/>\n    &#13;<br \/>\n&#13;<br \/>\n&#13;<br \/>\n    &#13;<br \/>\n&#13;<br \/>\n    &#13;<br \/>\n        &#13;<br \/>\n    &#13;<br \/>\n&#13;<\/p>\n<p>Em conversa ao jornal A Tribuna, o arquiteto e urbanista Murillo Paoli defendeu a restaura\u00e7\u00e3o de pr\u00e9dios antigos, preservando a identidade e a hist\u00f3ria do local.<\/p>\n<p>&#13;<br \/>\n&#13;<br \/>\n    &#13;<br \/>\n    &#13;<br \/>\n        &#13;<br \/>\n        &#13;<br \/>\n            &#13;<br \/>\n                &#13;<br \/>\n                &#13;<br \/>\n                &#13;<br \/>\n            &#13;<br \/>\n        &#13;<br \/>\n    &#13;<br \/>\n&#13;<br \/>\n&#13;<br \/>\n    &#13;<br \/>\n&#13;<br \/>\n    &#13;<br \/>\n        &#13;<br \/>\n    &#13;<br \/>\n&#13;<\/p>\n<p>\u201cO Centro Hist\u00f3rico tem caracter\u00edsticas que s\u00e3o muito \u00fanicas dentro da cidade. Tem elementos de interesses de preserva\u00e7\u00e3o, que s\u00e3o do nosso patrim\u00f4nio material hist\u00f3rico e arquitet\u00f4nico\u201d.<\/p>\n<p>&#13;<br \/>\n&#13;<br \/>\n    &#13;<br \/>\n    &#13;<br \/>\n        &#13;<br \/>\n        &#13;<br \/>\n            &#13;<br \/>\n                &#13;<br \/>\n                &#13;<br \/>\n                &#13;<br \/>\n            &#13;<br \/>\n        &#13;<br \/>\n    &#13;<br \/>\n&#13;<br \/>\n&#13;<br \/>\n    &#13;<br \/>\n&#13;<br \/>\n    &#13;<br \/>\n        &#13;<br \/>\n    &#13;<br \/>\n&#13;<\/p>\n<p>Murillo Paoli apontou como uma das principais sugest\u00f5es de mudan\u00e7a no Centro a substitui\u00e7\u00e3o de redes de cabeamento a\u00e9reas por redes subterr\u00e2neas.<\/p>\n<p>&#13;<br \/>\n&#13;<br \/>\n    &#13;<br \/>\n    &#13;<br \/>\n        &#13;<br \/>\n        &#13;<br \/>\n    &#13;<br \/>\n&#13;<br \/>\n&#13;<br \/>\n    &#13;<br \/>\n&#13;<br \/>\n    &#13;<br \/>\n        &#13;<br \/>\n    &#13;<br \/>\n&#13;<\/p>\n<p>\u201cTem muitos fios passando em cima de nossas cabe\u00e7as e toda vez que a gente olha para cima, a gente tem essa polui\u00e7\u00e3o visual de elementos que poderiam ser facilmente escondidos\u201d.<\/p>\n<p>&#13;<br \/>\n&#13;<br \/>\n    &#13;<br \/>\n    &#13;<br \/>\n        &#13;<br \/>\n        &#13;<br \/>\n            &#13;<br \/>\n                &#13;<br \/>\n                &#13;<br \/>\n                &#13;<br \/>\n                &#13;<br \/>\n                &#13;<br \/>\n            &#13;<br \/>\n        &#13;<br \/>\n    &#13;<br \/>\n&#13;<br \/>\n&#13;<br \/>\n    &#13;<br \/>\n&#13;<br \/>\n    &#13;<br \/>\n        &#13;<br \/>\n    &#13;<br \/>\n&#13;<\/p>\n<p>Al\u00e9m disso, o arquiteto acredita que a preserva\u00e7\u00e3o de pr\u00e9dios antigos, por meio de restaura\u00e7\u00f5es com inclus\u00e3o de acessibilidade e estrutura modernizada, \u00e9 uma forma de sustentabilidade.<\/p>\n<p>&#13;<br \/>\n&#13;<br \/>\n    &#13;<br \/>\n    &#13;<br \/>\n        &#13;<br \/>\n        &#13;<br \/>\n    &#13;<br \/>\n&#13;<br \/>\n&#13;<br \/>\n    &#13;<br \/>\n&#13;<br \/>\n    &#13;<br \/>\n        &#13;<br \/>\n    &#13;<br \/>\n&#13;<\/p>\n<p>\u201cA pr\u00f3pria conserva\u00e7\u00e3o de um edif\u00edcio hist\u00f3rico \u00e9 considerado algo sustent\u00e1vel, porque se voc\u00ea demolir e construir algo do novo, olha quanto material foi desperdi\u00e7ado\u201d.<\/p>\n<p>&#13;<br \/>\n&#13;<br \/>\n    &#13;<br \/>\n    &#13;<br \/>\n        &#13;<br \/>\n        &#13;<br \/>\n            &#13;<br \/>\n                &#13;<br \/>\n                &#13;<br \/>\n                &#13;<br \/>\n            &#13;<br \/>\n        &#13;<br \/>\n    &#13;<br \/>\n&#13;<br \/>\n&#13;<br \/>\n    &#13;<br \/>\n&#13;<br \/>\n    &#13;<br \/>\n        &#13;<br \/>\n    &#13;<br \/>\n&#13;<\/p>\n<p>Para Eduardo Pasquinelli, vice-presidente da Associa\u00e7\u00e3o Brasileira dos Escrit\u00f3rios de Arquitetura no Esp\u00edrito Santo, o caminho \u00e9 incentivar a ocupa\u00e7\u00e3o habitacional do Centro de forma inclusiva.<\/p>\n<p>&#13;<br \/>\n&#13;<br \/>\n    &#13;<br \/>\n    &#13;<br \/>\n        &#13;<br \/>\n        &#13;<br \/>\n            &#13;<br \/>\n                &#13;<br \/>\n                &#13;<br \/>\n                &#13;<br \/>\n            &#13;<br \/>\n        &#13;<br \/>\n    &#13;<br \/>\n&#13;<br \/>\n&#13;<br \/>\n    &#13;<br \/>\n&#13;<br \/>\n    &#13;<br \/>\n        &#13;<br \/>\n    &#13;<br \/>\n&#13;<\/p>\n<p>\u201c\u00c9 uma proposta de um bairro inclusivo. Ent\u00e3o, a gente est\u00e1 falando de tudo, de ra\u00e7a, de g\u00eanero. Um espa\u00e7o aberto a todas as vertentes, as camadas da sociedade\u201d.<\/p>\n<p>&#13;<br \/>\n&#13;<br \/>\n    &#13;<br \/>\n    &#13;<br \/>\n        &#13;<br \/>\n        &#13;<br \/>\n    &#13;<br \/>\n&#13;<br \/>\n&#13;<br \/>\n    &#13;<br \/>\n&#13;<br \/>\n    &#13;<br \/>\n        &#13;<br \/>\n    &#13;<br \/>\n&#13;<\/p>\n<p>A presidente do Conselho de Arquitetura e Urbanismo do Estado, Priscila Ceolin, ressalta a necessidade de mudan\u00e7as na mobilidade urbana e em formas de utiliza\u00e7\u00e3o para espa\u00e7os j\u00e1 constru\u00eddos.<\/p>\n<p>&#13;<br \/>\n&#13;<br \/>\n    &#13;<br \/>\n    &#13;<br \/>\n        &#13;<br \/>\n        &#13;<br \/>\n    &#13;<br \/>\n&#13;<br \/>\n&#13;<br \/>\n    &#13;<br \/>\n&#13;<br \/>\n    &#13;<br \/>\n        &#13;<br \/>\n    &#13;<br \/>\n&#13;<\/p>\n<p>\u201cEssas frentes seriam um bom caminho, a transforma\u00e7\u00e3o de usos imobili\u00e1rios dos im\u00f3veis j\u00e1 constru\u00eddos, a mobilidade urbana e assegurar a preserva\u00e7\u00e3o hist\u00f3rica\u201d.<\/p>\n<p>&#13;<br \/>\n&#13;<br \/>\n    &#13;<br \/>\n    &#13;<br \/>\n        &#13;<br \/>\n        &#13;<br \/>\n            &#13;<br \/>\n                &#13;<br \/>\n                &#13;<br \/>\n                &#13;<br \/>\n            &#13;<br \/>\n        &#13;<br \/>\n    &#13;<br \/>\n&#13;<br \/>\n&#13;<br \/>\n    &#13;<br \/>\n&#13;<br \/>\n    &#13;<br \/>\n&#13;<br \/>\n    Entenda o conceito&#13;<br \/>\n&#13;<br \/>\n    &#13;<br \/>\n    &#13;<br \/>\n&#13;<br \/>\n&#13;<br \/>\n    &#13;<br \/>\n&#13;<br \/>\n    &#13;<br \/>\n        &#13;<br \/>\n    &#13;<br \/>\n&#13;<br \/>\n    &#13;<br \/>\n\t&#13;<br \/>\n\t&#13;<br \/>\n&#13;<br \/>\n\t&#13;<br \/>\n&#13;<br \/>\n\t&#13;<br \/>\n\t\t&#13;<br \/>\n\t\t\t&#13;<br \/>\n\t\t\t&#13;<br \/>\n\t\t&#13;<br \/>\n\t&#13;<br \/>\n &#13;<br \/>\n\t&#13;<br \/>\n\t\t&#13;<br \/>\n\t\t&#13;<br \/>\n\t\t<img decoding=\"async\" fetchpriority=\"high\" class=\"lozad\" src=\"https:\/\/www.europesays.com\/pt\/wp-content\/uploads\/2025\/10\/Arquitetos-sugerem-novo-visual-para-as-ruas-do-Cen0027834401202510141736-7.webp\" alt=\"Imagem ilustrativa da imagem Arquitetos sugerem novo visual para as ruas do Centro de Vit\u00f3ria\"\/>&#13;<br \/>\n\t&#13;<br \/>\n&#13;<br \/>\n\t&#13;<\/p>\n<p>&#13;<br \/>\n\t\t\t&#13;<br \/>\n\t\t\t\t&#13;<br \/>\n\t\t\t\t\tFacilidade na mobilidade urbana e a diminui\u00e7\u00e3o da polui\u00e7\u00e3o visual&#13;<br \/>\n\t\t\t\t&#13;<br \/>\n\t\t\t&#13;<br \/>\n\t\t\t&#13;<br \/>\n\t\t\t\t&#13;<br \/>\n\t\t\t\t\t| \u00a0Foto:&#13;<br \/>\n\t\t\t\t\tF\u00e1bio Nunes\/AT&#13;<br \/>\n\t\t\t\t&#13;<br \/>\n\t\t\t&#13;\n\t\t<\/p>\n<p>&#13;<br \/>\n\t&#13;<br \/>\n\t&#13;<br \/>\n&#13;<br \/>\n&#13;<br \/>\n    &#13;<br \/>\n    &#13;<br \/>\n        &#13;<br \/>\n        &#13;<br \/>\n    &#13;<br \/>\n&#13;<br \/>\n&#13;<br \/>\n    &#13;<br \/>\n&#13;<br \/>\n    &#13;<br \/>\n        &#13;<br \/>\n    &#13;<br \/>\n&#13;<\/p>\n<p>Implementa\u00e7\u00e3o de Ve\u00edculos Leves sobre Trilhos (VLT), que facilitam a mobilidade urbana e reduzem o volume de carros, al\u00e9m da substitui\u00e7\u00e3o de redes de cabeamento a\u00e9reas por subterr\u00e2neas, evitando a polui\u00e7\u00e3o visual.<\/p>\n<p>&#13;<br \/>\n&#13;<br \/>\n    &#13;<br \/>\n    &#13;<br \/>\n        &#13;<br \/>\n        &#13;<br \/>\n    &#13;<br \/>\n&#13;<br \/>\n&#13;<br \/>\n    &#13;<br \/>\n&#13;<br \/>\n    &#13;<br \/>\n        &#13;<br \/>\n    &#13;<br \/>\n&#13;<br \/>\n    &#13;<br \/>\n\t&#13;<br \/>\n\t&#13;<br \/>\n&#13;<br \/>\n\t&#13;<br \/>\n&#13;<br \/>\n\t&#13;<br \/>\n\t\t&#13;<br \/>\n\t\t\t&#13;<br \/>\n\t\t\t&#13;<br \/>\n\t\t&#13;<br \/>\n\t&#13;<br \/>\n &#13;<br \/>\n\t&#13;<br \/>\n\t\t&#13;<br \/>\n\t\t&#13;<br \/>\n\t\t<img decoding=\"async\" loading=\"lazy\" class=\"lozad\" src=\"https:\/\/www.europesays.com\/pt\/wp-content\/uploads\/2025\/10\/Arquitetos-sugerem-novo-visual-para-as-ruas-do-Cen0027834402202510141736-7.webp\" alt=\"Imagem ilustrativa da imagem Arquitetos sugerem novo visual para as ruas do Centro de Vit\u00f3ria\"\/>&#13;<br \/>\n\t&#13;<br \/>\n&#13;<br \/>\n\t&#13;<\/p>\n<p>&#13;<br \/>\n\t\t\t&#13;<br \/>\n\t\t\t\t&#13;<br \/>\n\t\t\t\t\tRestaura\u00e7\u00e3o de pr\u00e9dios para preserva\u00e7\u00e3o da estrutura original&#13;<br \/>\n\t\t\t\t&#13;<br \/>\n\t\t\t&#13;<br \/>\n\t\t\t&#13;<br \/>\n\t\t\t\t&#13;<br \/>\n\t\t\t\t\t| \u00a0Foto:&#13;<br \/>\n\t\t\t\t\tF\u00e1bio Nunes\/AT&#13;<br \/>\n\t\t\t\t&#13;<br \/>\n\t\t\t&#13;\n\t\t<\/p>\n<p>&#13;<br \/>\n\t&#13;<br \/>\n\t&#13;<br \/>\n&#13;<br \/>\n&#13;<br \/>\n    &#13;<br \/>\n    &#13;<br \/>\n        &#13;<br \/>\n        &#13;<br \/>\n    &#13;<br \/>\n&#13;<br \/>\n&#13;<br \/>\n    &#13;<br \/>\n&#13;<br \/>\n    &#13;<br \/>\n        &#13;<br \/>\n    &#13;<br \/>\n&#13;<\/p>\n<p>Restaura\u00e7\u00e3o de pr\u00e9dios antigos, preservando a estrutura original, bem como a indentidade hist\u00f3rica e cultural das constru\u00e7\u00f5es, apenas adaptando com recursos mais modernos e acess\u00edveis.<\/p>\n<p>&#13;<br \/>\n&#13;<br \/>\n    &#13;<br \/>\n    &#13;<br \/>\n        &#13;<br \/>\n        &#13;<br \/>\n    &#13;<br \/>\n&#13;<br \/>\n&#13;<br \/>\n    &#13;<br \/>\n&#13;<br \/>\n    &#13;<br \/>\n        &#13;<br \/>\n    &#13;<br \/>\n&#13;<br \/>\n    &#13;<br \/>\n\t&#13;<br \/>\n\t&#13;<br \/>\n&#13;<br \/>\n\t&#13;<br \/>\n&#13;<br \/>\n\t&#13;<br \/>\n\t\t&#13;<br \/>\n\t\t\t&#13;<br \/>\n\t\t\t&#13;<br \/>\n\t\t&#13;<br \/>\n\t&#13;<br \/>\n &#13;<br \/>\n\t&#13;<br \/>\n\t\t&#13;<br \/>\n\t\t&#13;<br \/>\n\t\t<img decoding=\"async\" loading=\"lazy\" class=\"lozad\" src=\"https:\/\/www.europesays.com\/pt\/wp-content\/uploads\/2025\/10\/Arquitetos-sugerem-novo-visual-para-as-ruas-do-Cen0027834403202510141736-7.webp\" alt=\"Imagem ilustrativa da imagem Arquitetos sugerem novo visual para as ruas do Centro de Vit\u00f3ria\"\/>&#13;<br \/>\n\t&#13;<br \/>\n&#13;<br \/>\n\t&#13;<\/p>\n<p>&#13;<br \/>\n\t\t\t&#13;<br \/>\n\t\t\t\t&#13;<br \/>\n\t\t\t\t\tImplementa\u00e7\u00e3o de mais ciclovias e amplia\u00e7\u00e3o de cal\u00e7adas&#13;<br \/>\n\t\t\t\t&#13;<br \/>\n\t\t\t&#13;<br \/>\n\t\t\t&#13;<br \/>\n\t\t\t\t&#13;<br \/>\n\t\t\t\t\t| \u00a0Foto:&#13;<br \/>\n\t\t\t\t\tF\u00e1bio Nunes\/AT&#13;<br \/>\n\t\t\t\t&#13;<br \/>\n\t\t\t&#13;\n\t\t<\/p>\n<p>&#13;<br \/>\n\t&#13;<br \/>\n\t&#13;<br \/>\n&#13;<br \/>\n&#13;<br \/>\n    &#13;<br \/>\n    &#13;<br \/>\n        &#13;<br \/>\n        &#13;<br \/>\n    &#13;<br \/>\n&#13;<br \/>\n&#13;<br \/>\n    &#13;<br \/>\n&#13;<br \/>\n    &#13;<br \/>\n        &#13;<br \/>\n    &#13;<br \/>\n&#13;<\/p>\n<p>Constru\u00e7\u00e3o de ciclovias, permitindo melhor acesso aos locais.<\/p>\n<p>&#13;<br \/>\n&#13;<br \/>\n    &#13;<br \/>\n    &#13;<br \/>\n        &#13;<br \/>\n        &#13;<br \/>\n    &#13;<br \/>\n&#13;<br \/>\n&#13;<br \/>\n    &#13;<br \/>\n&#13;<br \/>\n    &#13;<br \/>\n&#13;<br \/>\n    Sugest\u00f5es&#13;<br \/>\n&#13;<br \/>\n    &#13;<br \/>\n    &#13;<br \/>\n&#13;<br \/>\n&#13;<br \/>\n    &#13;<br \/>\n&#13;<br \/>\n    &#13;<br \/>\n        &#13;<br \/>\n    &#13;<br \/>\n&#13;<\/p>\n<p>Convoca\u00e7\u00e3o de audi\u00eancias<\/p>\n<p>&#13;<br \/>\n&#13;<br \/>\n    &#13;<br \/>\n    &#13;<br \/>\n        &#13;<br \/>\n        &#13;<br \/>\n    &#13;<br \/>\n&#13;<br \/>\n&#13;<br \/>\n    &#13;<br \/>\n&#13;<br \/>\n    &#13;<br \/>\n        &#13;<br \/>\n    &#13;<br \/>\n&#13;<\/p>\n<p>Para ouvir as necessidades e opini\u00f5es da popula\u00e7\u00e3o.<\/p>\n<p>&#13;<br \/>\n&#13;<br \/>\n    &#13;<br \/>\n    &#13;<br \/>\n        &#13;<br \/>\n        &#13;<br \/>\n    &#13;<br \/>\n&#13;<br \/>\n&#13;<br \/>\n    &#13;<br \/>\n&#13;<br \/>\n    &#13;<br \/>\n        &#13;<br \/>\n    &#13;<br \/>\n&#13;<\/p>\n<p>Permite uma destina\u00e7\u00e3o mais planejada das verbas.<\/p>\n<p>&#13;<br \/>\n&#13;<br \/>\n    &#13;<br \/>\n    &#13;<br \/>\n        &#13;<br \/>\n        &#13;<br \/>\n    &#13;<br \/>\n&#13;<br \/>\n&#13;<br \/>\n    &#13;<br \/>\n&#13;<br \/>\n    &#13;<br \/>\n        &#13;<br \/>\n    &#13;<br \/>\n&#13;<\/p>\n<p>Substitui\u00e7\u00e3o de redes de cabeamento a\u00e9reas por subterr\u00e2neas<\/p>\n<p>&#13;<br \/>\n&#13;<br \/>\n    &#13;<br \/>\n    &#13;<br \/>\n        &#13;<br \/>\n        &#13;<br \/>\n    &#13;<br \/>\n&#13;<br \/>\n&#13;<br \/>\n    &#13;<br \/>\n&#13;<br \/>\n    &#13;<br \/>\n        &#13;<br \/>\n    &#13;<br \/>\n&#13;<\/p>\n<p>Reduz a polui\u00e7\u00e3o visual.<\/p>\n<p>&#13;<br \/>\n&#13;<br \/>\n    &#13;<br \/>\n    &#13;<br \/>\n        &#13;<br \/>\n        &#13;<br \/>\n    &#13;<br \/>\n&#13;<br \/>\n&#13;<br \/>\n    &#13;<br \/>\n&#13;<br \/>\n    &#13;<br \/>\n        &#13;<br \/>\n    &#13;<br \/>\n&#13;<\/p>\n<p>Evita problemas relacionados \u00e0 sobrecarga da rede.<\/p>\n<p>&#13;<br \/>\n&#13;<br \/>\n    &#13;<br \/>\n    &#13;<br \/>\n        &#13;<br \/>\n        &#13;<br \/>\n    &#13;<br \/>\n&#13;<br \/>\n&#13;<br \/>\n    &#13;<br \/>\n&#13;<br \/>\n    &#13;<br \/>\n        &#13;<br \/>\n    &#13;<br \/>\n&#13;<\/p>\n<p>Restaura\u00e7\u00e3o de pr\u00e9dios antigos<\/p>\n<p>&#13;<br \/>\n&#13;<br \/>\n    &#13;<br \/>\n    &#13;<br \/>\n        &#13;<br \/>\n        &#13;<br \/>\n    &#13;<br \/>\n&#13;<br \/>\n&#13;<br \/>\n    &#13;<br \/>\n&#13;<br \/>\n    &#13;<br \/>\n        &#13;<br \/>\n    &#13;<br \/>\n&#13;<\/p>\n<p>A estrutura pode ser modernizada sem alterar a arquitetura original ou apagar a hist\u00f3ria do espa\u00e7o.<\/p>\n<p>&#13;<br \/>\n&#13;<br \/>\n    &#13;<br \/>\n    &#13;<br \/>\n        &#13;<br \/>\n        &#13;<br \/>\n    &#13;<br \/>\n&#13;<br \/>\n&#13;<br \/>\n    &#13;<br \/>\n&#13;<br \/>\n    &#13;<br \/>\n        &#13;<br \/>\n    &#13;<br \/>\n&#13;<\/p>\n<p>\u00c9 mais sustent\u00e1vel.<\/p>\n<p>&#13;<br \/>\n&#13;<br \/>\n    &#13;<br \/>\n    &#13;<br \/>\n        &#13;<br \/>\n        &#13;<br \/>\n    &#13;<br \/>\n&#13;<br \/>\n&#13;<br \/>\n    &#13;<br \/>\n&#13;<br \/>\n    &#13;<br \/>\n        &#13;<br \/>\n    &#13;<br \/>\n&#13;<\/p>\n<p>Arboriza\u00e7\u00e3o<\/p>\n<p>&#13;<br \/>\n&#13;<br \/>\n    &#13;<br \/>\n    &#13;<br \/>\n        &#13;<br \/>\n        &#13;<br \/>\n    &#13;<br \/>\n&#13;<br \/>\n&#13;<br \/>\n    &#13;<br \/>\n&#13;<br \/>\n    &#13;<br \/>\n        &#13;<br \/>\n    &#13;<br \/>\n&#13;<\/p>\n<p>Em pra\u00e7as.<\/p>\n<p>&#13;<br \/>\n&#13;<br \/>\n    &#13;<br \/>\n    &#13;<br \/>\n        &#13;<br \/>\n        &#13;<br \/>\n    &#13;<br \/>\n&#13;<br \/>\n&#13;<br \/>\n    &#13;<br \/>\n&#13;<br \/>\n    &#13;<br \/>\n        &#13;<br \/>\n    &#13;<br \/>\n&#13;<\/p>\n<p>Constru\u00e7\u00e3o de jardins.<\/p>\n<p>&#13;<br \/>\n&#13;<br \/>\n    &#13;<br \/>\n    &#13;<br \/>\n        &#13;<br \/>\n        &#13;<br \/>\n    &#13;<br \/>\n&#13;<br \/>\n&#13;<br \/>\n    &#13;<br \/>\n&#13;<br \/>\n    &#13;<br \/>\n        &#13;<br \/>\n    &#13;<br \/>\n&#13;<\/p>\n<p>Est\u00edmulos de ocupa\u00e7\u00e3o habitacional<\/p>\n<p>&#13;<br \/>\n&#13;<br \/>\n    &#13;<br \/>\n    &#13;<br \/>\n        &#13;<br \/>\n        &#13;<br \/>\n    &#13;<br \/>\n&#13;<br \/>\n&#13;<br \/>\n    &#13;<br \/>\n&#13;<br \/>\n    &#13;<br \/>\n        &#13;<br \/>\n    &#13;<br \/>\n&#13;<\/p>\n<p>Aproveitamento de edif\u00edcios para habita\u00e7\u00e3o social e valoriza\u00e7\u00e3o da ambi\u00eancia.<\/p>\n<p>&#13;<br \/>\n&#13;<br \/>\n    &#13;<br \/>\n    &#13;<br \/>\n        &#13;<br \/>\n        &#13;<br \/>\n    &#13;<br \/>\n&#13;<br \/>\n&#13;<br \/>\n    &#13;<br \/>\n&#13;<br \/>\n    &#13;<br \/>\n        &#13;<br \/>\n    &#13;<br \/>\n&#13;<\/p>\n<p>Prioriza\u00e7\u00e3o de pedestres<\/p>\n<p>&#13;<br \/>\n&#13;<br \/>\n    &#13;<br \/>\n    &#13;<br \/>\n        &#13;<br \/>\n        &#13;<br \/>\n    &#13;<br \/>\n&#13;<br \/>\n&#13;<br \/>\n    &#13;<br \/>\n&#13;<br \/>\n    &#13;<br \/>\n        &#13;<br \/>\n    &#13;<br \/>\n&#13;<\/p>\n<p>Amplia\u00e7\u00e3o de cal\u00e7adas e redu\u00e7\u00e3o de estacionamentos nas ruas.<\/p>\n<p>&#13;<br \/>\n&#13;<br \/>\n    &#13;<br \/>\n    &#13;<br \/>\n        &#13;<br \/>\n        &#13;<br \/>\n    &#13;<br \/>\n&#13;<br \/>\n&#13;<br \/>\n    &#13;<br \/>\n&#13;<br \/>\n    &#13;<br \/>\n        &#13;<br \/>\n    &#13;<br \/>\n&#13;<\/p>\n<p>Mudan\u00e7as na mobilidade urbana<\/p>\n<p>&#13;<br \/>\n&#13;<br \/>\n    &#13;<br \/>\n    &#13;<br \/>\n        &#13;<br \/>\n        &#13;<br \/>\n    &#13;<br \/>\n&#13;<br \/>\n&#13;<br \/>\n    &#13;<br \/>\n&#13;<br \/>\n    &#13;<br \/>\n        &#13;<br \/>\n    &#13;<br \/>\n&#13;<\/p>\n<p>Integra\u00e7\u00e3o de transportes p\u00fablicos circulares que incluam rotas na parte alta do Centro.<\/p>\n<p>&#13;<br \/>\n&#13;<br \/>\n    &#13;<br \/>\n    &#13;<br \/>\n        &#13;<br \/>\n        &#13;<br \/>\n    &#13;<br \/>\n&#13;<br \/>\n&#13;<br \/>\n    &#13;<br \/>\n&#13;<br \/>\n    &#13;<br \/>\n        &#13;<br \/>\n    &#13;<br \/>\n&#13;<\/p>\n<p>Implementa\u00e7\u00e3o de mais ciclovias.<\/p>\n<p>&#13;<br \/>\n&#13;<br \/>\n    &#13;<br \/>\n    &#13;<br \/>\n        &#13;<br \/>\n        &#13;<br \/>\n    &#13;<br \/>\n&#13;<br \/>\n&#13;<br \/>\n    &#13;<br \/>\n&#13;<br \/>\n    &#13;<br \/>\n        &#13;<br \/>\n    &#13;<br \/>\n&#13;<\/p>\n<p>inclus\u00e3o de Ve\u00edculos Leves Sobre Trilhos (VLT).<\/p>\n<p>&#13;<br \/>\n&#13;<br \/>\n    &#13;<br \/>\n    &#13;<br \/>\n        &#13;<br \/>\n        &#13;<br \/>\n    &#13;<br \/>\n&#13;<br \/>\n&#13;<br \/>\n    &#13;<br \/>\n&#13;<br \/>\n    &#13;<br \/>\n        &#13;<br \/>\n    &#13;<br \/>\n&#13;<\/p>\n<p>Acessibilidade em ruas e pr\u00e9dios p\u00fablicos para PCD&#8217;s e idosos.<\/p>\n<p>&#13;<br \/>\n&#13;<br \/>\n    &#13;<br \/>\n    &#13;<br \/>\n        &#13;<br \/>\n        &#13;<br \/>\n    &#13;<br \/>\n&#13;<br \/>\n&#13;<br \/>\n    &#13;<br \/>\n&#13;<br \/>\n    &#13;<br \/>\n        &#13;<br \/>\n    &#13;<br \/>\n&#13;<\/p>\n<p>Fonte: Arquitetos e urbanistas entrevistados.<\/p>\n<p>&#13;<br \/>\n&#13;<br \/>\n    &#13;<br \/>\n    &#13;<br \/>\n        &#13;<br \/>\n        &#13;<br \/>\n    &#13;<br \/>\n&#13;<br \/>\n&#13;<br \/>\n    &#13;<br \/>\n&#13;<br \/>\n    &#13;<br \/>\n&#13;<br \/>\n    Voc\u00ea Sabia?&#13;<br \/>\n&#13;<br \/>\n    &#13;<br \/>\n    &#13;<br \/>\n&#13;<br \/>\n&#13;<br \/>\n    &#13;<br \/>\n&#13;<br \/>\n    &#13;<br \/>\n        &#13;<br \/>\n    &#13;<br \/>\n&#13;<\/p>\n<p>&#13;<br \/>\n\t\t\tVit\u00f3ria \u00e9 terceira capital mais antiga do Brasil, com 474 anos. Em 8 de setembro de 1551, depois dos portugueses sa\u00edrem vitoriosos na guerra contra aimor\u00e9s e goitac\u00e1s, a cidade recebeu o nome de Vila Vitoriosa, sendo, posteriormente, chamada de \u201cVit\u00f3ria\u201d.<\/p>\n<p>&#13;<br \/>\n&#13;<br \/>\n    &#13;<br \/>\n    &#13;<br \/>\n        &#13;<br \/>\n        &#13;<br \/>\n    &#13;<br \/>\n&#13;<br \/>\n&#13;<br \/>\n    &#13;<br \/>\n&#13;<br \/>\n    &#13;<br \/>\n        &#13;<br \/>\n    &#13;<br \/>\n&#13;<br \/>\n    &#13;<br \/>\n          MAT\u00c9RIAS RELACIONADAS:&#13;<br \/>\n          &#13;<br \/>\n            &#13;<br \/>\n              &#13;<br \/>\n              &#13;<br \/>\n                  &#13;<br \/>\n                  &#13;<br \/>\n                  &#13;<br \/>\n                      <a style=\"border-radius: unset !important; text-decoration: none;\" href=\"https:\/\/tribunaonline.com.br\/cidades\/marca-capixaba-criada-por-mulheres-chega-ao-sao-paulo-fashion-week-278340\" class=\"mw-link-decoration chamadaDestaque-wrapper chamadaDestaque-link\" rel=\"nofollow noopener\" target=\"_blank\">&#13;<br \/>\n                          <img decoding=\"async\" loading=\"lazy\" class=\"lozad\" src=\"https:\/\/www.europesays.com\/pt\/wp-content\/uploads\/2025\/10\/ProportionalFillBackground-2.webp\" style=\"height: 135px !important; width: 160px !important;\" alt=\"Implementa\u00e7\u00e3o de mais ciclovias e amplia\u00e7\u00e3o de cal\u00e7adas\"\/>&#13;<br \/>\n                      <\/a>&#13;<br \/>\n                  &#13;<\/p>\n<p>                      <a style=\"border-radius: unset !important; max-width: 195px; max-height: 140px; text-decoration: none;\" href=\"https:\/\/tribunaonline.com.br\/cidades\/marca-capixaba-criada-por-mulheres-chega-ao-sao-paulo-fashion-week-278340\" class=\"mw-link-decoration chamadaDestaque-wrapper chamadaDestaque-link\" rel=\"nofollow noopener\" target=\"_blank\">&#13;<br \/>\n                          &#13;<br \/>\n                          CIDADES&#13;<br \/>\n                          &#13;<\/p>\n<p>&#13;<br \/>\n                              &#13;<br \/>\n                                  Marca capixaba criada por mulheres chega ao S\u00e3o Paulo Fashion Week&#13;<br \/>\n                              &#13;\n                          <\/p>\n<p>&#13;<br \/>\n                      <\/a><br \/>\n                  &#13;<br \/>\n              &#13;<br \/>\n            &#13;<br \/>\n              &#13;<br \/>\n              &#13;<br \/>\n                  &#13;<br \/>\n                  &#13;<br \/>\n                  &#13;<br \/>\n                      <a style=\"border-radius: unset !important; text-decoration: none;\" href=\"https:\/\/tribunaonline.com.br\/cidades\/incentivo-de-ate-r-100-mil-para-startups-capixabas-278314\" class=\"mw-link-decoration chamadaDestaque-wrapper chamadaDestaque-link\" rel=\"nofollow noopener\" target=\"_blank\">&#13;<br \/>\n                          <img decoding=\"async\" loading=\"lazy\" class=\"lozad\" src=\"https:\/\/www.europesays.com\/pt\/wp-content\/uploads\/2025\/10\/1760539513_138_ProportionalFillBackground-2.webp\" style=\"height: 135px !important; width: 160px !important;\" alt=\"Implementa\u00e7\u00e3o de mais ciclovias e amplia\u00e7\u00e3o de cal\u00e7adas\"\/>&#13;<br \/>\n                      <\/a>&#13;<br \/>\n                  &#13;<\/p>\n<p>                      <a style=\"border-radius: unset !important; max-width: 195px; max-height: 140px; text-decoration: none;\" href=\"https:\/\/tribunaonline.com.br\/cidades\/incentivo-de-ate-r-100-mil-para-startups-capixabas-278314\" class=\"mw-link-decoration chamadaDestaque-wrapper chamadaDestaque-link\" rel=\"nofollow noopener\" target=\"_blank\">&#13;<br \/>\n                          &#13;<br \/>\n                          CIDADES&#13;<br \/>\n                          &#13;<\/p>\n<p>&#13;<br \/>\n                              &#13;<br \/>\n                                  Incentivo de at\u00e9 R$ 100 mil para startups capixabas&#13;<br \/>\n                              &#13;\n                          <\/p>\n<p>&#13;<br \/>\n                      <\/a><br \/>\n                  &#13;<br \/>\n              &#13;<br \/>\n            &#13;<br \/>\n              &#13;<br \/>\n              &#13;<br \/>\n                  &#13;<br \/>\n                  &#13;<br \/>\n                  &#13;<br \/>\n                      <a style=\"border-radius: unset !important; text-decoration: none;\" href=\"https:\/\/tribunaonline.com.br\/cidades\/previa-do-verao-lota-praias-de-guarapari-278304\" class=\"mw-link-decoration chamadaDestaque-wrapper chamadaDestaque-link\" rel=\"nofollow noopener\" target=\"_blank\">&#13;<br \/>\n                          <img decoding=\"async\" loading=\"lazy\" class=\"lozad\" src=\"https:\/\/www.europesays.com\/pt\/wp-content\/uploads\/2025\/10\/1760539513_710_ProportionalFillBackground-2.webp\" style=\"height: 135px !important; width: 160px !important;\" alt=\"Implementa\u00e7\u00e3o de mais ciclovias e amplia\u00e7\u00e3o de cal\u00e7adas\"\/>&#13;<br \/>\n                      <\/a>&#13;<br \/>\n                  &#13;<\/p>\n<p>                      <a style=\"border-radius: unset !important; max-width: 195px; max-height: 140px; text-decoration: none;\" href=\"https:\/\/tribunaonline.com.br\/cidades\/previa-do-verao-lota-praias-de-guarapari-278304\" class=\"mw-link-decoration chamadaDestaque-wrapper chamadaDestaque-link\" rel=\"nofollow noopener\" target=\"_blank\">&#13;<br \/>\n                          &#13;<br \/>\n                          CIDADES&#13;<br \/>\n                          &#13;<\/p>\n<p>&#13;<br \/>\n                              &#13;<br \/>\n                                  \u201cPr\u00e9via do ver\u00e3o\u201d lota praias de Guarapari&#13;<br \/>\n                              &#13;\n                          <\/p>\n<p>&#13;<br \/>\n                      <\/a><br \/>\n                  &#13;<br \/>\n              &#13;<br \/>\n            &#13;<br \/>\n              &#13;<br \/>\n              &#13;<br \/>\n                  &#13;<br \/>\n                  &#13;<br \/>\n                  &#13;<br \/>\n                      <a style=\"border-radius: unset !important; text-decoration: none;\" href=\"https:\/\/tribunaonline.com.br\/cidades\/es-foi-afetado-por-apagao-nacional-durante-a-madrugada-veja-o-que-ja-se-sabe-278279\" class=\"mw-link-decoration chamadaDestaque-wrapper chamadaDestaque-link\" rel=\"nofollow noopener\" target=\"_blank\">&#13;<br \/>\n                          <img decoding=\"async\" loading=\"lazy\" class=\"lozad\" src=\"https:\/\/www.europesays.com\/pt\/wp-content\/uploads\/2025\/10\/1760539513_828_ProportionalFillBackground-2.webp\" style=\"height: 135px !important; width: 160px !important;\" alt=\"Implementa\u00e7\u00e3o de mais ciclovias e amplia\u00e7\u00e3o de cal\u00e7adas\"\/>&#13;<br \/>\n                      <\/a>&#13;<br \/>\n                  &#13;<\/p>\n<p>                      <a style=\"border-radius: unset !important; max-width: 195px; max-height: 140px; text-decoration: none;\" href=\"https:\/\/tribunaonline.com.br\/cidades\/es-foi-afetado-por-apagao-nacional-durante-a-madrugada-veja-o-que-ja-se-sabe-278279\" class=\"mw-link-decoration chamadaDestaque-wrapper chamadaDestaque-link\" rel=\"nofollow noopener\" target=\"_blank\">&#13;<br \/>\n                          &#13;<br \/>\n                          CIDADES&#13;<br \/>\n                          &#13;<\/p>\n<p>&#13;<br \/>\n                              &#13;<br \/>\n                                  ES foi afetado por apag\u00e3o nacional durante a madrugada; veja o que j\u00e1 se sabe&#13;<br \/>\n                              &#13;\n                          <\/p>\n<p>&#13;<br \/>\n                      <\/a><br \/>\n                  &#13;<br \/>\n              &#13;<br \/>\n            &#13;<br \/>\n          &#13;<br \/>\n        &#13;<br \/>\n&#13;<br \/>\n    &#13;<br \/>\n    &#13;<br \/>\n        &#13;<br \/>\n        &#13;<br \/>\n    &#13;<br \/>\n&#13;<br \/>\n&#13;<br \/>\n    &#13;<br \/>\n&#13;<br \/>\n    &#13;<br \/>\n&#13;<br \/>\n    &#13;<br \/>\n        &#13;<br \/>\n&#13;<br \/>\n    &#13;<br \/>\n    &#13;<br \/>\n&#13;<br \/>\n&#13;<br \/>\n    &#13;<br \/>\n&#13;<br \/>\n    &#13;<br \/>\n&#13;<br \/>\n    &#13;<br \/>\n&#13;<br \/>\n    &#13;<br \/>\n    &#13;<br \/>\n&#13;<br \/>\n&#13;<br \/>\n                                &#13;<br \/>\n&#13;<\/p>\n","protected":false},"excerpt":{"rendered":"&#13; &#13; &#13; &#13; &#13; &#13; &#13; &#13; &#13; &#13; &#13; &#13; &#13; &#13; &#13; &#13; &#13; &#13;&hellip;\n","protected":false},"author":2,"featured_media":111859,"comment_status":"","ping_status":"","sticky":false,"template":"","format":"standard","meta":{"footnotes":""},"categories":[144],"tags":[26448,207,205,206,203,201,202,204,114,115,26449,26450,26451,32,26452,33,26453],"class_list":{"0":"post-111858","1":"post","2":"type-post","3":"status-publish","4":"format-standard","5":"has-post-thumbnail","7":"category-arte-e-design","8":"tag-acessibilidade-em-espaos-pblicos","9":"tag-arte","10":"tag-arte-e-design","11":"tag-artedesign","12":"tag-arts","13":"tag-arts-and-design","14":"tag-artsanddesign","15":"tag-design","16":"tag-entertainment","17":"tag-entretenimento","18":"tag-incluso-habitacional-no-centro","19":"tag-mobilidade-urbana-sustentvel","20":"tag-poluio-visual-em-cidades","21":"tag-portugal","22":"tag-preservao-de-prdios-histricos","23":"tag-pt","24":"tag-revitalizao-do-centro-de-vitria"},"share_on_mastodon":{"url":"","error":""},"_links":{"self":[{"href":"https:\/\/www.europesays.com\/pt\/wp-json\/wp\/v2\/posts\/111858","targetHints":{"allow":["GET"]}}],"collection":[{"href":"https:\/\/www.europesays.com\/pt\/wp-json\/wp\/v2\/posts"}],"about":[{"href":"https:\/\/www.europesays.com\/pt\/wp-json\/wp\/v2\/types\/post"}],"author":[{"embeddable":true,"href":"https:\/\/www.europesays.com\/pt\/wp-json\/wp\/v2\/users\/2"}],"replies":[{"embeddable":true,"href":"https:\/\/www.europesays.com\/pt\/wp-json\/wp\/v2\/comments?post=111858"}],"version-history":[{"count":0,"href":"https:\/\/www.europesays.com\/pt\/wp-json\/wp\/v2\/posts\/111858\/revisions"}],"wp:featuredmedia":[{"embeddable":true,"href":"https:\/\/www.europesays.com\/pt\/wp-json\/wp\/v2\/media\/111859"}],"wp:attachment":[{"href":"https:\/\/www.europesays.com\/pt\/wp-json\/wp\/v2\/media?parent=111858"}],"wp:term":[{"taxonomy":"category","embeddable":true,"href":"https:\/\/www.europesays.com\/pt\/wp-json\/wp\/v2\/categories?post=111858"},{"taxonomy":"post_tag","embeddable":true,"href":"https:\/\/www.europesays.com\/pt\/wp-json\/wp\/v2\/tags?post=111858"}],"curies":[{"name":"wp","href":"https:\/\/api.w.org\/{rel}","templated":true}]}}