{"id":111860,"date":"2025-10-15T14:48:23","date_gmt":"2025-10-15T14:48:23","guid":{"rendered":"https:\/\/www.europesays.com\/pt\/111860\/"},"modified":"2025-10-15T14:48:23","modified_gmt":"2025-10-15T14:48:23","slug":"vera-abre-o-coracao-a-liliana-sobre-ines-na-verdade-ela-esta-mais-afastada-de-nos-tvi-player","status":"publish","type":"post","link":"https:\/\/www.europesays.com\/pt\/111860\/","title":{"rendered":"Vera abre o cora\u00e7\u00e3o a Liliana sobre In\u00eas: \u00abNa verdade ela est\u00e1 mais afastada de n\u00f3s\u00bb &#8211; TVI Player"},"content":{"rendered":"<ol>\n<li><a href=\"https:\/\/news.google.com\/rss\/articles\/CBMipAFBVV95cUxQUUlqN1QtbEhhT3VhdnZCWEgyYk12aW9DcndqWHc0bkRvSWp4M1NGUUVlbXo2Ml84ZExFN2R4MTVUOGliaE1xWDYwclZWbGJyUldaYktOUGh4X05nQTM5WXc4Y25KaDYzSnNyRFEtZExsTzFNZ0xkS2x2bEJ2bzBSWVkzWlhmODMyQk52NzhwZXI5NjllY0RkWkJPb2Z5SWdqeGVPdw?oc=5\" target=\"_blank\" rel=\"nofollow noopener\">Vera abre o cora\u00e7\u00e3o a Liliana sobre In\u00eas: \u00abNa verdade ela est\u00e1 mais afastada de n\u00f3s\u00bb<\/a>&nbsp;&nbsp;TVI Player<\/li>\n<li><a href=\"https:\/\/news.google.com\/rss\/articles\/CBMitAFBVV95cUxPcjE0aG51ZTlKWFE1Y2xHQTBfMWhMcmtJdTVKUDhtdklzR3pLaGRSUGRRRGpneVYzTnE5MnVEUmhjQ1Myak9ONTV4WEZCNWtqckYwczVvdFZhUDhqdEk4azdicXVtMmEyU1IwWHl1RzJPWlpLZ2Nta0pXbmU5M0huWE1mN3VIN3RzVHpCY2JCTlc0c3UzVE5wZkVsd1Z4UXFiWi1SRnBjTXg0X1pQdkJjYnhhN1XSAboBQVVfeXFMUHZGQlVSWmlVcDdkelByLUZZQVdBb1hhODIxUWR1UThQTGVYRlh5djA1eE9MY1k4OWZxZU9jNld3TTVFQ2pRVVp1QjBYNkowcGZ5MFJiU0lJNDJLRzgzMGFkN242TEJvd3BCRi1Qc1BjNnFGeXJiYllQTnAyclNDVlVJRkN0S21icUY5UHBZTkd6VkRrQ0VyWGE1ZUp2SW03TDRnNy0yZjVOeGpEVWZway02RGNhMmdpNTFB?oc=5\" target=\"_blank\" rel=\"nofollow noopener\">Reveladas imagens do namorado de In\u00eas, que est\u00e1 pr\u00f3xima de Vera: \u201cPode ir fazer companhia ao Z\u00e9\u0337 &#8230;<\/a>&nbsp;&nbsp;Hiper Fm<\/li>\n<li><a href=\"https:\/\/news.google.com\/rss\/articles\/CBMiogFBVV95cUxQVmFYWjB6VzNkR2VrcjVTRUFFUkZXU3NTZ01uYlJYa0otT2dmOUt0bnpsTDNiaVNlMTdZZmN5MEJVay1zbTJicFh1XzFPNjM5WlVGeTVmX3paUC14UEI1eUpLSWhlZjUxaEtxbmsxTks0ZEFyNGg4V3Zob0JiUVFXWlJCYU9PR3ljdDY1ZjZid1lvdk1YZC1xLU9YRzZoQ2dRLXc?oc=5\" target=\"_blank\" rel=\"nofollow noopener\">\u201cCasa dos Segredos 9\u201d: Vera pensa em desistir ap\u00f3s VT pol\u00e9mica com In\u00eas<\/a>&nbsp;&nbsp;A Televis\u00e3o<\/li>\n<li><a href=\"https:\/\/news.google.com\/rss\/articles\/CBMiuwFBVV95cUxQWEk2eTJCMTB1dUhQQzQ5YktoeENZZ21nX2wybUl4MEV5R0l2YlUzN2xQM3FrZHhNam9TMVhWT3hvODdyOV91NkxXUUNLYWp2WUh6X2E5ZGJlVDR4cmlQRUx2RFJhMGQ4aHZJV2RpQ3FVTkpxZ0tTSzk0c1BlZUl5N2ZsS3lCeGttVDk4dlMySVJEdkNDd1lnLUJOZW1yVkp3b29zZFhDVTY5WU8xRkU2SGNEMzV4a0RjQ2tR?oc=5\" target=\"_blank\" rel=\"nofollow noopener\">Secret Story 9: Dylan sente-se tra\u00eddo e atira-se a Vera \u2014 \u201cAndou a fazer de mim um ot\u00e1rio. \u00c9 s\u00f3 rid\u00edculo\u201d<\/a>&nbsp;&nbsp;infocul.pt<\/li>\n<li><a href=\"https:\/\/news.google.com\/rss\/articles\/CBMitAFBVV95cUxNY3poeEJmMTdnLTA2S0pNVktKTlQ2UG1CZy1EY0VLc0Y0M2RMNy0xQ2ZWRE9DT0V0YWJzSVJZbFQ1Z0drR0h5VUxROTNheDZwYjNWSjVzeEh2eWhpUEtDT1NfRlRXbzU2aTVHVXNFNEpVU095WFhUWXBmSnNlU1NUQzlDYklfem9JOHlWS0ZYcVlyeXlsRWVwU2ZaSk9rOERzWmM2T3FHQ0stM3lULVU1WW5VSWE?oc=5\" target=\"_blank\" rel=\"nofollow noopener\">L\u00eddia puxa da l\u00edngua e rebenta com o romance Vera\/In\u00eas: \u2018Pode insistir, que ela sabe dizer n\u00e3o\u2019<\/a>&nbsp;&nbsp;Dioguinho<\/li>\n<\/ol>\n","protected":false},"excerpt":{"rendered":"Vera abre o cora\u00e7\u00e3o a Liliana sobre In\u00eas: \u00abNa verdade ela est\u00e1 mais afastada de n\u00f3s\u00bb&nbsp;&nbsp;TVI Player Reveladas&hellip;\n","protected":false},"author":2,"featured_media":111861,"comment_status":"","ping_status":"","sticky":false,"template":"","format":"standard","meta":{"footnotes":""},"categories":[142],"tags":[114,115,19016,32,33,151,11841],"class_list":{"0":"post-111860","1":"post","2":"type-post","3":"status-publish","4":"format-standard","5":"has-post-thumbnail","7":"category-tv","8":"tag-entertainment","9":"tag-entretenimento","10":"tag-liliana","11":"tag-portugal","12":"tag-pt","13":"tag-tv","14":"tag-vera"},"share_on_mastodon":{"url":"","error":""},"_links":{"self":[{"href":"https:\/\/www.europesays.com\/pt\/wp-json\/wp\/v2\/posts\/111860","targetHints":{"allow":["GET"]}}],"collection":[{"href":"https:\/\/www.europesays.com\/pt\/wp-json\/wp\/v2\/posts"}],"about":[{"href":"https:\/\/www.europesays.com\/pt\/wp-json\/wp\/v2\/types\/post"}],"author":[{"embeddable":true,"href":"https:\/\/www.europesays.com\/pt\/wp-json\/wp\/v2\/users\/2"}],"replies":[{"embeddable":true,"href":"https:\/\/www.europesays.com\/pt\/wp-json\/wp\/v2\/comments?post=111860"}],"version-history":[{"count":0,"href":"https:\/\/www.europesays.com\/pt\/wp-json\/wp\/v2\/posts\/111860\/revisions"}],"wp:featuredmedia":[{"embeddable":true,"href":"https:\/\/www.europesays.com\/pt\/wp-json\/wp\/v2\/media\/111861"}],"wp:attachment":[{"href":"https:\/\/www.europesays.com\/pt\/wp-json\/wp\/v2\/media?parent=111860"}],"wp:term":[{"taxonomy":"category","embeddable":true,"href":"https:\/\/www.europesays.com\/pt\/wp-json\/wp\/v2\/categories?post=111860"},{"taxonomy":"post_tag","embeddable":true,"href":"https:\/\/www.europesays.com\/pt\/wp-json\/wp\/v2\/tags?post=111860"}],"curies":[{"name":"wp","href":"https:\/\/api.w.org\/{rel}","templated":true}]}}