{"id":111866,"date":"2025-10-15T14:52:16","date_gmt":"2025-10-15T14:52:16","guid":{"rendered":"https:\/\/www.europesays.com\/pt\/111866\/"},"modified":"2025-10-15T14:52:16","modified_gmt":"2025-10-15T14:52:16","slug":"vacina-preveniu-ate-88-de-varios-cancros-agressivos-em-novo-estudo","status":"publish","type":"post","link":"https:\/\/www.europesays.com\/pt\/111866\/","title":{"rendered":"Vacina preveniu at\u00e9 88% de v\u00e1rios cancros agressivos em novo estudo"},"content":{"rendered":"<p class=\"wp-caption-text top\">ZAP \/\/ DR<\/p>\n<p><img decoding=\"async\" loading=\"lazy\" class=\"size-kopa-image-size-3 wp-image-546571\" src=\"https:\/\/www.europesays.com\/pt\/wp-content\/uploads\/2025\/10\/1801bc89e752077204c92b3dd9f9f62d-783x450.jpg\" alt=\"\" width=\"700\" height=\"402\"  \/><\/p>\n<p><strong>Numa experi\u00eancia com ratinhos, uma vacina de nova gera\u00e7\u00e3o foi capaz de prevenir at\u00e9 88% de cancros agressivos, atrav\u00e9s da utiliza\u00e7\u00e3o de nanopart\u00edculas de via dupla que treinam o sistema imunit\u00e1rio para reconhecer e destruir c\u00e9lulas tumorais.<\/strong><\/p>\n<p>Como descreve a <a href=\"https:\/\/newatlas.com\/disease\/dual-adjuvant-nanoparticle-vaccine-aggressive-cancers\/\" data-wpel-link=\"external\" target=\"_blank\" rel=\"nofollow external noopener noreferrer\" class=\"ext-link\">New Atlas<\/a>, o melanoma, o cancro do p\u00e2ncreas e o cancro da mama triplo negativo (TNBC) s\u00e3o \u201cdesafios cl\u00ednicos s\u00e9rios\u201d. Quer seja devido \u00e0 frequ\u00eancia ou agressividade ou ao facto de muitas vezes responderem mal ao tratamento; \u00e9 vital que haja um tratamento eficaz para todos eles.<\/p>\n<p>Um novo estudo, liderado por investigadores da Universidade de Massachusetts (UMass) Amherst e <a href=\"https:\/\/www.cell.com\/cell-reports-medicine\/fulltext\/S2666-3791(25)00488-4\" data-wpel-link=\"external\" target=\"_blank\" rel=\"nofollow external noopener noreferrer\" class=\"ext-link\">publicado<\/a> na semana passada na Cell Reports Medicine, aproximou os cientistas desse objetivo, gra\u00e7as a uma <strong>vacina baseada em nanopart\u00edculas estimuladoras do sistema imunit\u00e1rio, que preveniu de forma eficaz o melanoma, o cancro pancre\u00e1tico e o TNBC em ratos<\/strong>.<\/p>\n<p>Como detalham os investigadores \u00e0 New Atlas, a vacina combina duas mol\u00e9culas estimuladoras do sistema imunit\u00e1rio (adjuvantes) numas min\u00fasculas nanopart\u00edculas lip\u00eddicas que refor\u00e7am tanto as respostas imunit\u00e1rias inatas como as adaptativas.<\/p>\n<p>O sistema imunit\u00e1rio inato atua como primeira linha de defesa do corpo, respondendo de forma r\u00e1pida e n\u00e3o espec\u00edfica a invasores, utilizando c\u00e9lulas que libertam sinais inflamat\u00f3rios. O sistema imunit\u00e1rio adaptativo demora mais tempo a ativar-se, mas proporciona uma resposta direcionada e duradoura, treinando c\u00e9lulas T e c\u00e9lulas B para reconhecerem e recordarem amea\u00e7as espec\u00edficas.<\/p>\n<p>Em conjunto, formam uma defesa coordenada: o sistema inato alerta e ativa o sistema adaptativo, que depois fornece uma imunidade precisa e duradoura.<\/p>\n<p>Os ratos foram vacinados subcutaneamente, utilizando um esquema prime-boost-boost nos dias 0, 14 e 35. As vacinas foram combinadas ou com p\u00e9ptidos tumorais (antig\u00e9nios espec\u00edficos de melanoma) ou com lisados de c\u00e9lulas tumorais inteiras (uma mistura de prote\u00ednas tumorais, para imitar tumores reais).<\/p>\n<p>Os investigadores testaram depois a vacina em tr\u00eas modelos de cancro agressivo: melanoma, cancro pancre\u00e1tico e TNBC.<\/p>\n<p>Mediram tamb\u00e9m a efici\u00eancia das nanopart\u00edculas em alcan\u00e7ar os g\u00e2nglios linf\u00e1ticos \u2014 onde as respostas imunit\u00e1rias s\u00e3o ativadas \u2014 e a ativa\u00e7\u00e3o das c\u00e9lulas dendr\u00edticas, mensageiras imunit\u00e1rias cruciais, bem como as respostas de c\u00e9lulas T e B geradas.<\/p>\n<p><strong>As nanopart\u00edculas de duplo adjuvante produziram uma resposta imunit\u00e1ria aumentada e eficaz nos ratos<\/strong>. Drenaram tamb\u00e9m de forma eficiente para os g\u00e2nglios linf\u00e1ticos (essencial para a efic\u00e1cia da vacina) e ativaram as c\u00e9lulas dendr\u00edticas.<\/p>\n<p>Quando combinadas com m\u00faltiplos p\u00e9ptidos, <strong>100% dos ratos vacinados rejeitaram tumores<\/strong>, enquanto todos os grupos n\u00e3o tratados ou com adjuvante \u00fanico morreram dentro de um m\u00eas.<\/p>\n<p>Os ratos que sobreviveram ao primeiro desafio tumoral permaneceram livres de tumores ap\u00f3s um novo desafio meses depois, fornecendo provas de mem\u00f3ria imunit\u00e1ria a longo prazo.<\/p>\n<p>A utiliza\u00e7\u00e3o de lisado tumoral completo, em vez de p\u00e9ptidos definidos, levou \u00e0 prote\u00e7\u00e3o em todos os modelos de melanoma, p\u00e2ncreas e mama. <strong>Entre 69% e 88% dos ratos permaneceram livres de tumores ap\u00f3s o desafio, e todos sobreviveram a um segundo desafio tumoral sist\u00e9mico<\/strong>.<\/p>\n<p>Tanto as c\u00e9lulas T como as c\u00e9lulas B contribu\u00edram para a resposta imunit\u00e1ria, sugerindo que a <strong>vacina proporcionou imunidade ampla e multifacetada<\/strong>.<\/p>\n<p>Os investigadores esperam que a vacina seja utilizada tanto como tratamento como preven\u00e7\u00e3o, e como uma abordagem para tratar m\u00faltiplos tipos de cancro.<\/p>\n<p>    <a href=\"https:\/\/zap.aeiou.pt\/subscrever-newsletter\" data-wpel-link=\"internal\" rel=\"nofollow noopener\" target=\"_blank\">&#13;<br \/>\n        <img loading=\"lazy\" decoding=\"async\" class=\"aligncenter size-full wp-image-575475\" src=\"https:\/\/www.europesays.com\/pt\/wp-content\/uploads\/2025\/10\/1759862234_971_2d51fe4a0ba54894421ead1809309ed9-1-450x140.jpg\" alt=\"Subscreva a Newsletter ZAP\" width=\"450\" height=\"140\"\/>&#13;<br \/>\n    <\/a><\/p>\n<p>                <a href=\"https:\/\/whatsapp.com\/channel\/0029VaIC4EE2f3EJZPPSbR34\" data-wpel-link=\"external\" target=\"_blank\" rel=\"nofollow external noopener noreferrer\" class=\"ext-link\">&#13;<br \/>\n                    <img loading=\"lazy\" decoding=\"async\" class=\"aligncenter size-full wp-image-575475\" src=\"https:\/\/www.europesays.com\/pt\/wp-content\/uploads\/2025\/10\/1759862234_512_c68c559d956d4ca20f435ed74a6e71e6.png\" alt=\"Siga-nos no WhatsApp\" width=\"175\" height=\"64\"\/>&#13;<br \/>\n                <\/a><\/p>\n<p>                <a href=\"https:\/\/news.google.com\/publications\/CAAiEHRwZondIV71PDjWNoqMduEqFAgKIhB0cGaJ3SFe9Tw41jaKjHbh?hl=en-US&amp;gl=US&amp;ceid=US%3Aen\" data-wpel-link=\"external\" target=\"_blank\" rel=\"nofollow external noopener noreferrer\" class=\"ext-link\">&#13;<br \/>\n                    <img loading=\"lazy\" decoding=\"async\" class=\"aligncenter size-full wp-image-575475\" src=\"https:\/\/www.europesays.com\/pt\/wp-content\/uploads\/2025\/10\/1759862235_242_5123dd8b087b644fdb8f8603acd1bad4.png\" alt=\"Siga-nos no Google News\" width=\"176\" height=\"64\"\/>&#13;<br \/>\n                <\/a><\/p>\n","protected":false},"excerpt":{"rendered":"ZAP \/\/ DR Numa experi\u00eancia com ratinhos, uma vacina de nova gera\u00e7\u00e3o foi capaz de prevenir at\u00e9 88%&hellip;\n","protected":false},"author":2,"featured_media":111867,"comment_status":"","ping_status":"","sticky":false,"template":"","format":"standard","meta":{"footnotes":""},"categories":[86],"tags":[1207,269,116,1208,7225,32,33,117],"class_list":{"0":"post-111866","1":"post","2":"type-post","3":"status-publish","4":"format-standard","5":"has-post-thumbnail","7":"category-saude","8":"tag-cancro","9":"tag-capa","10":"tag-health","11":"tag-medicina","12":"tag-oncologia","13":"tag-portugal","14":"tag-pt","15":"tag-saude"},"share_on_mastodon":{"url":"","error":""},"_links":{"self":[{"href":"https:\/\/www.europesays.com\/pt\/wp-json\/wp\/v2\/posts\/111866","targetHints":{"allow":["GET"]}}],"collection":[{"href":"https:\/\/www.europesays.com\/pt\/wp-json\/wp\/v2\/posts"}],"about":[{"href":"https:\/\/www.europesays.com\/pt\/wp-json\/wp\/v2\/types\/post"}],"author":[{"embeddable":true,"href":"https:\/\/www.europesays.com\/pt\/wp-json\/wp\/v2\/users\/2"}],"replies":[{"embeddable":true,"href":"https:\/\/www.europesays.com\/pt\/wp-json\/wp\/v2\/comments?post=111866"}],"version-history":[{"count":0,"href":"https:\/\/www.europesays.com\/pt\/wp-json\/wp\/v2\/posts\/111866\/revisions"}],"wp:featuredmedia":[{"embeddable":true,"href":"https:\/\/www.europesays.com\/pt\/wp-json\/wp\/v2\/media\/111867"}],"wp:attachment":[{"href":"https:\/\/www.europesays.com\/pt\/wp-json\/wp\/v2\/media?parent=111866"}],"wp:term":[{"taxonomy":"category","embeddable":true,"href":"https:\/\/www.europesays.com\/pt\/wp-json\/wp\/v2\/categories?post=111866"},{"taxonomy":"post_tag","embeddable":true,"href":"https:\/\/www.europesays.com\/pt\/wp-json\/wp\/v2\/tags?post=111866"}],"curies":[{"name":"wp","href":"https:\/\/api.w.org\/{rel}","templated":true}]}}