{"id":111875,"date":"2025-10-15T15:01:08","date_gmt":"2025-10-15T15:01:08","guid":{"rendered":"https:\/\/www.europesays.com\/pt\/111875\/"},"modified":"2025-10-15T15:01:08","modified_gmt":"2025-10-15T15:01:08","slug":"livro-coletivo-sobre-85-discos-da-mpb-de-1985-esta-no-prelo","status":"publish","type":"post","link":"https:\/\/www.europesays.com\/pt\/111875\/","title":{"rendered":"Livro coletivo sobre 85 discos da MPB de 1985 est\u00e1 no prelo"},"content":{"rendered":"<p>Organizada por C\u00e9lio Albuquerque, obra da Garota FM Books est\u00e1 em financiamento coletivo no Catarse at\u00e9 2 de novembro<\/p>\n<p><img loading=\"lazy\" decoding=\"async\" src=\"https:\/\/www.europesays.com\/pt\/wp-content\/uploads\/2025\/10\/5LrNzs6ltymqRslryNZdKNBZdUdF2uAsrX1i46w9YXt6XYxHdIuoyll72vPu4kOX7wSTTtnTvMVXYuQt.jpg\" width=\"322\" height=\"239\" alt=\"Capa do livro e C\u00e9lio Albuquerque \u00a9 Divulga\u00e7\u00e3o\" title=\"Capa do livro e C\u00e9lio Albuquerque \u00a9 Divulga\u00e7\u00e3o\" \/><\/p>\n<p>Capa do livro e C\u00e9lio Albuquerque \u00a9 Divulga\u00e7\u00e3o<\/p>\n<p>Quarenta anos depois e 1985 continua dando pano pra manga. Ao menos do ponto de vista sonoro. \u00c9 essa a provoca\u00e7\u00e3o que move o livro que est\u00e1 a caminho do prelo <strong>1985 \u2013 O ano que repaginou a m\u00fasica brasileira<\/strong>, organizado por <strong>C\u00e9lio Albuquerque<\/strong> e editado pela <strong><a href=\"https:\/\/www.publishnews.com.br\/etiquetas\/garota-fm-books\" target=\"_blank\" rel=\"nofollow noopener\">Garota FM Books<\/a><\/strong>, tocada na marra pela jornalista Chris Fuscaldo desde 2018. A obra que vai celebrar esse marco de virada na hist\u00f3ria da m\u00fasica brasileira est\u00e1 em <strong>financiamento coletivo no Catarse at\u00e9 o dia 2 de novembro<\/strong>, com o objetivo de ampliar a tiragem e espalhar o t\u00edtulo pelas livrarias de todo o pa\u00eds. <\/p>\n<p>Reunindo <strong>85 textos sobre discos lan\u00e7ados em 1985<\/strong>, o volume faz um panorama afetivo e cr\u00edtico da produ\u00e7\u00e3o musical daquele ano hist\u00f3rico, que abriu janeiro com a edi\u00e7\u00e3o inaugural do legend\u00e1rio Rock in Rio, o maior festival de m\u00fasica j\u00e1 realizado no Brasil at\u00e9 ent\u00e3o. <\/p>\n<p>&#8220;Trata-se de um documento mais do que hist\u00f3rico porque est\u00e1 sendo escrito por testemunhas da \u00e9poca e\/ou por profundos conhecedores da hist\u00f3ria da m\u00fasica. Temos m\u00fasicos, artistas, jornalistas, pesquisadores musicais contando as hist\u00f3rias dos discos e, tamb\u00e9m, do Rock in Rio, da cena pol\u00edtica do pa\u00eds etc. Estou muito animada com esse projeto. Se o &#8216;1979 &#8211; O ano que ressignificou a MPB&#8217; j\u00e1 foi um estouro, esse livro sobre 1985 vai se espalhar pelo pa\u00eds todo, com certeza!&#8221;, comenta, entusiasmada, Chris Fuscaldo ao <strong>PublishNews<\/strong>.<\/p>\n<p>Como a editora adiantou, o livro trar\u00e1 <strong>artigos, ensaios e depoimentos<\/strong> de craques do feitio de Leonardo Lichote, Kamille Viola, Jo\u00e3o Pimentel, Astrid Fontenelle, Hugo Sukman e Lorena Calabria \u2014 e, tamb\u00e9m de artistas que protagonizaram a transforma\u00e7\u00e3o sonora que marcou a sonhada redemocratiza\u00e7\u00e3o do pa\u00eds e a explos\u00e3o de novos estilos musicais, como Amelinha, Guilherme Arantes, Fatima Guedes, Leo Jaime, Charles Gavin e Rildo Hora.<\/p>\n<p>Al\u00e9m da sele\u00e7\u00e3o de discos, o livro traz artigos que contextualizam o cen\u00e1rio cultural e pol\u00edtico de 1985, compondo um mosaico do Brasil que sa\u00eda da ditadura e redescobria a liberdade tamb\u00e9m pela m\u00fasica. O texto da orelha \u00e9 assinado pelo cr\u00edtico Jos\u00e9 Emilio Rondeau. Discos de Alcione, Dominguinhos, Egberto Gismonti, Fundo de Quintal, Gal Costa, Gilberto Gil, Leci Brand\u00e3o, Martinho da Vila, Rita Lee e Tom Jobim est\u00e3o na obra de mais de 500 p\u00e1ginas que vem a\u00ed.<\/p>\n<p>\u201cO ano de 1985 foi um divisor de \u00e1guas, quando a MPB, o rock e o pop conversavam de igual pra igual. Este livro \u00e9 um mergulho coletivo nesse esp\u00edrito criativo, com quem viveu a cena e a transformou\u201d, resume C\u00e9lio Albuquerque, no release enviado \u00e0 imprensa. C\u00e9lio foi respons\u00e1vel por dois outros t\u00edtulos norteados pelo mesmo mote: 1973 \u2013 O ano que reinventou a MPB (Sonora Editora, 2014) e 1979 \u2013 O ano que ressignificou a MPB (Garota FM, 2022).<\/p>\n<p>O lan\u00e7amento de 1985 \u2013 O ano que repaginou a m\u00fasica brasileira est\u00e1 previsto para o fim de novembro, com eventos bem festivos no Rio de Janeiro e em S\u00e3o Paulo. Aguarde!<\/p>\n","protected":false},"excerpt":{"rendered":"Organizada por C\u00e9lio Albuquerque, obra da Garota FM Books est\u00e1 em financiamento coletivo no Catarse at\u00e9 2 de&hellip;\n","protected":false},"author":2,"featured_media":111876,"comment_status":"","ping_status":"","sticky":false,"template":"","format":"standard","meta":{"footnotes":""},"categories":[143],"tags":[868,877,867,169,869,872,873,880,114,115,874,870,875,878,879,864,876,237,871,170,865,866,13,32,33],"class_list":{"0":"post-111875","1":"post","2":"type-post","3":"status-publish","4":"format-standard","5":"has-post-thumbnail","7":"category-livros","8":"tag-best-seller","9":"tag-biblioteca","10":"tag-bienal-do-livro","11":"tag-books","12":"tag-clipping","13":"tag-e-book","14":"tag-ebook","15":"tag-editora","16":"tag-entertainment","17":"tag-entretenimento","18":"tag-escritor","19":"tag-eventos","20":"tag-festival-literario","21":"tag-lancamentos","22":"tag-leitura","23":"tag-literatura","24":"tag-livraria","25":"tag-livro","26":"tag-livro-digital","27":"tag-livros","28":"tag-mercado-editorial","29":"tag-mercado-livreiro","30":"tag-noticias","31":"tag-portugal","32":"tag-pt"},"share_on_mastodon":{"url":"","error":""},"_links":{"self":[{"href":"https:\/\/www.europesays.com\/pt\/wp-json\/wp\/v2\/posts\/111875","targetHints":{"allow":["GET"]}}],"collection":[{"href":"https:\/\/www.europesays.com\/pt\/wp-json\/wp\/v2\/posts"}],"about":[{"href":"https:\/\/www.europesays.com\/pt\/wp-json\/wp\/v2\/types\/post"}],"author":[{"embeddable":true,"href":"https:\/\/www.europesays.com\/pt\/wp-json\/wp\/v2\/users\/2"}],"replies":[{"embeddable":true,"href":"https:\/\/www.europesays.com\/pt\/wp-json\/wp\/v2\/comments?post=111875"}],"version-history":[{"count":0,"href":"https:\/\/www.europesays.com\/pt\/wp-json\/wp\/v2\/posts\/111875\/revisions"}],"wp:featuredmedia":[{"embeddable":true,"href":"https:\/\/www.europesays.com\/pt\/wp-json\/wp\/v2\/media\/111876"}],"wp:attachment":[{"href":"https:\/\/www.europesays.com\/pt\/wp-json\/wp\/v2\/media?parent=111875"}],"wp:term":[{"taxonomy":"category","embeddable":true,"href":"https:\/\/www.europesays.com\/pt\/wp-json\/wp\/v2\/categories?post=111875"},{"taxonomy":"post_tag","embeddable":true,"href":"https:\/\/www.europesays.com\/pt\/wp-json\/wp\/v2\/tags?post=111875"}],"curies":[{"name":"wp","href":"https:\/\/api.w.org\/{rel}","templated":true}]}}