{"id":111886,"date":"2025-10-15T15:12:38","date_gmt":"2025-10-15T15:12:38","guid":{"rendered":"https:\/\/www.europesays.com\/pt\/111886\/"},"modified":"2025-10-15T15:12:38","modified_gmt":"2025-10-15T15:12:38","slug":"ps-ganha-cinco-distritos-a-solo-e-experiencia-na-republica-vale-braganca-e-coimbra-diario-de-noticias","status":"publish","type":"post","link":"https:\/\/www.europesays.com\/pt\/111886\/","title":{"rendered":"PS ganha cinco distritos a solo e experi\u00eancia na Rep\u00fablica vale Bragan\u00e7a e Coimbra &#8211; Di\u00e1rio de Not\u00edcias"},"content":{"rendered":"<ol>\n<li><a href=\"https:\/\/news.google.com\/rss\/articles\/CBMisAFBVV95cUxPaC1iZTAzTzVaZnlORWFBUVBtLWFxdG5lOFJlOVlUeWlRTmJzVms0UWEyay1hLURhcDJyTnJrdDZnaHVvcU0zeG5RRVAycGdYNnR6TjB6SF9EWlplX2ZDcTNUX1A0VTV4NWw2dk5nMTl3NnBLWGMxT0xaYWF1SUNiSFUxYnlNbTZSdTg1VjJESEo0ckZIWmJONnhfZjRxc2FZdldIWld2ZFlnLWxBLXhJYQ?oc=5\" target=\"_blank\" rel=\"nofollow noopener\">PS ganha cinco distritos a solo e experi\u00eancia na Rep\u00fablica vale Bragan\u00e7a e Coimbra<\/a>&nbsp;&nbsp;Di\u00e1rio de Not\u00edcias<\/li>\n<li><a href=\"https:\/\/news.google.com\/rss\/articles\/CBMiqgFBVV95cUxPS3ZLaV9xb0JXY29velU4dWplUEdzUTJCV3NJWkk5MTJtZ0ZkLTFhdWpPOUswYmx5a1VXWGRVNGVmNE1nZk9FSy1ZUUF3V0t2VW9PbnhLaDQ0NENqSXpsQkFRRl8ydGpEM2tTRzUzUnpBQ3VEWWl2N0RvcHZKcVN6MXRoT00xYmk4eUx6b2p0YVc3VUZQVXlCQUVfSnd2dlBOaWFha0ttNlNMZw?oc=5\" target=\"_blank\" rel=\"nofollow noopener\">Carneiro diz que resultado confirma &#8220;cen\u00e1rio de recupera\u00e7\u00e3o do PS&#8221;<\/a>&nbsp;&nbsp;RTP<\/li>\n<li><a href=\"https:\/\/news.google.com\/rss\/articles\/CBMimAFBVV95cUxPZFBaQWowNFJDRXU1Tnlfd2lueF9vZmp2eDZ6dmJlN0llNUNwTVVEMVNRc1VGT3ctY0gwWUNfWlJmX0U2WXBWaV8wN3JPN0VMYnU1dXlMcGZuUlFyaG1feHRCcExTdm9LRE5BdUhjZ1RVM2o3c0dpaHR1RzAyS290MTM3clpJUUlsUHVpeGphSmZZY1VicjI3Vg?oc=5\" target=\"_blank\" rel=\"nofollow noopener\">Com ambi\u00e7\u00e3o e sem ilus\u00f5es<\/a>&nbsp;&nbsp;S\u00c1BADO<\/li>\n<li><a href=\"https:\/\/news.google.com\/rss\/articles\/CBMirgFBVV95cUxPZ3duaDdMM19tTTVRRTc2ZDhkaVQ0cVMyRWtYcjdwWUVjRHZQTTNiSnhrSm00TVlWV3lUcV9TUHJjYnd5NkxPbF9kNml4U1llTHROYkRTZVJfa0o4R3NaQWktUVNmM2ZmYzRwbGRPZ2JHOWhxX1BaVXJmV2xaMWJFVWFOZGpjWDB3VTNidllwdFo4NFVyZGZERmQ3RTQ2UWp0M1BiQlRucll4cGhfc2c?oc=5\" target=\"_blank\" rel=\"nofollow noopener\">PS teve melhor resultado em votos em Lisboa e pior no Corvo<\/a>&nbsp;&nbsp;Not\u00edcias ao Minuto<\/li>\n<li><a href=\"https:\/\/news.google.com\/rss\/articles\/CBMiygFBVV95cUxNaWZaMkZhcFdEVHBTQ0hUYVQyNnVBOFFuZGE3TEN6cHpJcTBRUjYxOVA0WG1tTkR6NWxoZk84dVZDOXo1eV9QSFZxYlphU1dUeHlWekRpd2RtWFZjQWh5VS14NklMLTd6bFRHYlB6cDkycEROZks2NmtTNmhWaUxBSEo0dUxWYUNvOG9ZMUZuVU9ZQ0FyclZVZ3NzRkwwQjdfLWU0djVqd1EycmdfUmx4NjVEajlUakF0czNBa2pVdXNST0pvQjhhV3lR?oc=5\" target=\"_blank\" rel=\"nofollow noopener\">Carneiro aponta unanimidade nos \u00f3rg\u00e3os do PS sobre &#8220;resultados positivos&#8221; das aut\u00e1rquicas<\/a>&nbsp;&nbsp;Jornal de Not\u00edcias<\/li>\n<\/ol>\n","protected":false},"excerpt":{"rendered":"PS ganha cinco distritos a solo e experi\u00eancia na Rep\u00fablica vale Bragan\u00e7a e Coimbra&nbsp;&nbsp;Di\u00e1rio de Not\u00edcias Carneiro diz&hellip;\n","protected":false},"author":2,"featured_media":111887,"comment_status":"","ping_status":"","sticky":false,"template":"","format":"standard","meta":{"footnotes":""},"categories":[8],"tags":[26457,26460,20265,2431,1450,27,28,26459,4581,22105,306,26456,9475,15,16,14,26458,20516,25,26,21,22,19159,12,13,19,20,32,23,24,455,33,17,18,29,30,31],"class_list":{"0":"post-111886","1":"post","2":"type-post","3":"status-publish","4":"format-standard","5":"has-post-thumbnail","7":"category-principais-noticias","8":"tag-ana-abrunhosa","9":"tag-andre-rijo","10":"tag-antonio-pina","11":"tag-autarquicas-2025","12":"tag-braganca","13":"tag-breaking-news","14":"tag-breakingnews","15":"tag-camara-municipal-de-coimbra","16":"tag-coligacao","17":"tag-deputados","18":"tag-edicao-impressa","19":"tag-estrategia","20":"tag-faro","21":"tag-featured-news","22":"tag-featurednews","23":"tag-headlines","24":"tag-isabel-ferreira","25":"tag-joao-azevedo","26":"tag-latest-news","27":"tag-latestnews","28":"tag-main-news","29":"tag-mainnews","30":"tag-ministros","31":"tag-news","32":"tag-noticias","33":"tag-noticias-principais","34":"tag-noticiasprincipais","35":"tag-portugal","36":"tag-principais-noticias","37":"tag-principaisnoticias","38":"tag-ps","39":"tag-pt","40":"tag-top-stories","41":"tag-topstories","42":"tag-ultimas","43":"tag-ultimas-noticias","44":"tag-ultimasnoticias"},"share_on_mastodon":{"url":"","error":""},"_links":{"self":[{"href":"https:\/\/www.europesays.com\/pt\/wp-json\/wp\/v2\/posts\/111886","targetHints":{"allow":["GET"]}}],"collection":[{"href":"https:\/\/www.europesays.com\/pt\/wp-json\/wp\/v2\/posts"}],"about":[{"href":"https:\/\/www.europesays.com\/pt\/wp-json\/wp\/v2\/types\/post"}],"author":[{"embeddable":true,"href":"https:\/\/www.europesays.com\/pt\/wp-json\/wp\/v2\/users\/2"}],"replies":[{"embeddable":true,"href":"https:\/\/www.europesays.com\/pt\/wp-json\/wp\/v2\/comments?post=111886"}],"version-history":[{"count":0,"href":"https:\/\/www.europesays.com\/pt\/wp-json\/wp\/v2\/posts\/111886\/revisions"}],"wp:featuredmedia":[{"embeddable":true,"href":"https:\/\/www.europesays.com\/pt\/wp-json\/wp\/v2\/media\/111887"}],"wp:attachment":[{"href":"https:\/\/www.europesays.com\/pt\/wp-json\/wp\/v2\/media?parent=111886"}],"wp:term":[{"taxonomy":"category","embeddable":true,"href":"https:\/\/www.europesays.com\/pt\/wp-json\/wp\/v2\/categories?post=111886"},{"taxonomy":"post_tag","embeddable":true,"href":"https:\/\/www.europesays.com\/pt\/wp-json\/wp\/v2\/tags?post=111886"}],"curies":[{"name":"wp","href":"https:\/\/api.w.org\/{rel}","templated":true}]}}