{"id":111890,"date":"2025-10-15T15:16:17","date_gmt":"2025-10-15T15:16:17","guid":{"rendered":"https:\/\/www.europesays.com\/pt\/111890\/"},"modified":"2025-10-15T15:16:17","modified_gmt":"2025-10-15T15:16:17","slug":"os-sonhos-estao-a-tornar-se-realidade-lourenco-ortigao-levanta-a-ponta-do-veu-sobre-a-nova-fase-de-vida-com-kelly-bailey-novelas","status":"publish","type":"post","link":"https:\/\/www.europesays.com\/pt\/111890\/","title":{"rendered":"\u201cOs sonhos est\u00e3o a tornar-se realidade\u201d: Louren\u00e7o Ortig\u00e3o levanta a &#8216;ponta do v\u00e9u&#8217; sobre a nova fase de vida com Kelly Bailey &#8211; Novelas"},"content":{"rendered":"<p data-end=\"537\" data-start=\"0\"><strong data-end=\"83\" data-start=\"0\"><a href=\"https:\/\/tvi.iol.pt\/novelas\/lourenco-ortigao\/kelly-bailey\/kelly-bailey-e-lourenco-ortigao-mais-cumplices-do-que-nunca-nos-preparativos-para-casamento\" rel=\"nofollow noopener\" target=\"_blank\">Louren\u00e7o Ortig\u00e3o e Kelly Bailey<\/a> vivem uma das fases mais felizes das suas vidas<\/strong>, com o amor a florescer e o sonho de um novo lar prestes a concretizar-se. As obras na <strong data-end=\"197\" data-start=\"171\">casa de sonho do casal<\/strong> est\u00e3o em fase avan\u00e7ada e a promessa de um verdadeiro ref\u00fagio familiar come\u00e7a finalmente a ganhar forma. <strong data-end=\"340\" data-start=\"302\">Dez meses ap\u00f3s o in\u00edcio do projeto<\/strong>, o espa\u00e7o moderno que o casal idealizou \u2014 com piscina e divis\u00f5es amplas \u2014 est\u00e1 quase conclu\u00eddo, e as primeiras imagens revelam um ambiente pensado ao detalhe para acolher a fam\u00edlia que formaram.<\/p>\n<p data-end=\"923\" data-start=\"539\">Nas redes sociais, <strong data-end=\"578\" data-start=\"558\">Louren\u00e7o Ortig\u00e3o<\/strong>, de 36 anos, partilhou novas fotografias do im\u00f3vel e mostrou, orgulhoso, que <strong data-end=\"695\" data-start=\"656\">a piscina j\u00e1 est\u00e1 pronta e com \u00e1gua<\/strong>, um dos elementos mais aguardados da casa. Visivelmente entusiasmado, o ator <strong data-end=\"804\" data-start=\"773\">mergulhou pela primeira vez<\/strong> e celebrou o momento de forma especial, <strong data-end=\"890\" data-start=\"845\">identificando Kelly Bailey como \u201ca noiva\u201d<\/strong>, um gesto que encantou os f\u00e3s.<\/p>\n<p data-end=\"1190\" data-start=\"925\">Mas o que mais chamou a aten\u00e7\u00e3o foi <strong data-end=\"987\" data-start=\"961\">a deslumbrante cozinha<\/strong>, com <strong data-end=\"1024\" data-start=\"993\">vista direta para a piscina<\/strong> e <strong data-end=\"1071\" data-start=\"1027\">janelas amplas que se abrem por completo<\/strong>, deixando entrar a luz natural e criando um espa\u00e7o perfeito para o casal desfrutar de momentos tranquilos e felizes.<\/p>\n<p data-end=\"1505\" data-start=\"1192\">Esta divis\u00e3o, uma das preferidas de Louren\u00e7o, est\u00e1 <strong data-end=\"1269\" data-start=\"1243\">praticamente conclu\u00edda<\/strong>, e foi nela que o ator partilhou uma das frases mais marcantes desta nova fase: <strong data-end=\"1393\" data-start=\"1350\">\u201cOs sonhos est\u00e3o a tornar-se realidade\u201d<\/strong>, escreveu, junto \u00e0 bancada onde promete dar largas \u00e0 imagina\u00e7\u00e3o e preparar muitas refei\u00e7\u00f5es em boa companhia.<\/p>\n<p data-end=\"1880\" data-start=\"1507\">Com <strong data-end=\"1545\" data-start=\"1511\">as obras a avan\u00e7ar a bom ritmo<\/strong> e os <strong data-end=\"1591\" data-start=\"1551\">\u00faltimos detalhes a serem finalizados<\/strong>, tudo indica que <strong data-end=\"1670\" data-start=\"1609\">a mudan\u00e7a para o novo lar poder\u00e1 acontecer muito em breve<\/strong>. A nova casa representa n\u00e3o apenas um projeto arquitet\u00f3nico, mas tamb\u00e9m o reflexo de uma <strong data-end=\"1785\" data-start=\"1760\">etapa serena e madura<\/strong> que <strong data-end=\"1825\" data-start=\"1790\">Louren\u00e7o Ortig\u00e3o e Kelly Bailey<\/strong> atravessam, tanto a n\u00edvel pessoal como profissional.<\/p>\n<p data-end=\"2114\" data-is-last-node=\"\" data-is-only-node=\"\" data-start=\"1882\">Recorde-se que o casal foi <strong data-end=\"1959\" data-start=\"1909\">pai e m\u00e3e de Vicente Blue a 9 de julho de 2023<\/strong>, e desde ent\u00e3o tem partilhado com os seguidores momentos c\u00famplices e cheios de ternura, mostrando que vivem uma fase de <strong data-end=\"2114\" data-is-last-node=\"\" data-start=\"2080\">plena felicidade e realiza\u00e7\u00e3o.<\/strong><\/p>\n<p data-end=\"2114\" data-is-last-node=\"\" data-is-only-node=\"\" data-start=\"1882\">\u00a0<\/p>\n<p><strong>Veja tamb\u00e9m:\u00a0<\/strong><\/p>\n<p><a href=\"https:\/\/tvi.iol.pt\/novelas\/fotos\/rita-pereira-celebra-11-meses-da-filha-lowe-mas-ha-um-detalhe-que-todos-repararam\/68ed098cd34ee0c2fed13357\" wbo-id=\"50\" rel=\"nofollow noopener\" target=\"_blank\">Rita Pereira celebra 11 meses da filha Low\u00ea\u2026 mas h\u00e1 um detalhe que todos repararam &#8211; Novelas &#8211; TVI<\/a><\/p>\n<p><a href=\"https:\/\/tvi.iol.pt\/novelas\/matilde-breyner\/anel\/matilde-breyner-viveu-momento-de-desespero-que-ficou-marcado-por-um-milagre-inesperado\" wbo-id=\"51\" rel=\"nofollow noopener\" target=\"_blank\">Matilde Breyner viveu momento de desespero, que ficou marcado por um milagre inesperado &#8211; Novelas &#8211; TVI<\/a>\u00a0<\/p>\n","protected":false},"excerpt":{"rendered":"Louren\u00e7o Ortig\u00e3o e Kelly Bailey vivem uma das fases mais felizes das suas vidas, com o amor a&hellip;\n","protected":false},"author":2,"featured_media":111891,"comment_status":"","ping_status":"","sticky":false,"template":"","format":"standard","meta":{"footnotes":""},"categories":[142],"tags":[160,2019,1435,166,114,115,157,167,164,2411,2730,161,158,165,159,32,33,156,163,151,162],"class_list":{"0":"post-111890","1":"post","2":"type-post","3":"status-publish","4":"format-standard","5":"has-post-thumbnail","7":"category-tv","8":"tag-ana-guiomar","9":"tag-casa","10":"tag-casamento","11":"tag-cristina-ferreira","12":"tag-entertainment","13":"tag-entretenimento","14":"tag-festa-e-festa","15":"tag-ficcao","16":"tag-jose-fidalgo","17":"tag-kelly-bailey","18":"tag-lourenco-ortigao","19":"tag-novelas","20":"tag-para-sempre","21":"tag-pedro-sousa","22":"tag-pedro-teixeira","23":"tag-portugal","24":"tag-pt","25":"tag-queridos-papas","26":"tag-tiago-teotonio-pereira","27":"tag-tv","28":"tag-tvi"},"share_on_mastodon":{"url":"","error":""},"_links":{"self":[{"href":"https:\/\/www.europesays.com\/pt\/wp-json\/wp\/v2\/posts\/111890","targetHints":{"allow":["GET"]}}],"collection":[{"href":"https:\/\/www.europesays.com\/pt\/wp-json\/wp\/v2\/posts"}],"about":[{"href":"https:\/\/www.europesays.com\/pt\/wp-json\/wp\/v2\/types\/post"}],"author":[{"embeddable":true,"href":"https:\/\/www.europesays.com\/pt\/wp-json\/wp\/v2\/users\/2"}],"replies":[{"embeddable":true,"href":"https:\/\/www.europesays.com\/pt\/wp-json\/wp\/v2\/comments?post=111890"}],"version-history":[{"count":0,"href":"https:\/\/www.europesays.com\/pt\/wp-json\/wp\/v2\/posts\/111890\/revisions"}],"wp:featuredmedia":[{"embeddable":true,"href":"https:\/\/www.europesays.com\/pt\/wp-json\/wp\/v2\/media\/111891"}],"wp:attachment":[{"href":"https:\/\/www.europesays.com\/pt\/wp-json\/wp\/v2\/media?parent=111890"}],"wp:term":[{"taxonomy":"category","embeddable":true,"href":"https:\/\/www.europesays.com\/pt\/wp-json\/wp\/v2\/categories?post=111890"},{"taxonomy":"post_tag","embeddable":true,"href":"https:\/\/www.europesays.com\/pt\/wp-json\/wp\/v2\/tags?post=111890"}],"curies":[{"name":"wp","href":"https:\/\/api.w.org\/{rel}","templated":true}]}}