{"id":111896,"date":"2025-10-15T15:25:09","date_gmt":"2025-10-15T15:25:09","guid":{"rendered":"https:\/\/www.europesays.com\/pt\/111896\/"},"modified":"2025-10-15T15:25:09","modified_gmt":"2025-10-15T15:25:09","slug":"aumento-de-salarios-negociacao-com-governo-esta-inquinada","status":"publish","type":"post","link":"https:\/\/www.europesays.com\/pt\/111896\/","title":{"rendered":"Aumento de sal\u00e1rios. Negocia\u00e7\u00e3o com Governo est\u00e1 &#8220;inquinada&#8221;"},"content":{"rendered":"<p>                    O Executivo<b> mant\u00e9m a proposta<\/b> de aumento de 2,15 por cento para sal\u00e1rios superiores a 2.631 euros e um aumento m\u00ednimo de 56,58 euros para sal\u00e1rios at\u00e9 esse valor. <\/p>\n<p>\u00c0 sa\u00edda da reuni\u00e3o com a secret\u00e1ria de Estado da Administra\u00e7\u00e3o P\u00fablica, no Minist\u00e9rio das Finan\u00e7as, o coordenador da Frente Comum considerou <b>\u201cinaceit\u00e1vel\u201d<\/b> o adiamento da apresenta\u00e7\u00e3o de &#8220;uma proposta diferente&#8221;. <\/p>\n<p>Para a Frente Comum, a <b>negocia\u00e7\u00e3o est\u00e1 &#8220;inquinada \u00e0 partida&#8221;<\/b>, porque o Executivo apresentou a proposta de OE2026 e<b> s\u00f3 &#8220;depois continua a negocia\u00e7\u00e3o com os sindicatos&#8221;<\/b> da Fun\u00e7\u00e3o P\u00fablica.<\/p>\n<p>Perante <b>\u201co impasse negocial\u201d<\/b>, Sebasti\u00e3o Santana lembrou a greve convocada para dia 24 de outubro.<\/p>\n<p>          <img decoding=\"async\" itemprop=\"image\" class=\"img-fluid\"   src=\"https:\/\/www.europesays.com\/pt\/wp-content\/uploads\/2025\/10\/8288f7c217a274277230af6922a4c596_N.jpg\"\/><\/p>\n<p>Tamb\u00e9m ap\u00f3s a reuni\u00e3o com a secret\u00e1ria de Estado, o <b>Sindicato dos Quadros T\u00e9cnicos do Estado<\/b> (STE) admitiu que o <b>valor dos aumentos salariais s\u00f3 vai ser diferente se a oposi\u00e7\u00e3o parlamentar se unir<\/b>.<br \/>\n          <img decoding=\"async\" itemprop=\"image\" class=\"img-fluid\"   src=\"https:\/\/www.europesays.com\/pt\/wp-content\/uploads\/2025\/10\/17bb1789ad2d1999c596e7e4641b0dd2_N.jpg\"\/><\/p>\n<p>O STE espera aumentos dos valores do <b>subs\u00eddio de refei\u00e7\u00e3o e a reposi\u00e7\u00e3o de tr\u00eas dias de f\u00e9rias <\/b>(retirados pela troika).O pr\u00f3ximo encontro com os sindicatos, que ser\u00e1 o terceiro, ficou marcado para o final do m\u00eas, 29 de outubro. A primeira reuni\u00e3o do Governo com os sindicatos da Fun\u00e7\u00e3o P\u00fablica aconteceu no dia 26 de setembro.<\/p>\n<p>Quanto ao Or\u00e7amento do Estado para 2026, o Governo <b>entregou \u00e0 Comiss\u00e3o Europeia o plano or\u00e7amental.<\/b><\/p>\n<p>Lisboa garante que as <b>novas medidas se adequam \u00e0s recomenda\u00e7\u00f5es <\/b>espec\u00edficas de Bruxelas.&#13;<\/p>\n","protected":false},"excerpt":{"rendered":"O Executivo mant\u00e9m a proposta de aumento de 2,15 por cento para sal\u00e1rios superiores a 2.631 euros e&hellip;\n","protected":false},"author":2,"featured_media":111897,"comment_status":"","ping_status":"","sticky":false,"template":"","format":"standard","meta":{"footnotes":""},"categories":[10],"tags":[15994,27,28,15,16,23072,301,14,25,26,21,22,12,13,19,20,32,23,24,33,21317,6248,2393,17,18,29,30,31],"class_list":{"0":"post-111896","1":"post","2":"type-post","3":"status-publish","4":"format-standard","5":"has-post-thumbnail","7":"category-portugal","8":"tag-administracao","9":"tag-breaking-news","10":"tag-breakingnews","11":"tag-featured-news","12":"tag-featurednews","13":"tag-funcao","14":"tag-governo","15":"tag-headlines","16":"tag-latest-news","17":"tag-latestnews","18":"tag-main-news","19":"tag-mainnews","20":"tag-news","21":"tag-noticias","22":"tag-noticias-principais","23":"tag-noticiasprincipais","24":"tag-portugal","25":"tag-principais-noticias","26":"tag-principaisnoticias","27":"tag-pt","28":"tag-publica","29":"tag-salarios","30":"tag-sindicatos","31":"tag-top-stories","32":"tag-topstories","33":"tag-ultimas","34":"tag-ultimas-noticias","35":"tag-ultimasnoticias"},"share_on_mastodon":{"url":"","error":""},"_links":{"self":[{"href":"https:\/\/www.europesays.com\/pt\/wp-json\/wp\/v2\/posts\/111896","targetHints":{"allow":["GET"]}}],"collection":[{"href":"https:\/\/www.europesays.com\/pt\/wp-json\/wp\/v2\/posts"}],"about":[{"href":"https:\/\/www.europesays.com\/pt\/wp-json\/wp\/v2\/types\/post"}],"author":[{"embeddable":true,"href":"https:\/\/www.europesays.com\/pt\/wp-json\/wp\/v2\/users\/2"}],"replies":[{"embeddable":true,"href":"https:\/\/www.europesays.com\/pt\/wp-json\/wp\/v2\/comments?post=111896"}],"version-history":[{"count":0,"href":"https:\/\/www.europesays.com\/pt\/wp-json\/wp\/v2\/posts\/111896\/revisions"}],"wp:featuredmedia":[{"embeddable":true,"href":"https:\/\/www.europesays.com\/pt\/wp-json\/wp\/v2\/media\/111897"}],"wp:attachment":[{"href":"https:\/\/www.europesays.com\/pt\/wp-json\/wp\/v2\/media?parent=111896"}],"wp:term":[{"taxonomy":"category","embeddable":true,"href":"https:\/\/www.europesays.com\/pt\/wp-json\/wp\/v2\/categories?post=111896"},{"taxonomy":"post_tag","embeddable":true,"href":"https:\/\/www.europesays.com\/pt\/wp-json\/wp\/v2\/tags?post=111896"}],"curies":[{"name":"wp","href":"https:\/\/api.w.org\/{rel}","templated":true}]}}