{"id":111916,"date":"2025-10-15T15:43:08","date_gmt":"2025-10-15T15:43:08","guid":{"rendered":"https:\/\/www.europesays.com\/pt\/111916\/"},"modified":"2025-10-15T15:43:08","modified_gmt":"2025-10-15T15:43:08","slug":"la-vie-recebeu-apresentacao-de-novo-livro-com-perspetiva-unica-sobre-o-autismo-jornal-das-caldas","status":"publish","type":"post","link":"https:\/\/www.europesays.com\/pt\/111916\/","title":{"rendered":"La Vie recebeu apresenta\u00e7\u00e3o de novo livro com perspetiva \u00fanica sobre o autismo \u2013 Jornal das Caldas"},"content":{"rendered":"<p>Inclu\u00eddo no \u00e2mbito do m\u00eas da sa\u00fade mental, o centro comercial La Vie das Caldas da Rainha recebeu, no dia 11 de outubro, a apresenta\u00e7\u00e3o do livro \u201cKevin e o Autismo\u201d, de Bruna Lopes.<\/p>\n<p>A apresenta\u00e7\u00e3o consistiu numa conversa entre a autora do livro e Anabela Vitorino Costa, uma psic\u00f3loga cl\u00ednica que segue o trabalho de Bruna. O presidente da C\u00e2mara das Caldas da Rainha, Vitor Marques, tamb\u00e9m presenciou a apresenta\u00e7\u00e3o. No final, a autora e a psic\u00f3loga tiraram tempo para falar com os presentes e Bruna Lopes assinou alguns exemplares.<\/p>\n<p>\u201cKevin e o Autismo\u201d sucede \u201cSilvestre e a PHDA\u201d (Perturba\u00e7\u00e3o de Hiperatividade e D\u00e9fice de Aten\u00e7\u00e3o) num universo em expans\u00e3o de representa\u00e7\u00e3o de crian\u00e7as neurodivergentes. Bruna Lopes escreve de experi\u00eancia, sendo ela mesma m\u00e3e de uma crian\u00e7a neurodivergente. Para al\u00e9m da sua pr\u00f3pria viv\u00eancia, a autora trabalhou ainda com v\u00e1rios psic\u00f3logos e psiquiatras para construir as suas obras.<\/p>\n<p>Este novo lan\u00e7amento \u00e9 relatado atrav\u00e9s do olhar de Kevin, contando uma hist\u00f3ria de uma perspetiva \u00fanica que nos pode ajudar a perceber melhor o mundo de uma crian\u00e7a que vive no espetro do autismo. Com esse fim, o livro inclui um \u201cdicion\u00e1rio secreto\u201d, com significados e termos espec\u00edficos da condi\u00e7\u00e3o. A autora explica que \u00e9 uma hist\u00f3ria para crian\u00e7as, jovens e at\u00e9 adultos: \u201cQualquer adulto que agarre este livro ter\u00e1 uma hist\u00f3ria que o ir\u00e1 enriquecer tamb\u00e9m\u201d.<\/p>\n<p>Na apresenta\u00e7\u00e3o, Anabela Costa fez quest\u00e3o de salientar que n\u00e3o podemos agrupar todas as pessoas que vivem com autismo no mesmo grupo, lembrando que \u201c\u00e9 um espetro, que tanto pode ser algo mais ligeiro ou mais complexo\u201d. Por essa raz\u00e3o acredita que cada fam\u00edlia que lida com a condi\u00e7\u00e3o \u201cter\u00e1 a sua forma \u00fanica de a olhar\u201d.<\/p>\n<p>A n\u00edvel de ensino a psic\u00f3loga acredita que \u201cas escolas j\u00e1 come\u00e7am a criar recursos\u201d para lidar com crian\u00e7as neurodivergentes, mas que \u201cmuitos profissionais ainda n\u00e3o est\u00e3o preparados para lidar com elas\u201d. Esta profissional ajuda pais de crian\u00e7as neurodivergentes e \u00e9 da\u00ed que retira a sua experi\u00eancia neste mundo complexo. Todos os presentes na apresenta\u00e7\u00e3o levaram para casa vouchers que davam acesso a um desconto de 20 euros na primeira consulta tanto com Anabela Costa, como com outros profissionais.<\/p>\n<p>Para lidar com estas condi\u00e7\u00f5es especiais, a psic\u00f3loga cl\u00ednica afirmou que \u201cn\u00e3o precisamos do otimismo t\u00f3xico, mas sim da esperan\u00e7a\u201d.<\/p>\n<p>Bruna Lopes acha que \u201co autismo n\u00e3o \u00e9 uma palavra que tem de ser assustadora e criar r\u00f3tulos\u201d defendendo que as crian\u00e7as que sofrem com a condi\u00e7\u00e3o \u201cnecessitam de mais est\u00edmulos\u201d.<\/p>\n<p>A concluir a apresenta\u00e7\u00e3o, a autora lembrou que nasceu nas Caldas da Rainha e afirmou-se \u201cf\u00e3 do La Vie\u201d pela inaugura\u00e7\u00e3o, no dia 10 de outubro, da iniciativa \u201cSil\u00eancio Amigo\u201d. Essa a\u00e7\u00e3o surgiu no \u00e2mbito do Dia Mundial da Sa\u00fade Mental e consiste na redu\u00e7\u00e3o de ru\u00eddos e est\u00edmulos visuais, entre as 10h e as 11h, todos os dias. O objetivo \u00e9 proporcionar uma experi\u00eancia mais confort\u00e1vel \u00e0s pessoas neurodivergentes.<\/p>\n<p>\u201cKevin e o Autismo\u201d encontra-se \u00e0 venda online ou na Bertrand do La Vie, por 14 euros.<\/p>\n","protected":false},"excerpt":{"rendered":"Inclu\u00eddo no \u00e2mbito do m\u00eas da sa\u00fade mental, o centro comercial La Vie das Caldas da Rainha recebeu,&hellip;\n","protected":false},"author":2,"featured_media":111917,"comment_status":"","ping_status":"","sticky":false,"template":"","format":"standard","meta":{"footnotes":""},"categories":[143],"tags":[169,114,115,170,32,33],"class_list":{"0":"post-111916","1":"post","2":"type-post","3":"status-publish","4":"format-standard","5":"has-post-thumbnail","7":"category-livros","8":"tag-books","9":"tag-entertainment","10":"tag-entretenimento","11":"tag-livros","12":"tag-portugal","13":"tag-pt"},"share_on_mastodon":{"url":"","error":""},"_links":{"self":[{"href":"https:\/\/www.europesays.com\/pt\/wp-json\/wp\/v2\/posts\/111916","targetHints":{"allow":["GET"]}}],"collection":[{"href":"https:\/\/www.europesays.com\/pt\/wp-json\/wp\/v2\/posts"}],"about":[{"href":"https:\/\/www.europesays.com\/pt\/wp-json\/wp\/v2\/types\/post"}],"author":[{"embeddable":true,"href":"https:\/\/www.europesays.com\/pt\/wp-json\/wp\/v2\/users\/2"}],"replies":[{"embeddable":true,"href":"https:\/\/www.europesays.com\/pt\/wp-json\/wp\/v2\/comments?post=111916"}],"version-history":[{"count":0,"href":"https:\/\/www.europesays.com\/pt\/wp-json\/wp\/v2\/posts\/111916\/revisions"}],"wp:featuredmedia":[{"embeddable":true,"href":"https:\/\/www.europesays.com\/pt\/wp-json\/wp\/v2\/media\/111917"}],"wp:attachment":[{"href":"https:\/\/www.europesays.com\/pt\/wp-json\/wp\/v2\/media?parent=111916"}],"wp:term":[{"taxonomy":"category","embeddable":true,"href":"https:\/\/www.europesays.com\/pt\/wp-json\/wp\/v2\/categories?post=111916"},{"taxonomy":"post_tag","embeddable":true,"href":"https:\/\/www.europesays.com\/pt\/wp-json\/wp\/v2\/tags?post=111916"}],"curies":[{"name":"wp","href":"https:\/\/api.w.org\/{rel}","templated":true}]}}