{"id":111918,"date":"2025-10-15T15:44:13","date_gmt":"2025-10-15T15:44:13","guid":{"rendered":"https:\/\/www.europesays.com\/pt\/111918\/"},"modified":"2025-10-15T15:44:13","modified_gmt":"2025-10-15T15:44:13","slug":"eduardo-ferreira-revela-porque-nao-visita-a-campa-do-marco-paulo-e-o-motivo-e-surreal-secret-story","status":"publish","type":"post","link":"https:\/\/www.europesays.com\/pt\/111918\/","title":{"rendered":"Eduardo Ferreira revela porque n\u00e3o visita a campa do Marco Paulo e o motivo \u00e9 surreal &#8211; Secret Story"},"content":{"rendered":"<p data-end=\"703\" data-start=\"354\"><a href=\"https:\/\/tvi.iol.pt\/bigbrother\/search?pagina=1&amp;pesquisa=eduardo+ferreira\" rel=\"nofollow noopener\" target=\"_blank\"><strong>Eduardo Ferreira<\/strong><\/a>, herdeiro e companheiro de longa data de <a href=\"https:\/\/tvi.iol.pt\/secretstory\/search?pagina=1&amp;pesquisa=marco+paulo\" rel=\"nofollow noopener\" target=\"_blank\"><strong data-end=\"427\" data-start=\"412\">Marco Paulo<\/strong><\/a>, concedeu uma entrevista \u00e0 revista TV7 Dias onde abordou a sua vida ap\u00f3s a morte do cantor, falecido h\u00e1 cerca de um ano. Entre v\u00e1rias revela\u00e7\u00f5es, uma em particular chamou a aten\u00e7\u00e3o dos leitores: o bombeiro admitiu que evita visitar o jazigo onde o artista est\u00e1 sepultado.<\/p>\n<blockquote data-end=\"916\" data-start=\"705\">\n<p data-end=\"916\" data-start=\"707\">\u201cTenho medo de encontrar l\u00e1 alguma f\u00e3 e que me insulte, h\u00e1 algumas mais fervorosas e que me est\u00e3o sempre a insultar e dizem-me \u2018um dia quando te apanhar, vais ver\u2026\u2019\u201d, confessou Eduardo Ferreira \u00e0 publica\u00e7\u00e3o.<\/p>\n<\/blockquote>\n<p data-end=\"1086\" data-start=\"918\">O herdeiro de Marco Paulo explicou que prefere manter alguma dist\u00e2ncia por receio de confrontos com admiradoras mais extremas do int\u00e9rprete de \u201cEu Tenho Dois Amores\u201d.<\/p>\n<p data-end=\"1282\" data-start=\"1088\">As declara\u00e7\u00f5es n\u00e3o passaram despercebidas. O comentador <strong data-end=\"1214\" data-start=\"1199\">Hugo Mendes<\/strong> n\u00e3o poupou cr\u00edticas \u2013 e gargalhadas \u2013 \u00e0 justifica\u00e7\u00e3o do bombeiro.<\/p>\n<blockquote data-end=\"1798\" data-start=\"1284\">\n<p data-end=\"1798\" data-start=\"1286\">\u201cO Eduardo que me perdoe eu estar a rir-me disto, mas isto \u00e9 com\u00e9dia\u201d, come\u00e7ou por dizer, entre risos. \u201cComo \u00e9 que o Eduardo pode dizer isto? Estive com ele num concerto de homenagem ao Telmo Miranda, onde se havia s\u00edtio com mais f\u00e3s era naquele concerto. Eu n\u00e3o vi o Eduardo com seguran\u00e7as e esteve muito bem. (\u2026) H\u00e1 mil formas de justificar, podia dizer \u2018n\u00e3o sou de visitar cemit\u00e9rios\u2019, ou \u2018n\u00e3o preciso de ir l\u00e1 para lembrar o Marco Paulo\u2019. Mas o que \u00e9 que ele escolhe dizer? \u2018Tenho medo das f\u00e3s\u2019\u201d, ironizou.<\/p>\n<\/blockquote>\n<p data-end=\"1914\" data-start=\"1800\">Apesar do tom divertido, Hugo Mendes tamb\u00e9m fez quest\u00e3o de sublinhar a import\u00e2ncia de Eduardo Ferreira na vida do cantor:<\/p>\n<blockquote data-end=\"2169\" data-start=\"1916\">\n<p data-end=\"2169\" data-start=\"1918\">\u201cO Eduardo tratou muito bem do Marco Paulo, isso ningu\u00e9m tem d\u00favidas. E de certeza absoluta que havia um encantamento gigante por parte do Marco Paulo em rela\u00e7\u00e3o ao Eduardo \u2014 s\u00f3 isso justifica que lhe tenha deixado parte do que construiu\u201d, destacou.<\/p>\n<\/blockquote>\n<p data-end=\"2169\" data-start=\"1918\">Recorde-se que, Eduardo Ferreira foi um dos concorrentes do<a href=\"https:\/\/tvi.iol.pt\/bigbrother\/\" rel=\"nofollow noopener\" target=\"_blank\"> &#8220;Big Brother 2025&#8221;<\/a>, e aqui mostrou a sua <a href=\"https:\/\/tvi.iol.pt\/bigbrother\/noticias\/Curva-da-Vida\" rel=\"nofollow noopener\" target=\"_blank\">&#8220;Curva da Vida&#8221;<\/a> perante Portugal inteiro. Veja o v\u00eddeo na \u00edntegra, em baixo.\u00a0<\/p>\n<p data-end=\"2169\" data-start=\"1918\">\u00a0<\/p>\n<p data-end=\"2169\" data-start=\"1918\">A entrevista de Eduardo Ferreira volta assim a colocar o seu nome em destaque, mostrando que, mesmo ap\u00f3s a morte do cantor, o legado e o carinho dos f\u00e3s de Marco Paulo continuam bem vivos \u2014 e, ao que tudo indica, bastante intensos.<\/p>\n<p data-end=\"2404\" data-start=\"2171\"><strong>Em cima, recorde as galerias de imagens do bombeiro que prepar\u00e1mos para si.<\/strong><\/p>\n","protected":false},"excerpt":{"rendered":"Eduardo Ferreira, herdeiro e companheiro de longa data de Marco Paulo, concedeu uma entrevista \u00e0 revista TV7 Dias&hellip;\n","protected":false},"author":2,"featured_media":111919,"comment_status":"","ping_status":"","sticky":false,"template":"","format":"standard","meta":{"footnotes":""},"categories":[142],"tags":[18706,48,7094,1050,114,115,18705,6309,1339,1166,1437,32,33,1014,151,162,18704],"class_list":{"0":"post-111918","1":"post","2":"type-post","3":"status-publish","4":"format-standard","5":"has-post-thumbnail","7":"category-tv","8":"tag-bastidores-secret-story","9":"tag-big-brother","10":"tag-dudu","11":"tag-eduardo-ferreira","12":"tag-entertainment","13":"tag-entretenimento","14":"tag-entrevistas-concorrentes-tvi","15":"tag-ex-concorrente","16":"tag-luto","17":"tag-marco-paulo","18":"tag-morte","19":"tag-portugal","20":"tag-pt","21":"tag-reality-show","22":"tag-tv","23":"tag-tvi","24":"tag-vida-fora-da-casa"},"share_on_mastodon":{"url":"","error":""},"_links":{"self":[{"href":"https:\/\/www.europesays.com\/pt\/wp-json\/wp\/v2\/posts\/111918","targetHints":{"allow":["GET"]}}],"collection":[{"href":"https:\/\/www.europesays.com\/pt\/wp-json\/wp\/v2\/posts"}],"about":[{"href":"https:\/\/www.europesays.com\/pt\/wp-json\/wp\/v2\/types\/post"}],"author":[{"embeddable":true,"href":"https:\/\/www.europesays.com\/pt\/wp-json\/wp\/v2\/users\/2"}],"replies":[{"embeddable":true,"href":"https:\/\/www.europesays.com\/pt\/wp-json\/wp\/v2\/comments?post=111918"}],"version-history":[{"count":0,"href":"https:\/\/www.europesays.com\/pt\/wp-json\/wp\/v2\/posts\/111918\/revisions"}],"wp:featuredmedia":[{"embeddable":true,"href":"https:\/\/www.europesays.com\/pt\/wp-json\/wp\/v2\/media\/111919"}],"wp:attachment":[{"href":"https:\/\/www.europesays.com\/pt\/wp-json\/wp\/v2\/media?parent=111918"}],"wp:term":[{"taxonomy":"category","embeddable":true,"href":"https:\/\/www.europesays.com\/pt\/wp-json\/wp\/v2\/categories?post=111918"},{"taxonomy":"post_tag","embeddable":true,"href":"https:\/\/www.europesays.com\/pt\/wp-json\/wp\/v2\/tags?post=111918"}],"curies":[{"name":"wp","href":"https:\/\/api.w.org\/{rel}","templated":true}]}}