{"id":111922,"date":"2025-10-15T15:47:13","date_gmt":"2025-10-15T15:47:13","guid":{"rendered":"https:\/\/www.europesays.com\/pt\/111922\/"},"modified":"2025-10-15T15:47:13","modified_gmt":"2025-10-15T15:47:13","slug":"surpresa-no-hoquei-sporting-travado-pela-sanjoanense","status":"publish","type":"post","link":"https:\/\/www.europesays.com\/pt\/111922\/","title":{"rendered":"Surpresa no h\u00f3quei: Sporting travado pela Sanjoanense"},"content":{"rendered":"<p>O Sporting entrou com o \u00abpatim esquerdo\u00bb no campeonato nacional de h\u00f3quei em patins, ao permitir um empate a duas bolas no\u00a0Pavilh\u00e3o Jo\u00e3o Rocha, em Lisboa, na noite desta ter\u00e7a-feira.<\/p>\n<p>Depois da conquista do Mundial de Clubes e da Superta\u00e7a, esta \u00faltima frente ao FC Porto no \u00faltimo s\u00e1bado, os le\u00f5es escorregaram no arranque do campeonato.<\/p>\n<p>Nolito Romero e Rafael Bessa marcaram para os le\u00f5es, mas um bis de Hugo Santos fez com que a equipa de S\u00e3o Jo\u00e3o da Madeira protagonizasse a surpresa da jornada.<\/p>\n","protected":false},"excerpt":{"rendered":"O Sporting entrou com o \u00abpatim esquerdo\u00bb no campeonato nacional de h\u00f3quei em patins, ao permitir um empate&hellip;\n","protected":false},"author":2,"featured_media":89449,"comment_status":"","ping_status":"","sticky":false,"template":"","format":"standard","meta":{"footnotes":""},"categories":[87],"tags":[135,6331,2695,46,1830,32,33,47,26463,34,134],"class_list":{"0":"post-111922","1":"post","2":"type-post","3":"status-publish","4":"format-standard","5":"has-post-thumbnail","7":"category-desporto","8":"tag-desporto","9":"tag-hoquei","10":"tag-hoquei-em-patins","11":"tag-maisfutebol","12":"tag-modalidades","13":"tag-portugal","14":"tag-pt","15":"tag-pura-paixao","16":"tag-sanjoanense","17":"tag-sporting","18":"tag-sports"},"share_on_mastodon":{"url":"","error":""},"_links":{"self":[{"href":"https:\/\/www.europesays.com\/pt\/wp-json\/wp\/v2\/posts\/111922","targetHints":{"allow":["GET"]}}],"collection":[{"href":"https:\/\/www.europesays.com\/pt\/wp-json\/wp\/v2\/posts"}],"about":[{"href":"https:\/\/www.europesays.com\/pt\/wp-json\/wp\/v2\/types\/post"}],"author":[{"embeddable":true,"href":"https:\/\/www.europesays.com\/pt\/wp-json\/wp\/v2\/users\/2"}],"replies":[{"embeddable":true,"href":"https:\/\/www.europesays.com\/pt\/wp-json\/wp\/v2\/comments?post=111922"}],"version-history":[{"count":0,"href":"https:\/\/www.europesays.com\/pt\/wp-json\/wp\/v2\/posts\/111922\/revisions"}],"wp:featuredmedia":[{"embeddable":true,"href":"https:\/\/www.europesays.com\/pt\/wp-json\/wp\/v2\/media\/89449"}],"wp:attachment":[{"href":"https:\/\/www.europesays.com\/pt\/wp-json\/wp\/v2\/media?parent=111922"}],"wp:term":[{"taxonomy":"category","embeddable":true,"href":"https:\/\/www.europesays.com\/pt\/wp-json\/wp\/v2\/categories?post=111922"},{"taxonomy":"post_tag","embeddable":true,"href":"https:\/\/www.europesays.com\/pt\/wp-json\/wp\/v2\/tags?post=111922"}],"curies":[{"name":"wp","href":"https:\/\/api.w.org\/{rel}","templated":true}]}}