{"id":111927,"date":"2025-10-15T15:53:14","date_gmt":"2025-10-15T15:53:14","guid":{"rendered":"https:\/\/www.europesays.com\/pt\/111927\/"},"modified":"2025-10-15T15:53:14","modified_gmt":"2025-10-15T15:53:14","slug":"casal-ucraniano-encontrado-morto-em-casa-pj-suspeita-de-homicidio-seguido-de-suicidio","status":"publish","type":"post","link":"https:\/\/www.europesays.com\/pt\/111927\/","title":{"rendered":"Casal ucraniano encontrado morto em casa. PJ suspeita de homic\u00eddio seguido de suic\u00eddio"},"content":{"rendered":"<p>Para j\u00e1, os investigadores da Diretoria do Centro da PJ julgam estar perante um cen\u00e1rio de poss\u00edvel homic\u00eddio, cometido com uma faca, seguido de suic\u00eddio, em contexto de viol\u00eancia dom\u00e9stica.<\/p>\n<p data-remotead-prev-elm=\"true\" data-remotead-elm-id=\"inread\">A mulher tinha 49 anos e o homem era 10 anos mais velho. Segundo fonte policial, os factos tiveram lugar no dia 7 deste m\u00eas e a PJ tomou logo conta da ocorr\u00eancia.<\/p>\n<p>&#8220;Conhecia apenas a senhora, que trabalhava em Pombal, mas sei que o marido trabalhava em Leiria, e que eram pessoas tranquilas e muito trabalhadoras&#8221;, garante Daniel Ferreira, presidente da Junta de Vermoil. &#8220;A indica\u00e7\u00e3o que tenho \u00e9 que n\u00e3o havia viol\u00eancia entre eles, tirando as picardias normais dos casais, mas j\u00e1 estavam separados. Depois, ele voltou no fim de semana da trag\u00e9dia.&#8221;<\/p>\n<p data-remotead-prev-elm=\"true\" data-remotead-elm-id=\"centro1\">Daniel Ferreira adianta que o casal residia na aldeia h\u00e1 &#8220;quatro ou cinco anos&#8221;, e n\u00e3o tinha filhos em comum. A mulher tinha um e o homem dois filhos de relacionamentos anteriores, mas n\u00e3o habitavam com eles. &#8220;Trabalhavam fora, e um deles est\u00e1 a combater [contra os russos] na Ucr\u00e2nia&#8221;, conta.<\/p>\n","protected":false},"excerpt":{"rendered":"Para j\u00e1, os investigadores da Diretoria do Centro da PJ julgam estar perante um cen\u00e1rio de poss\u00edvel homic\u00eddio,&hellip;\n","protected":false},"author":2,"featured_media":111928,"comment_status":"","ping_status":"","sticky":false,"template":"","format":"standard","meta":{"footnotes":""},"categories":[10],"tags":[27,28,26464,15,16,14,603,25,26,21,22,12,13,19,20,21712,32,23,24,33,17,18,29,30,31],"class_list":{"0":"post-111927","1":"post","2":"type-post","3":"status-publish","4":"format-standard","5":"has-post-thumbnail","7":"category-portugal","8":"tag-breaking-news","9":"tag-breakingnews","10":"tag-duplo-homicidio","11":"tag-featured-news","12":"tag-featurednews","13":"tag-headlines","14":"tag-justica","15":"tag-latest-news","16":"tag-latestnews","17":"tag-main-news","18":"tag-mainnews","19":"tag-news","20":"tag-noticias","21":"tag-noticias-principais","22":"tag-noticiasprincipais","23":"tag-pombal","24":"tag-portugal","25":"tag-principais-noticias","26":"tag-principaisnoticias","27":"tag-pt","28":"tag-top-stories","29":"tag-topstories","30":"tag-ultimas","31":"tag-ultimas-noticias","32":"tag-ultimasnoticias"},"share_on_mastodon":{"url":"","error":""},"_links":{"self":[{"href":"https:\/\/www.europesays.com\/pt\/wp-json\/wp\/v2\/posts\/111927","targetHints":{"allow":["GET"]}}],"collection":[{"href":"https:\/\/www.europesays.com\/pt\/wp-json\/wp\/v2\/posts"}],"about":[{"href":"https:\/\/www.europesays.com\/pt\/wp-json\/wp\/v2\/types\/post"}],"author":[{"embeddable":true,"href":"https:\/\/www.europesays.com\/pt\/wp-json\/wp\/v2\/users\/2"}],"replies":[{"embeddable":true,"href":"https:\/\/www.europesays.com\/pt\/wp-json\/wp\/v2\/comments?post=111927"}],"version-history":[{"count":0,"href":"https:\/\/www.europesays.com\/pt\/wp-json\/wp\/v2\/posts\/111927\/revisions"}],"wp:featuredmedia":[{"embeddable":true,"href":"https:\/\/www.europesays.com\/pt\/wp-json\/wp\/v2\/media\/111928"}],"wp:attachment":[{"href":"https:\/\/www.europesays.com\/pt\/wp-json\/wp\/v2\/media?parent=111927"}],"wp:term":[{"taxonomy":"category","embeddable":true,"href":"https:\/\/www.europesays.com\/pt\/wp-json\/wp\/v2\/categories?post=111927"},{"taxonomy":"post_tag","embeddable":true,"href":"https:\/\/www.europesays.com\/pt\/wp-json\/wp\/v2\/tags?post=111927"}],"curies":[{"name":"wp","href":"https:\/\/api.w.org\/{rel}","templated":true}]}}