{"id":111931,"date":"2025-10-15T15:57:17","date_gmt":"2025-10-15T15:57:17","guid":{"rendered":"https:\/\/www.europesays.com\/pt\/111931\/"},"modified":"2025-10-15T15:57:17","modified_gmt":"2025-10-15T15:57:17","slug":"educacao-implementada-no-sistema-prisional-marcara-presenca-na-11a-bienal","status":"publish","type":"post","link":"https:\/\/www.europesays.com\/pt\/111931\/","title":{"rendered":"Educa\u00e7\u00e3o implementada no sistema prisional marcar\u00e1 presen\u00e7a na 11\u00aa Bienal"},"content":{"rendered":"<p style=\"text-align: justify;\">Regina Carvalho\u00a0<\/p>\n<p style=\"text-align: justify;\">O sistema prisional alagoano marcar\u00e1 presen\u00e7a no evento cultural e liter\u00e1rio de Alagoas, a 11\u00aa Bienal Internacional do Livro de Alagoas, que acontece entre os dias 31 de outubro a 9 de novembro no Centro Cultural e de Exposi\u00e7\u00f5es Ruth Cardoso, no bairro do Jaragu\u00e1, em Macei\u00f3.<\/p>\n<p style=\"text-align: justify;\">Parte das a\u00e7\u00f5es de educa\u00e7\u00e3o implementadas pela Secretaria de Ressocializa\u00e7\u00e3o e Inclus\u00e3o Social (Seris) nas unidades prisionais de Alagoas ser\u00e1 apresentada aos convidados que visitar\u00e3o os estandes durante a programa\u00e7\u00e3o e poder\u00e3o prestigiar rodas de conversa, mesas-redondas, lan\u00e7amento de livro e document\u00e1rio, al\u00e9m de apresenta\u00e7\u00e3o teatral e palestras.<\/p>\n<p style=\"text-align: justify;\">\u201cEstaremos presentes na Bienal, em v\u00e1rios estandes, demostrando as a\u00e7\u00f5es de educa\u00e7\u00e3o dentro do sistema prisional e algumas a\u00e7\u00f5es tamb\u00e9m envolvendo o trabalho no sistema prisional. \u00c9 um momento muito aguardado por todos n\u00f3s\u201d, destaca Clarice Damasceno, gerente de Educa\u00e7\u00e3o e Cidadania da Seris.<\/p>\n<p style=\"text-align: justify;\">Equipe da Seris estar\u00e1 presente no estande da Universidade Federal de Alagoas (Ufal) e da Escola Superior da Magistratura do Estado de Alagoas (Esmal) para apresentar os projetos desenvolvidos no sistema prisional logo no in\u00edcio do evento e, em seguida, no dia 2 de novembro (domingo), participa da mesa-redonda com o tema Liberdade Religiosa, durante o lan\u00e7amento do livro Direito Fundamental a Liberdade Religiosa e Intoler\u00e2ncia no Sistema Prisional Alagoano da pesquisadora e professora universit\u00e1ria Elaine Pimentel.<\/p>\n<p>&#13;<br \/>\n<img decoding=\"async\" src=\"http:\/\/alagoas.al.gov.br\/imagens\/conteudos\/d2cd7e4fb1e89a350c93b658ab9cc94b\/\/_DSC4142%20copiar%20(1).jpg\" style=\"box-sizing: border-box; border: 0px; vertical-align: middle; max-width: 100%; width: 963.636px;\" data-image=\"0j3lz6a368zp\"\/>&#13;<\/p>\n<p style=\"text-align: justify;\">\u201cO ponto alto acontece nos dias 3 e 5 de novembro, quando estaremos com apresenta\u00e7\u00f5es do Caf\u00e9 Liter\u00e1rio e pe\u00e7as teatrais dos reeducandos, que estar\u00e1 acontecendo no estande da Academia Alagoana de Letras. Tamb\u00e9m estaremos apresentando o nosso clube de leitura que acontece aqui e \u00e9 parte do projeto Livros que Libertam\u201d, completa Clarice Damasceno.<\/p>\n<p style=\"text-align: justify;\">J\u00e1 na segunda-feira, dia 3 de novembro, uma parceria da 16\u00aa Vara Criminal e a Seris vai garantir a discuss\u00e3o do tema \u201cJusti\u00e7a tamb\u00e9m \u00e9 luta ancestral\u201d, com a exposi\u00e7\u00e3o de projetos de unidades da Seris, al\u00e9m de pe\u00e7a teatral e performances art\u00edsticas do Projeto Livros que Libertam.<\/p>\n<p style=\"text-align: justify;\">No dia 4 de novembro, ter\u00e7a-feira, ocorre uma palestra sobre o projeto Livros que Libertam, com o magistrado Alexandre Machado (juiz titular da 16\u00aa Vara Criminal\/TJAL) e Juliana Alves da Silva (pedagoga da 16\u00aaVara Criminal\/TJAL). Na quarta (5), haver\u00e1 o lan\u00e7amento do document\u00e1rio Lili (Livros que Libertam), que tem a dire\u00e7\u00e3o de Bernardo B. Black e Renah.<\/p>\n<p style=\"text-align: justify;\">J\u00e1 no dia 6 de novembro, uma mesa-redonda vai discutir o tema \u201cEduca\u00e7\u00e3o como Processo de Forma\u00e7\u00e3o Humana e de Transforma\u00e7\u00e3o Social\u201d. \u201cA leitura est\u00e1 mudando a vida de reeducandos do complexo prisional alagoano. Com projetos como \u2018Livros que Libertam\u2019, estamos investindo na educa\u00e7\u00e3o da popula\u00e7\u00e3o carcer\u00e1ria, proporcionando um novo recome\u00e7o aos custodiados e mais seguran\u00e7a \u00e0 sociedade alagoana. Esse \u00e9 nosso prop\u00f3sito, do Governo de Alagoas e da Seris\u201d, finaliza o secret\u00e1rio Diogo Teixeira, titular da Seris.<\/p>\n","protected":false},"excerpt":{"rendered":"Regina Carvalho\u00a0 O sistema prisional alagoano marcar\u00e1 presen\u00e7a no evento cultural e liter\u00e1rio de Alagoas, a 11\u00aa Bienal&hellip;\n","protected":false},"author":2,"featured_media":111932,"comment_status":"","ping_status":"","sticky":false,"template":"","format":"standard","meta":{"footnotes":""},"categories":[143],"tags":[169,726,17556,17558,315,17557,114,115,2089,170,62,13,835,1086,52,32,33,1456],"class_list":{"0":"post-111931","1":"post","2":"type-post","3":"status-publish","4":"format-standard","5":"has-post-thumbnail","7":"category-livros","8":"tag-books","9":"tag-brasil","10":"tag-correio-dos-municipios","11":"tag-cotidiano","12":"tag-cultura","13":"tag-economia-e-negocios","14":"tag-entertainment","15":"tag-entretenimento","16":"tag-esporte","17":"tag-livros","18":"tag-mundo","19":"tag-noticias","20":"tag-opiniao","21":"tag-policia","22":"tag-politica","23":"tag-portugal","24":"tag-pt","25":"tag-turismo"},"share_on_mastodon":{"url":"","error":""},"_links":{"self":[{"href":"https:\/\/www.europesays.com\/pt\/wp-json\/wp\/v2\/posts\/111931","targetHints":{"allow":["GET"]}}],"collection":[{"href":"https:\/\/www.europesays.com\/pt\/wp-json\/wp\/v2\/posts"}],"about":[{"href":"https:\/\/www.europesays.com\/pt\/wp-json\/wp\/v2\/types\/post"}],"author":[{"embeddable":true,"href":"https:\/\/www.europesays.com\/pt\/wp-json\/wp\/v2\/users\/2"}],"replies":[{"embeddable":true,"href":"https:\/\/www.europesays.com\/pt\/wp-json\/wp\/v2\/comments?post=111931"}],"version-history":[{"count":0,"href":"https:\/\/www.europesays.com\/pt\/wp-json\/wp\/v2\/posts\/111931\/revisions"}],"wp:featuredmedia":[{"embeddable":true,"href":"https:\/\/www.europesays.com\/pt\/wp-json\/wp\/v2\/media\/111932"}],"wp:attachment":[{"href":"https:\/\/www.europesays.com\/pt\/wp-json\/wp\/v2\/media?parent=111931"}],"wp:term":[{"taxonomy":"category","embeddable":true,"href":"https:\/\/www.europesays.com\/pt\/wp-json\/wp\/v2\/categories?post=111931"},{"taxonomy":"post_tag","embeddable":true,"href":"https:\/\/www.europesays.com\/pt\/wp-json\/wp\/v2\/tags?post=111931"}],"curies":[{"name":"wp","href":"https:\/\/api.w.org\/{rel}","templated":true}]}}