{"id":111943,"date":"2025-10-15T16:05:10","date_gmt":"2025-10-15T16:05:10","guid":{"rendered":"https:\/\/www.europesays.com\/pt\/111943\/"},"modified":"2025-10-15T16:05:10","modified_gmt":"2025-10-15T16:05:10","slug":"tragico-acidente-chocou-a-china-e-e-um-novo-golpe-para-a-xiaomi","status":"publish","type":"post","link":"https:\/\/www.europesays.com\/pt\/111943\/","title":{"rendered":"tr\u00e1gico acidente chocou a China e \u00e9 um novo golpe para a Xiaomi"},"content":{"rendered":"<p>O primeiro ve\u00edculo el\u00e9trico alguma vez produzido pela Xiaomi, o SU7, est\u00e1 no centro de um novo acidente mortal na China. Um acontecimento que prejudica a imagem da marca.<\/p>\n<p><a target=\"_blank\" href=\"https:\/\/pplware.sapo.pt\/wp-content\/uploads\/2025\/10\/xiaomi_su7_arde00.webp\" rel=\"nofollow noopener\"><img fetchpriority=\"high\" decoding=\"async\" src=\"https:\/\/www.europesays.com\/pt\/wp-content\/uploads\/2025\/10\/xiaomi_su7_arde00-720x404.webp.webp\" alt=\"Imagem Xiaomi SU7 incendiado\" width=\"720\" height=\"404\" class=\"aligncenter wp-image-1083556 size-medium\"  \/><\/a><\/p>\n<p>As dores de crescimento do Xiaomi SU7<\/p>\n<p>Em menos de dois anos, a Xiaomi, que cresceu gra\u00e7as aos seus smartphones, conseguiu tamb\u00e9m afirmar-se como fabricante de ve\u00edculos el\u00e9tricos, nomeadamente com o seu primeiro modelo: o SU7.<\/p>\n<p>Um autom\u00f3vel que conheceu desde o in\u00edcio um grande sucesso na China, apesar de o pa\u00eds j\u00e1 contar com v\u00e1rios gigantes no setor. Infelizmente, este <a target=\"_blank\" href=\"https:\/\/pplware.sapo.pt\/motores\/acidente-fatal-com-xiaomi-su7-traz-receios-sobre-a-tecnologia-de-conducao-autonoma\/\" rel=\"nofollow noopener\">modelo est\u00e1 no centro da pol\u00e9mica<\/a> h\u00e1 alguns dias no imp\u00e9rio asi\u00e1tico.<\/p>\n<p><a target=\"_blank\" href=\"https:\/\/pplware.sapo.pt\/wp-content\/uploads\/2025\/09\/xiaomi_su7_recall00.webp\" rel=\"nofollow noopener\"><img loading=\"lazy\" decoding=\"async\" src=\"https:\/\/www.europesays.com\/pt\/wp-content\/uploads\/2025\/09\/xiaomi_su7_recall00-720x404.webp.webp\" alt=\"\" width=\"720\" height=\"404\" class=\"aligncenter size-medium wp-image-1079773\"  \/><\/a><\/p>\n<p>Um novo acidente mortal com o SU7 da Xiaomi<\/p>\n<p>As imagens s\u00e3o duras. Na noite de 12 para 13 de outubro, um ve\u00edculo SU7 da Xiaomi esteve envolvido num acidente mortal na cidade chinesa de Chengdu.<\/p>\n<p>O incidente, que destruiu o autom\u00f3vel, causou a morte do condutor e foi registado num v\u00eddeo que desde ent\u00e3o se espalhou pela internet.<\/p>\n<p>Segundo as autoridades, o <strong>homem de 31 anos conduzia embriagado ao volante do seu SU7 Ultra<\/strong> (a vers\u00e3o mais potente da gama) e circulava a uma velocidade muito superior ao permitido (entre 100 e 150 km\/h).<\/p>\n<p>Ap\u00f3s uma condu\u00e7\u00e3o err\u00e1tica, embateu noutro ve\u00edculo, atravessou para a faixa contr\u00e1ria e acabou por incendiar-se.<\/p>\n<p><a target=\"_blank\" href=\"https:\/\/pplware.sapo.pt\/wp-content\/uploads\/2025\/10\/xiaomi_su7_arde01.webp\" rel=\"nofollow noopener\"><img loading=\"lazy\" decoding=\"async\" src=\"https:\/\/www.europesays.com\/pt\/wp-content\/uploads\/2025\/10\/xiaomi_su7_arde01-720x404.webp.webp\" alt=\"\" width=\"720\" height=\"404\" class=\"aligncenter size-medium wp-image-1083557\"  \/><\/a><\/p>\n<p>Puxadores el\u00e9tricos das portas n\u00e3o estar\u00e3o, desta vez, em causa<\/p>\n<p>Neste momento, nada parece realmente incriminar a Xiaomi. No entanto, o v\u00eddeo viral gravado ap\u00f3s o acidente mostra transeuntes a tentar retirar o condutor, sem sucesso.<\/p>\n<p>As portas permaneceram bloqueadas, e o condutor acabou por morrer durante o inc\u00eandio.<\/p>\n<blockquote class=\"tw-align-center twitter-tweet\" data-media-max-width=\"720\">\n<p lang=\"ja\" dir=\"ltr\">\u3010\u901f\u5831\u3011\u4e2d\u56fd\u3067Xiaomi SU7 EV\u304c\u885d\u7a81\u4e8b\u6545\u3002\u706b\u707d\u767a\u751f\u5f8c\u3001\u96fb\u529b\u55aa\u5931\u3067\u30c9\u30a2\u304c\u30ed\u30c3\u30af\u3055\u308c\u3001\u904b\u8ee2\u624b\u304c\u8131\u51fa\u3067\u304d\u305a\u6b7b\u4ea1\u3002\u6551\u52a9\u5931\u6557\u3002Xiaomi\u682a\u4fa1\u306f9%\u4e0b\u843d\u3002EV\u306e\u96fb\u5b50\u30c9\u30a2\u5b89\u5168\u6027\u304c\u518d\u71c3\u3057\u305f\u3002<a target=\"_blank\" href=\"https:\/\/t.co\/hK1neiKDyj\" rel=\"nofollow\">pic.twitter.com\/hK1neiKDyj<\/a><\/p>\n<p>\u2014 NEW\u3010\u4e16\u754c\u30cb\u30e5\u30fc\u30b9\u3011 (@sutoroveli_news) <a target=\"_blank\" href=\"https:\/\/twitter.com\/sutoroveli_news\/status\/1978055180945109112?ref_src=twsrc%5Etfw\" rel=\"nofollow noopener\">October 14, 2025<\/a><\/p>\n<\/blockquote>\n<p>Recorde-se que, no incidente anterior envolvendo um SU7 na China, <a target=\"_blank\" href=\"https:\/\/pplware.sapo.pt\/tag\/puxadores-das-portas\/\" rel=\"nofollow noopener\">ocorrido em mar\u00e7o passado<\/a>, o sistema de puxadores el\u00e9tricos tinha sido apontado como poss\u00edvel respons\u00e1vel.<\/p>\n<p>Desta vez, por\u00e9m, as fotos da carca\u00e7a mostram que as <strong>portas ficaram profundamente deformadas<\/strong> com o impacto da colis\u00e3o, o que tenderia a ilibar o sistema el\u00e9trico da impossibilidade de abrir as portas e retirar o condutor do habit\u00e1culo.<\/p>\n<p>Ainda assim, o mercado reagiu muito mal a este acidente: as a\u00e7\u00f5es da Xiaomi ca\u00edram cerca de 10% ap\u00f3s o an\u00fancio do mesmo, atingindo o valor mais baixo dos \u00faltimos cinco meses.<\/p>\n<p>\t\t\t\t\t\t<script async src=\"https:\/\/platform.twitter.com\/widgets.js\" charset=\"utf-8\"><\/script><\/p>\n","protected":false},"excerpt":{"rendered":"O primeiro ve\u00edculo el\u00e9trico alguma vez produzido pela Xiaomi, o SU7, est\u00e1 no centro de um novo acidente&hellip;\n","protected":false},"author":2,"featured_media":111944,"comment_status":"","ping_status":"","sticky":false,"template":"","format":"standard","meta":{"footnotes":""},"categories":[83],"tags":[88,89,90,32,33,19000,2364],"class_list":{"0":"post-111943","1":"post","2":"type-post","3":"status-publish","4":"format-standard","5":"has-post-thumbnail","7":"category-empresas","8":"tag-business","9":"tag-economy","10":"tag-empresas","11":"tag-portugal","12":"tag-pt","13":"tag-puxadores-das-portas","14":"tag-xiaomi-su7"},"share_on_mastodon":{"url":"","error":""},"_links":{"self":[{"href":"https:\/\/www.europesays.com\/pt\/wp-json\/wp\/v2\/posts\/111943","targetHints":{"allow":["GET"]}}],"collection":[{"href":"https:\/\/www.europesays.com\/pt\/wp-json\/wp\/v2\/posts"}],"about":[{"href":"https:\/\/www.europesays.com\/pt\/wp-json\/wp\/v2\/types\/post"}],"author":[{"embeddable":true,"href":"https:\/\/www.europesays.com\/pt\/wp-json\/wp\/v2\/users\/2"}],"replies":[{"embeddable":true,"href":"https:\/\/www.europesays.com\/pt\/wp-json\/wp\/v2\/comments?post=111943"}],"version-history":[{"count":0,"href":"https:\/\/www.europesays.com\/pt\/wp-json\/wp\/v2\/posts\/111943\/revisions"}],"wp:featuredmedia":[{"embeddable":true,"href":"https:\/\/www.europesays.com\/pt\/wp-json\/wp\/v2\/media\/111944"}],"wp:attachment":[{"href":"https:\/\/www.europesays.com\/pt\/wp-json\/wp\/v2\/media?parent=111943"}],"wp:term":[{"taxonomy":"category","embeddable":true,"href":"https:\/\/www.europesays.com\/pt\/wp-json\/wp\/v2\/categories?post=111943"},{"taxonomy":"post_tag","embeddable":true,"href":"https:\/\/www.europesays.com\/pt\/wp-json\/wp\/v2\/tags?post=111943"}],"curies":[{"name":"wp","href":"https:\/\/api.w.org\/{rel}","templated":true}]}}