{"id":11195,"date":"2025-08-01T06:18:08","date_gmt":"2025-08-01T06:18:08","guid":{"rendered":"https:\/\/www.europesays.com\/pt\/11195\/"},"modified":"2025-08-01T06:18:08","modified_gmt":"2025-08-01T06:18:08","slug":"trump-impoe-tarifas-ao-canada-apos-apoio-a-palestina","status":"publish","type":"post","link":"https:\/\/www.europesays.com\/pt\/11195\/","title":{"rendered":"Trump Imp\u00f5e Tarifas ao Canad\u00e1 Ap\u00f3s Apoio \u00e0 Palestina"},"content":{"rendered":"<p>Carney enquadrou a decis\u00e3o como uma resposta ao &#8220;sofrimento insuport\u00e1vel&#8221; causado pelas a\u00e7\u00f5es de Israel para impedir a distribui\u00e7\u00e3o de ajuda humanit\u00e1ria em Gaza, \u00e0 viol\u00eancia dos colonos israelitas na Cisjord\u00e2nia e aos planos de anexa\u00e7\u00e3o do territ\u00f3rio palestiniano. &#8220;O Canad\u00e1 est\u00e1 h\u00e1 muito empenhado numa solu\u00e7\u00e3o de dois Estados: um Estado palestiniano independente, vi\u00e1vel e soberano, ao lado de um Estado de Israel em paz e seguran\u00e7a. Durante d\u00e9cadas, esperou-se que este resultado fosse alcan\u00e7ado como parte de um processo de paz&#8221;, explicou Carney. &#8220;Infelizmente, esta abordagem j\u00e1 n\u00e3o \u00e9 alcan\u00e7\u00e1vel&#8221;, acrescentou numa confer\u00eancia de imprensa em Otava.<\/p>\n<p><strong>At\u00e9 ao momento, pelo menos 142 dos 193 pa\u00edses-membros da ONU reconhecem o Estado palestiniano<\/strong>, segundo dados da AFP.<\/p>\n<p>Entre os 27 da Uni\u00e3o Europeia, quatro pa\u00edses j\u00e1 reconheceram o Estado palestiniano &#8211; Espanha, Irlanda, Eslov\u00e9nia e Su\u00e9cia.<\/p>\n<p>A Confer\u00eancia Internacional para a Solu\u00e7\u00e3o de Dois Estados no M\u00e9dio Oriente terminou na ter\u00e7a-feira\u00a0com uma declara\u00e7\u00e3o que apoia &#8220;inabalavelmente&#8221; uma solu\u00e7\u00e3o de dois Estados para o conflito israelo-palestiniano e a guerra em curso em Gaza. \u00a0\u00a0<\/p>\n<p>A &#8220;Declara\u00e7\u00e3o de Nova Iorque&#8221; estabelece um plano por fases para p\u00f4r fim ao conflito de quase oito d\u00e9cadas e a guerra em Gaza, culminando com uma Palestina independente e desmilitarizada, ao lado de Israel, e a eventual integra\u00e7\u00e3o deste pa\u00eds na regi\u00e3o do M\u00e9dio Oriente.<\/p>\n<p><strong>Numa declara\u00e7\u00e3o conjunta assinada no final da confer\u00eancia sobre a solu\u00e7\u00e3o dos dois Estados, nas Na\u00e7\u00f5es Unidas, Portugal admite reconhecer o Estado da Palestina<\/strong> e declara-se empenhado em trabalhar no \u201cdia seguinte\u201d em Gaza.<\/p>\n<p>Pela Europa, assinam a declara\u00e7\u00e3o Andorra, Finl\u00e2ndia, Fran\u00e7a, Isl\u00e2ndia, Irlanda, Luxemburgo, Malta, Noruega, Portugal, San Marino, Eslov\u00e9nia e Espanha.<\/p>\n<p>Com Lusa<\/p>\n","protected":false},"excerpt":{"rendered":"Carney enquadrou a decis\u00e3o como uma resposta ao &#8220;sofrimento insuport\u00e1vel&#8221; causado pelas a\u00e7\u00f5es de Israel para impedir a&hellip;\n","protected":false},"author":2,"featured_media":11196,"comment_status":"","ping_status":"","sticky":false,"template":"","format":"standard","meta":{"footnotes":""},"categories":[50],"tags":[27,28,2965,92,413,15,16,14,25,26,21,22,62,12,13,19,20,431,23,24,717,17,18,29,30,31,63,64,65],"class_list":{"0":"post-11195","1":"post","2":"type-post","3":"status-publish","4":"format-standard","5":"has-post-thumbnail","7":"category-mundo","8":"tag-breaking-news","9":"tag-breakingnews","10":"tag-canada","11":"tag-donald-trump","12":"tag-eua","13":"tag-featured-news","14":"tag-featurednews","15":"tag-headlines","16":"tag-latest-news","17":"tag-latestnews","18":"tag-main-news","19":"tag-mainnews","20":"tag-mundo","21":"tag-news","22":"tag-noticias","23":"tag-noticias-principais","24":"tag-noticiasprincipais","25":"tag-palestina","26":"tag-principais-noticias","27":"tag-principaisnoticias","28":"tag-tarifas","29":"tag-top-stories","30":"tag-topstories","31":"tag-ultimas","32":"tag-ultimas-noticias","33":"tag-ultimasnoticias","34":"tag-world","35":"tag-world-news","36":"tag-worldnews"},"share_on_mastodon":{"url":"","error":""},"_links":{"self":[{"href":"https:\/\/www.europesays.com\/pt\/wp-json\/wp\/v2\/posts\/11195","targetHints":{"allow":["GET"]}}],"collection":[{"href":"https:\/\/www.europesays.com\/pt\/wp-json\/wp\/v2\/posts"}],"about":[{"href":"https:\/\/www.europesays.com\/pt\/wp-json\/wp\/v2\/types\/post"}],"author":[{"embeddable":true,"href":"https:\/\/www.europesays.com\/pt\/wp-json\/wp\/v2\/users\/2"}],"replies":[{"embeddable":true,"href":"https:\/\/www.europesays.com\/pt\/wp-json\/wp\/v2\/comments?post=11195"}],"version-history":[{"count":0,"href":"https:\/\/www.europesays.com\/pt\/wp-json\/wp\/v2\/posts\/11195\/revisions"}],"wp:featuredmedia":[{"embeddable":true,"href":"https:\/\/www.europesays.com\/pt\/wp-json\/wp\/v2\/media\/11196"}],"wp:attachment":[{"href":"https:\/\/www.europesays.com\/pt\/wp-json\/wp\/v2\/media?parent=11195"}],"wp:term":[{"taxonomy":"category","embeddable":true,"href":"https:\/\/www.europesays.com\/pt\/wp-json\/wp\/v2\/categories?post=11195"},{"taxonomy":"post_tag","embeddable":true,"href":"https:\/\/www.europesays.com\/pt\/wp-json\/wp\/v2\/tags?post=11195"}],"curies":[{"name":"wp","href":"https:\/\/api.w.org\/{rel}","templated":true}]}}