{"id":111953,"date":"2025-10-15T16:12:10","date_gmt":"2025-10-15T16:12:10","guid":{"rendered":"https:\/\/www.europesays.com\/pt\/111953\/"},"modified":"2025-10-15T16:12:10","modified_gmt":"2025-10-15T16:12:10","slug":"bruno-simao-e-ana-cristina-frente-a-frente-criticas-acusacoes-e-justificacoes-secret-story","status":"publish","type":"post","link":"https:\/\/www.europesays.com\/pt\/111953\/","title":{"rendered":"Bruno Sim\u00e3o e Ana Cristina frente a frente: cr\u00edticas, acusa\u00e7\u00f5es e justifica\u00e7\u00f5es &#8211; Secret Story"},"content":{"rendered":"<p>No Secret Story 9, os concorrentes participaram numa din\u00e2mica em que foram desafiados a responder perguntas que h\u00e1 muito guardavam. Ana Cristina pergunta a Bruno Sim\u00e3o porque \u00e9 que a critica constantemente e deu o exemplo do epis\u00f3dio em que defendeu Marisa Susana. O concorrente justificou-se e disse que a colega \u00e9 incoerente. No final os concorrentes acabaram por se enfrentar numa troca de argumentos sem fim.\u00a0<\/p>\n<p><strong>J\u00e1 pode votar para salvar o seu concorrente favorito:<\/strong><\/p>\n<p><strong>ANA CRISTINA \u2013 761 20 20 02<br \/>BRUNA \u2013 761 20 20 03<br \/>DYLAN \u2013 761 20 20 07<br \/>JOANA \u2013 761 20 20 11<br \/>MARISA SUSANA \u2013 761 20 20 17<\/strong><\/p>\n<p><a href=\"https:\/\/tvi.iol.pt\/secretstory\/aominuto\" target=\"_blank\" wbo-id=\"32\" rel=\"nofollow noopener\">Acompanhe tudo ao minuto<\/a><\/p>\n","protected":false},"excerpt":{"rendered":"No Secret Story 9, os concorrentes participaram numa din\u00e2mica em que foram desafiados a responder perguntas que h\u00e1&hellip;\n","protected":false},"author":2,"featured_media":111954,"comment_status":"","ping_status":"","sticky":false,"template":"","format":"standard","meta":{"footnotes":""},"categories":[142],"tags":[19725,19139,114,115,19033,19034,32,33,151,19032],"class_list":{"0":"post-111953","1":"post","2":"type-post","3":"status-publish","4":"format-standard","5":"has-post-thumbnail","7":"category-tv","8":"tag-ana-cristina","9":"tag-bruno-simao","10":"tag-entertainment","11":"tag-entretenimento","12":"tag-galas-em-video","13":"tag-melhores-momentos-casa-dos-segredos","14":"tag-portugal","15":"tag-pt","16":"tag-tv","17":"tag-videos-secret-story-tvi"},"share_on_mastodon":{"url":"","error":""},"_links":{"self":[{"href":"https:\/\/www.europesays.com\/pt\/wp-json\/wp\/v2\/posts\/111953","targetHints":{"allow":["GET"]}}],"collection":[{"href":"https:\/\/www.europesays.com\/pt\/wp-json\/wp\/v2\/posts"}],"about":[{"href":"https:\/\/www.europesays.com\/pt\/wp-json\/wp\/v2\/types\/post"}],"author":[{"embeddable":true,"href":"https:\/\/www.europesays.com\/pt\/wp-json\/wp\/v2\/users\/2"}],"replies":[{"embeddable":true,"href":"https:\/\/www.europesays.com\/pt\/wp-json\/wp\/v2\/comments?post=111953"}],"version-history":[{"count":0,"href":"https:\/\/www.europesays.com\/pt\/wp-json\/wp\/v2\/posts\/111953\/revisions"}],"wp:featuredmedia":[{"embeddable":true,"href":"https:\/\/www.europesays.com\/pt\/wp-json\/wp\/v2\/media\/111954"}],"wp:attachment":[{"href":"https:\/\/www.europesays.com\/pt\/wp-json\/wp\/v2\/media?parent=111953"}],"wp:term":[{"taxonomy":"category","embeddable":true,"href":"https:\/\/www.europesays.com\/pt\/wp-json\/wp\/v2\/categories?post=111953"},{"taxonomy":"post_tag","embeddable":true,"href":"https:\/\/www.europesays.com\/pt\/wp-json\/wp\/v2\/tags?post=111953"}],"curies":[{"name":"wp","href":"https:\/\/api.w.org\/{rel}","templated":true}]}}